{"id":422743,"date":"2025-09-28T02:17:30","date_gmt":"2025-09-28T02:17:30","guid":{"rendered":"https:\/\/www.europesays.com\/fr\/422743\/"},"modified":"2025-09-28T02:17:30","modified_gmt":"2025-09-28T02:17:30","slug":"la-mairie-met-fin-a-lentretien-des-abris-pour-oiseaux-dans-les-parcs-publics","status":"publish","type":"post","link":"https:\/\/www.europesays.com\/fr\/422743\/","title":{"rendered":"la mairie met fin \u00e0 l\u2019entretien des abris pour oiseaux dans les parcs publics"},"content":{"rendered":"<p>Depuis l\u2019\u00e9lection de Pierre Hurmic (EELV) \u00e0 la t\u00eate de la mairie de Bordeaux en 2020, la politique de protection de la biodiversit\u00e9 a pris un nouveau tournant. Parmi les choix qui font d\u00e9bat figure la d\u00e9cision de ne plus assurer l\u2019entretien des 240 nichoirs install\u00e9s dans les parcs de la ville il y a une quinzaine d\u2019ann\u00e9es, sous l\u2019impulsion de l\u2019ancien maire Alain Jupp\u00e9 (LR).<\/p>\n<p><strong>\u00c0 l\u2019\u00e9poque, ces petites cabanes avaient rencontr\u00e9 un r\u00e9el succ\u00e8s : d\u00e8s leur installation en 2010, pr\u00e8s de 60 % \u00e9taient occup\u00e9es par diff\u00e9rentes esp\u00e8ces d\u2019oiseaux<\/strong>, selon les chiffres recueillis par la Ligue de protection des oiseaux (LPO). Pour son repr\u00e9sentant local, Jean-Pierre Gans, ces \u00e9quipements repr\u00e9sentaient \u00ab un vrai plus \u00bb pour la faune urbaine. Toutefois, la mairie estime que ces dispositifs ne sont pas indispensables pour obtenir le label \u00ab Refuge LPO \u00bb, qui se contente de garantir aux oiseaux nourriture et abri naturel. <strong>Les dix parcs d\u00e9j\u00e0 class\u00e9s ont conserv\u00e9 leur statut et cinq jardins suppl\u00e9mentaires ont m\u00eame obtenu ce label depuis 2020.<\/strong><\/p>\n<p><img fetchpriority=\"high\" decoding=\"async\" width=\"1024\" height=\"589\" src=\"https:\/\/www.europesays.com\/fr\/wp-content\/uploads\/2025\/09\/abri-oiseau-bordeaux-1024x589.jpg\" alt=\"\" class=\"wp-image-84073\"  \/>Depuis l\u2019\u00e9lection de Pierre Hurmic (EELV) \u00e0 la t\u00eate de la mairie de Bordeaux en 2020, la politique de protection de la biodiversit\u00e9 a pris un nouveau tournant.<\/p>\n<p>Des nichoirs laiss\u00e9s \u00e0 l\u2019abandon<\/p>\n<p><strong>Le probl\u00e8me est que ces abris doivent \u00eatre nettoy\u00e9s chaque ann\u00e9e pour \u00eatre \u00e0 nouveau utilisables.<\/strong> Or, cette maintenance a cess\u00e9 d\u00e8s 2021. R\u00e9sultat : nombre de cabanes se retrouvent aujourd\u2019hui ab\u00eem\u00e9es, bancales ou m\u00eame renvers\u00e9es, incapables d\u2019accueillir des nids. \u00ab Certains sont inond\u00e9s \u00e0 chaque pluie \u00bb, d\u00e9plore Jean-Pierre Gans \u00e0 nos confr\u00e8res du Figaro. Selon lui, leur entretien mobilisait autrefois deux agents sp\u00e9cialis\u00e9s pendant deux semaines par an. La mairie, de son c\u00f4t\u00e9, ne confirme pas ces chiffres, expliquant ne pas disposer d\u2019une ligne budg\u00e9taire pr\u00e9cise pour ce poste.<\/p>\n<p>Des choix financiers assum\u00e9s<\/p>\n<p>Face aux critiques, l\u2019\u00e9quipe municipale assume sa strat\u00e9gie. \u00ab Nous n\u2019avons pas un budget illimit\u00e9 \u00bb, souligne Didier Jeanjean, adjoint au maire charg\u00e9 de la nature en ville. La mairie affirme avoir discut\u00e9 avec la LPO pour identifier les actions les plus efficaces. Selon elle, maintenir des nichoirs dans les parcs n\u2019est pas prioritaire : <strong>les oiseaux y trouvent g\u00e9n\u00e9ralement de quoi installer leurs nids naturellement.<\/strong> L\u2019urgence se situerait plut\u00f4t dans les quartiers denses, les zones r\u00e9sidentielles ou les cit\u00e9s, o\u00f9 la v\u00e9g\u00e9tation est rare et o\u00f9 les oiseaux peinent \u00e0 s\u2019implanter.<\/p>\n<p>Miser sur l\u2019implication des habitants<\/p>\n<p><img loading=\"lazy\" decoding=\"async\" width=\"1024\" height=\"682\" src=\"https:\/\/www.europesays.com\/fr\/wp-content\/uploads\/2025\/09\/abris-oiseaux-bordeaux-1024x682.png\" alt=\"\" class=\"wp-image-84074\"  \/><strong>La municipalit\u00e9 souhaite d\u00e9sormais impliquer davantage les particuliers. <\/strong>Les Bordelais sont invit\u00e9s \u00e0 installer des nichoirs ou \u00e0 transformer leur jardin et m\u00eame leur balcon en \u00ab Refuge LPO \u00bb. <\/p>\n<p><strong>La municipalit\u00e9 souhaite d\u00e9sormais impliquer davantage les particuliers. <\/strong>Les Bordelais sont invit\u00e9s \u00e0 installer des nichoirs ou \u00e0 transformer leur jardin et m\u00eame leur balcon en \u00ab Refuge LPO \u00bb. Pour les inciter, la mairie rembourse 75 % du prix d\u2019un kit vendu moins de 10 euros. L\u2019initiative se veut simple et accessible. Pour Jean-Pierre Gans, si de nombreux habitants s\u2019engagent dans cette d\u00e9marche, ce serait \u00ab une excellente nouvelle \u00bb pour la biodiversit\u00e9 locale.<\/p>\n<p>Une politique sous contraintes<\/p>\n<p>En filigrane, la d\u00e9cision r\u00e9v\u00e8le une difficult\u00e9 classique des politiques publiques : arbitrer entre l\u2019id\u00e9al \u00e9cologique et la r\u00e9alit\u00e9 budg\u00e9taire. La mairie reconna\u00eet volontiers que, dans un monde parfait, elle aurait pr\u00e9f\u00e9r\u00e9 continuer \u00e0 entretenir les nichoirs des parcs tout en encourageant les particuliers. <strong>Mais dans un contexte de moyens limit\u00e9s, elle a privil\u00e9gi\u00e9 une action jug\u00e9e plus \u00e9quitable, en ciblant les zones o\u00f9 la nature est la plus absente.<\/strong><\/p>\n<p>Ainsi, Bordeaux illustre un dilemme auquel de nombreuses villes sont confront\u00e9es : comment concilier contraintes financi\u00e8res et ambitions \u00e9cologiques, tout en pr\u00e9servant la biodiversit\u00e9 au c\u0153ur de l\u2019espace urbain ? Ce sera aux habitants de se faire leur propre opinion.<\/p>\n<p>A lire aussi : <a href=\"https:\/\/www.bougerabordeaux.com\/actu\/marera-golf-cup-2025-sport-et-solidarite-pour-lhopital-des-enfants-de-bordeaux\/\" rel=\"nofollow noopener\" target=\"_blank\">MAR\u00c9RA GOLF CUP 2025 : sport et solidarit\u00e9 pour l\u2019H\u00f4pital des Enfants de Bordeaux<\/a><\/p>\n","protected":false},"excerpt":{"rendered":"Depuis l\u2019\u00e9lection de Pierre Hurmic (EELV) \u00e0 la t\u00eate de la mairie de Bordeaux en 2020, la politique&hellip;\n","protected":false},"author":2,"featured_media":422744,"comment_status":"","ping_status":"","sticky":false,"template":"","format":"standard","meta":{"footnotes":""},"categories":[2817],"tags":[1111,11,1997,1777,674,1011,27,12,2219,25],"class_list":{"0":"post-422743","1":"post","2":"type-post","3":"status-publish","4":"format-standard","5":"has-post-thumbnail","7":"category-bordeaux","8":"tag-actu","9":"tag-actualites","10":"tag-bordeaux","11":"tag-eu","12":"tag-europe","13":"tag-fr","14":"tag-france","15":"tag-news","16":"tag-nouvelle-aquitaine","17":"tag-republique-francaise"},"share_on_mastodon":{"url":"https:\/\/pubeurope.com\/@fr\/115279524393403653","error":""},"_links":{"self":[{"href":"https:\/\/www.europesays.com\/fr\/wp-json\/wp\/v2\/posts\/422743","targetHints":{"allow":["GET"]}}],"collection":[{"href":"https:\/\/www.europesays.com\/fr\/wp-json\/wp\/v2\/posts"}],"about":[{"href":"https:\/\/www.europesays.com\/fr\/wp-json\/wp\/v2\/types\/post"}],"author":[{"embeddable":true,"href":"https:\/\/www.europesays.com\/fr\/wp-json\/wp\/v2\/users\/2"}],"replies":[{"embeddable":true,"href":"https:\/\/www.europesays.com\/fr\/wp-json\/wp\/v2\/comments?post=422743"}],"version-history":[{"count":0,"href":"https:\/\/www.europesays.com\/fr\/wp-json\/wp\/v2\/posts\/422743\/revisions"}],"wp:featuredmedia":[{"embeddable":true,"href":"https:\/\/www.europesays.com\/fr\/wp-json\/wp\/v2\/media\/422744"}],"wp:attachment":[{"href":"https:\/\/www.europesays.com\/fr\/wp-json\/wp\/v2\/media?parent=422743"}],"wp:term":[{"taxonomy":"category","embeddable":true,"href":"https:\/\/www.europesays.com\/fr\/wp-json\/wp\/v2\/categories?post=422743"},{"taxonomy":"post_tag","embeddable":true,"href":"https:\/\/www.europesays.com\/fr\/wp-json\/wp\/v2\/tags?post=422743"}],"curies":[{"name":"wp","href":"https:\/\/api.w.org\/{rel}","templated":true}]}}