{"id":422753,"date":"2025-09-28T02:23:10","date_gmt":"2025-09-28T02:23:10","guid":{"rendered":"https:\/\/www.europesays.com\/fr\/422753\/"},"modified":"2025-09-28T02:23:10","modified_gmt":"2025-09-28T02:23:10","slug":"a-marseille-les-lieux-culturels-de-lestaque-se-reconstruisent-apres-incendies-et-inondations","status":"publish","type":"post","link":"https:\/\/www.europesays.com\/fr\/422753\/","title":{"rendered":"\u00e0 Marseille, les lieux culturels de l\u2019Estaque se reconstruisent apr\u00e8s incendies et inondations"},"content":{"rendered":"<p>Au P\u00f4le Nord, lieu culturel qui abrite la troupe de th\u00e9\u00e2tre l\u2019Agence de voyages imaginaires derri\u00e8re la gare de l\u2019Estaque, les traces de boue encore humides couvrent des plafonds d\u00e9j\u00e0 noircis par les flammes. Apr\u00e8s <a href=\"https:\/\/www.laprovence.com\/article\/faits-divers-justice\/4170039030732614\/direct-laprovence-direct-incendie-a-marseille-tunnels-et-a55-fermes-trains-perturbes-feu-non-fixe-le-point-sur-la-situation\" target=\"_blank\" rel=\"noopener\">les incendies du 8\u00a0juillet <\/a>et <a href=\"https:\/\/www.laprovence.com\/article\/region\/18850786847381\/inondations-liees-aux-fortes-pluies-ces-marseillais-qui-vivent-les-pieds-dans-l-eau\" target=\"_blank\" rel=\"noopener\">les pluies diluviennes du week-end dernier,<\/a> le QG de la compagnie est d\u00e9vast\u00e9, ses 750\u00a0m\u00b2 menacent de s\u2019effondrer. Dans la salle de r\u00e9p\u00e9tition, la troupe s\u2019active \u00e0 reboucher les fissures, nettoyer la terre incrust\u00e9e dans le sol et \u00e0 tout r\u00e9curer. \u00ab\u00a0C\u2019est la double peine\u00a0! On cherche des solutions dans l\u2019urgence, mais on vit au jour le jour. On avait \u00e0 peine sorti la t\u00eate de l\u2019eau qu\u2019on doit tout recommencer\u00a0\u00bb, se d\u00e9courage Romane Courtin,<strong> <\/strong>charg\u00e9e de d\u00e9veloppement pour la structure.<\/p>\n<p>Les d\u00e9g\u00e2ts sont innombrables \u00e0 constater\u00a0: d\u00e9cors et costumes endommag\u00e9s, documents d\u2019archives imbib\u00e9s d\u2019eau\u2026 Tout est ab\u00eem\u00e9 dans ce haut-lieu culturel qui ne peut plus rien programmer.<\/p>\n<p>La solidarit\u00e9 entre habitants du quartier et lieux culturels marseillais<\/p>\n<p>Depuis\u00a02012, l\u2019Agence de voyages imaginaires fait non seulement tourner ses cr\u00e9ations, mais accueille ici des compagnies en r\u00e9sidence et organise des ateliers de th\u00e9\u00e2tre pour les habitants du quartier. Entre deux &#8230;<\/p>\n","protected":false},"excerpt":{"rendered":"Au P\u00f4le Nord, lieu culturel qui abrite la troupe de th\u00e9\u00e2tre l\u2019Agence de voyages imaginaires derri\u00e8re la gare&hellip;\n","protected":false},"author":2,"featured_media":422754,"comment_status":"","ping_status":"","sticky":false,"template":"","format":"standard","meta":{"footnotes":""},"categories":[2814],"tags":[17,1111,11,150,19354,1777,674,1011,27,10853,151,9692,884,12,882,15318,25,104],"class_list":{"0":"post-422753","1":"post","2":"type-post","3":"status-publish","4":"format-standard","5":"has-post-thumbnail","7":"category-marseille","8":"tag-17","9":"tag-actu","10":"tag-actualites","11":"tag-apres","12":"tag-culturels","13":"tag-eu","14":"tag-europe","15":"tag-fr","16":"tag-france","17":"tag-lestaque","18":"tag-les","19":"tag-lieux","20":"tag-marseille","21":"tag-news","22":"tag-provence-alpes-cote-dazur","23":"tag-reconstruisent","24":"tag-republique-francaise","25":"tag-societe"},"share_on_mastodon":{"url":"https:\/\/pubeurope.com\/@fr\/115279547795556548","error":""},"_links":{"self":[{"href":"https:\/\/www.europesays.com\/fr\/wp-json\/wp\/v2\/posts\/422753","targetHints":{"allow":["GET"]}}],"collection":[{"href":"https:\/\/www.europesays.com\/fr\/wp-json\/wp\/v2\/posts"}],"about":[{"href":"https:\/\/www.europesays.com\/fr\/wp-json\/wp\/v2\/types\/post"}],"author":[{"embeddable":true,"href":"https:\/\/www.europesays.com\/fr\/wp-json\/wp\/v2\/users\/2"}],"replies":[{"embeddable":true,"href":"https:\/\/www.europesays.com\/fr\/wp-json\/wp\/v2\/comments?post=422753"}],"version-history":[{"count":0,"href":"https:\/\/www.europesays.com\/fr\/wp-json\/wp\/v2\/posts\/422753\/revisions"}],"wp:featuredmedia":[{"embeddable":true,"href":"https:\/\/www.europesays.com\/fr\/wp-json\/wp\/v2\/media\/422754"}],"wp:attachment":[{"href":"https:\/\/www.europesays.com\/fr\/wp-json\/wp\/v2\/media?parent=422753"}],"wp:term":[{"taxonomy":"category","embeddable":true,"href":"https:\/\/www.europesays.com\/fr\/wp-json\/wp\/v2\/categories?post=422753"},{"taxonomy":"post_tag","embeddable":true,"href":"https:\/\/www.europesays.com\/fr\/wp-json\/wp\/v2\/tags?post=422753"}],"curies":[{"name":"wp","href":"https:\/\/api.w.org\/{rel}","templated":true}]}}