{"id":422757,"date":"2025-09-28T02:25:22","date_gmt":"2025-09-28T02:25:22","guid":{"rendered":"https:\/\/www.europesays.com\/fr\/422757\/"},"modified":"2025-09-28T02:25:22","modified_gmt":"2025-09-28T02:25:22","slug":"apres-le-premier-meeting-de-jean-michel-aulas-a-lyon-le-pcf-denonce-des-valeurs-reactionnaires-et-trumpistes","status":"publish","type":"post","link":"https:\/\/www.europesays.com\/fr\/422757\/","title":{"rendered":"Apr\u00e8s le premier meeting de Jean-Michel Aulas \u00e0 Lyon, le PCF d\u00e9nonce des \u00ab\u00a0valeurs r\u00e9actionnaires et trumpistes\u00a0\u00bb"},"content":{"rendered":"<p itemprop=\"description\"><strong>\u00ab\u00a0Trumpisme\u00a0\u00bb : le nouveau gros mot de l\u2019opposition de gauche \u00e0 Lyon.<\/strong><\/p>\n<p>La virulence du communiqu\u00e9 communiste en dit long : \u00e0 gauche, on ne cache pas la crainte que la candidature de Jean-Michel Aulas vienne bouleverser le jeu politique lyonnais.<\/p>\n<p>Au lendemain du premier grand meeting de Jean-Michel Aulas, organis\u00e9 vendredi soir au H7 devant plus de 600 personnes, le Parti communiste fran\u00e7ais a publi\u00e9 un communiqu\u00e9 d\u00e9non\u00e7ant la candidature de l\u2019ancien pr\u00e9sident de l\u2019OL \u00e0 la mairie de Lyon.<\/p>\n<p>\u00ab\u00a0Entre deux articles de presse m\u00ealant affaires judiciaires locales et nationales, la droite Lyonnaise s\u2019engage au c\u00f4t\u00e9 du multimillionnaire Jean-Michel Aulas pour les prochaines \u00e9lections municipales de 2026\u00a0\u00bb, \u00e9crit Augustin Pesche, chef de file du PCF \u00e0 Lyon.<\/p>\n<p>Le PCF rappelle des alliances pass\u00e9es, comme celle de G\u00e9rard Collomb avec Laurent Wauquiez en 2020 ou le parrainage d\u2019\u00c9tienne Blanc \u00e0 \u00c9ric Zemmour en 2022, avant de cibler directement le nouveau candidat. \u00ab\u00a0Faussement de la soci\u00e9t\u00e9 civile, Monsieur Aulas est le candidat du capital et ses prises de position sont tr\u00e8s politiques. Entre diverses fake news, c\u2019est surtout un d\u00e9sint\u00e9r\u00eat \u00e9vident pour le quotidien des Lyonnaises et des Lyonnais qui dominent.\u00a0\u00bb<\/p>\n<p>Le PCF estime que \u00ab\u00a0les Lyonnaises et les Lyonnais m\u00e9ritent mieux qu\u2019une mascotte et des slogans creux masquant un projet politique aux valeurs r\u00e9actionnaires et trumpistes\u00a0\u00bb, d\u00e9fendant un projet \u00ab\u00a0ambitieux\u00a0\u00bb bas\u00e9 sur les services publics, les mobilit\u00e9s durables et le respect des droits humains.<\/p>\n<p>Pour rappel Gr\u00e9gory Doucet et Bruno Bernard l\u2019avaient d\u00e9j\u00e0 utilis\u00e9 pour qualifier l&rsquo;ancien pr\u00e9sident de l&rsquo;OL. Dans\u00a0<a href=\"https:\/\/www.lyonmag.com\/article\/146929\/il-fait-du-trumpisme-bruno-bernard-et-gregory-doucet-en-une-du-point-a-lyon-pour-detruire-jean-michel-aulas\" target=\"_blank\" rel=\"noopener\">Le Point<\/a>, les deux \u00e9lus \u00e9cologistes d\u00e9crivaient encore r\u00e9cemment Jean-Michel Aulas comme le candidat d\u2019une \u00ab\u00a0droite de plus en plus proche de l\u2019extr\u00eame-droite\u00a0\u00bb: \u00ab\u00a0Il fait du trumpisme, il d\u00e9grade le d\u00e9bat public.\u00a0\u00bb Un mot cens\u00e9 effrayer, mais dont l\u2019usage interroge, alors m\u00eame que Donald Trump vient d\u2019\u00eatre r\u00e9\u00e9lu aux \u00c9tats-Unis.<\/p>\n","protected":false},"excerpt":{"rendered":"\u00ab\u00a0Trumpisme\u00a0\u00bb : le nouveau gros mot de l\u2019opposition de gauche \u00e0 Lyon. La virulence du communiqu\u00e9 communiste en&hellip;\n","protected":false},"author":2,"featured_media":422758,"comment_status":"","ping_status":"","sticky":false,"template":"","format":"standard","meta":{"footnotes":""},"categories":[1889],"tags":[1111,11,2813,2190,2430,1109,251,1112,2811,1777,674,118,1011,27,1922,1110,1114,2428,2810,12,241,316,25,2812,517,800],"class_list":{"0":"post-422757","1":"post","2":"type-post","3":"status-publish","4":"format-standard","5":"has-post-thumbnail","7":"category-lyon","8":"tag-actu","9":"tag-actualites","10":"tag-article","11":"tag-asvel","12":"tag-auvergne-rhone-alpes","13":"tag-breves","14":"tag-culture","15":"tag-depeches","16":"tag-economique","17":"tag-eu","18":"tag-europe","19":"tag-faits-divers","20":"tag-fr","21":"tag-france","22":"tag-info","23":"tag-informations","24":"tag-infos","25":"tag-lyon","26":"tag-lyonmag","27":"tag-news","28":"tag-ol","29":"tag-politique","30":"tag-republique-francaise","31":"tag-sociale","32":"tag-sport","33":"tag-transports"},"share_on_mastodon":{"url":"https:\/\/pubeurope.com\/@fr\/115279555701195244","error":""},"_links":{"self":[{"href":"https:\/\/www.europesays.com\/fr\/wp-json\/wp\/v2\/posts\/422757","targetHints":{"allow":["GET"]}}],"collection":[{"href":"https:\/\/www.europesays.com\/fr\/wp-json\/wp\/v2\/posts"}],"about":[{"href":"https:\/\/www.europesays.com\/fr\/wp-json\/wp\/v2\/types\/post"}],"author":[{"embeddable":true,"href":"https:\/\/www.europesays.com\/fr\/wp-json\/wp\/v2\/users\/2"}],"replies":[{"embeddable":true,"href":"https:\/\/www.europesays.com\/fr\/wp-json\/wp\/v2\/comments?post=422757"}],"version-history":[{"count":0,"href":"https:\/\/www.europesays.com\/fr\/wp-json\/wp\/v2\/posts\/422757\/revisions"}],"wp:featuredmedia":[{"embeddable":true,"href":"https:\/\/www.europesays.com\/fr\/wp-json\/wp\/v2\/media\/422758"}],"wp:attachment":[{"href":"https:\/\/www.europesays.com\/fr\/wp-json\/wp\/v2\/media?parent=422757"}],"wp:term":[{"taxonomy":"category","embeddable":true,"href":"https:\/\/www.europesays.com\/fr\/wp-json\/wp\/v2\/categories?post=422757"},{"taxonomy":"post_tag","embeddable":true,"href":"https:\/\/www.europesays.com\/fr\/wp-json\/wp\/v2\/tags?post=422757"}],"curies":[{"name":"wp","href":"https:\/\/api.w.org\/{rel}","templated":true}]}}