{"id":422759,"date":"2025-09-28T02:26:13","date_gmt":"2025-09-28T02:26:13","guid":{"rendered":"https:\/\/www.europesays.com\/fr\/422759\/"},"modified":"2025-09-28T02:26:13","modified_gmt":"2025-09-28T02:26:13","slug":"trois-artistes-de-la-biennale-de-lyon-portent-plainte-apres-une-agression-raciste","status":"publish","type":"post","link":"https:\/\/www.europesays.com\/fr\/422759\/","title":{"rendered":"Trois artistes de la Biennale de Lyon portent plainte apr\u00e8s une \u00ab\u00a0agression raciste\u00a0\u00bb"},"content":{"rendered":"<p>Trois artistes de la Biennale de la danse de Lyon ont \u00e9t\u00e9 victimes d\u2019une \u00ab\u00a0agression raciste\u00a0\u00bb dans la soir\u00e9e de vendredi, ont indiqu\u00e9 samedi les organisateurs de l\u2019\u00e9v\u00e9nement, un acte condamn\u00e9 par la Ville de Lyon qui leur a apport\u00e9 son \u00ab\u00a0soutien\u00a0\u00bb.<\/p>\n<p>Vendredi soir, <strong>\u00ab\u00a0Doroth\u00e9e Munyaneza, Ben LaMar Gay et Julian Knxx, trois artistes invit\u00e9s de la Biennale de la danse, du Centre Pompidou et de la Villa Gillet, ont \u00e9t\u00e9 victimes d\u2019une agression raciste \u00e0 la Croix-Rousse. Heureusement, les trois artistes sont hors de danger\u00a0\u00bb<\/strong>, explique la Biennale dans un communiqu\u00e9 sur son site.<\/p>\n<p>Selon une source proche du dossier, une plainte a \u00e9t\u00e9 d\u00e9pos\u00e9e. Les faits se sont d\u00e9roul\u00e9s apr\u00e8s 23H00 devant un bar. Les victimes ont \u00e9t\u00e9 agress\u00e9es verbalement et ont re\u00e7u des coups au moins pour l\u2019une d\u2019entre elles qui a re\u00e7u 2\u00a0jours d\u2019ITT, sans n\u00e9cessiter d\u2019hospitalisation, selon cette m\u00eame source. Les trois artistes ont tenu \u00e0 jouer samedi soir, comme pr\u00e9vu dans le programme.<\/p>\n<p><strong>\u00ab\u00a0Nous condamnons avec la plus grande fermet\u00e9 cette violence insupportable, qui nous choque profond\u00e9ment et nous rappelle combien le racisme continue de traverser et de blesser notre soci\u00e9t\u00e9\u00a0\u00bb<\/strong>, \u00e9crivent La Biennale de Lyon, le Centre Pompidou et la Villa Gillet dans un communiqu\u00e9 commun, apportant leur <strong>\u00ab\u00a0solidarit\u00e9 absolue avec les artistes agress\u00e9s, ainsi qu\u2019avec toutes celles et ceux qui subissent encore la haine raciale\u00a0\u00bb.<\/strong><\/p>\n<p>Le maire de Lyon Gr\u00e9gory Doucet a \u00e9galement condamn\u00e9 l\u2019agression et assur\u00e9 les trois artistes de<strong> \u00ab\u00a0(s) on soutien et (s) a solidarit\u00e9.\u00a0\u00bb Lyon puise sa force dans ses valeurs d\u2019humanisme, d\u2019\u00e9galit\u00e9 et de respect. Elle ne c\u00e9dera jamais face au racisme. Face \u00e0 la haine, restons unis\u00a0\u00bb.<\/strong><\/p>\n<p><strong>\u00ab\u00a0Lyon est et restera une terre de culture, d\u2019ouverture et de respect. Le racisme est un poison qui n\u2019a pas sa place dans notre ville\u00a0\u00bb,<\/strong> a aussi r\u00e9agi sur X Jean-Michel Aulas, qui vient de se lancer dans la course aux municipales.<\/p>\n<p>\u00a0<\/p>\n","protected":false},"excerpt":{"rendered":"Trois artistes de la Biennale de la danse de Lyon ont \u00e9t\u00e9 victimes d\u2019une \u00ab\u00a0agression raciste\u00a0\u00bb dans la&hellip;\n","protected":false},"author":2,"featured_media":422760,"comment_status":"","ping_status":"","sticky":false,"template":"","format":"standard","meta":{"footnotes":""},"categories":[1889],"tags":[1111,11,1120,1438,2937,2430,24436,1777,674,1011,27,2428,12,2634,32546,55223,25],"class_list":{"0":"post-422759","1":"post","2":"type-post","3":"status-publish","4":"format-standard","5":"has-post-thumbnail","7":"category-lyon","8":"tag-actu","9":"tag-actualites","10":"tag-agression","11":"tag-angers","12":"tag-artistes","13":"tag-auvergne-rhone-alpes","14":"tag-biennale","15":"tag-eu","16":"tag-europe","17":"tag-fr","18":"tag-france","19":"tag-lyon","20":"tag-news","21":"tag-plainte","22":"tag-portent","23":"tag-raciste","24":"tag-republique-francaise"},"share_on_mastodon":{"url":"https:\/\/pubeurope.com\/@fr\/115279559579629811","error":""},"_links":{"self":[{"href":"https:\/\/www.europesays.com\/fr\/wp-json\/wp\/v2\/posts\/422759","targetHints":{"allow":["GET"]}}],"collection":[{"href":"https:\/\/www.europesays.com\/fr\/wp-json\/wp\/v2\/posts"}],"about":[{"href":"https:\/\/www.europesays.com\/fr\/wp-json\/wp\/v2\/types\/post"}],"author":[{"embeddable":true,"href":"https:\/\/www.europesays.com\/fr\/wp-json\/wp\/v2\/users\/2"}],"replies":[{"embeddable":true,"href":"https:\/\/www.europesays.com\/fr\/wp-json\/wp\/v2\/comments?post=422759"}],"version-history":[{"count":0,"href":"https:\/\/www.europesays.com\/fr\/wp-json\/wp\/v2\/posts\/422759\/revisions"}],"wp:featuredmedia":[{"embeddable":true,"href":"https:\/\/www.europesays.com\/fr\/wp-json\/wp\/v2\/media\/422760"}],"wp:attachment":[{"href":"https:\/\/www.europesays.com\/fr\/wp-json\/wp\/v2\/media?parent=422759"}],"wp:term":[{"taxonomy":"category","embeddable":true,"href":"https:\/\/www.europesays.com\/fr\/wp-json\/wp\/v2\/categories?post=422759"},{"taxonomy":"post_tag","embeddable":true,"href":"https:\/\/www.europesays.com\/fr\/wp-json\/wp\/v2\/tags?post=422759"}],"curies":[{"name":"wp","href":"https:\/\/api.w.org\/{rel}","templated":true}]}}