{"id":422761,"date":"2025-09-28T02:28:49","date_gmt":"2025-09-28T02:28:49","guid":{"rendered":"https:\/\/www.europesays.com\/fr\/422761\/"},"modified":"2025-09-28T02:28:49","modified_gmt":"2025-09-28T02:28:49","slug":"blocage-du-10-septembre-previsions-des-transports-en-ile-de-france","status":"publish","type":"post","link":"https:\/\/www.europesays.com\/fr\/422761\/","title":{"rendered":"Blocage du 10 septembre : pr\u00e9visions des transports en \u00cele-de-France"},"content":{"rendered":"<p><img loading=\"lazy\" decoding=\"async\" alt=\"\u00a9 Shutterstock - Le mouvement de blocage du 10 septembre entra\u00eene une forte perturbation dans les m\u00e9tros, RER et Transiliens d\u2019\u00cele-de-France. Le point sur les pr\u00e9visions.\" data-zoom-src=\"https:\/\/www.europesays.com\/fr\/wp-content\/uploads\/2025\/09\/1759026528_253_initial-metro-paris.jpg\" data-zoomable=\"\" height=\"702\" src=\"https:\/\/www.europesays.com\/fr\/wp-content\/uploads\/2025\/09\/1759026528_253_initial-metro-paris.jpg\" width=\"1248\"\/>  <\/p>\n<p class=\"article-desc\">\u00a9 Shutterstock &#8211; Le mouvement de blocage du 10 septembre entra\u00eene une forte perturbation dans les m\u00e9tros, RER et Transiliens d\u2019\u00cele-de-France. Le point sur les pr\u00e9visions. <\/p>\n<p>La circulation dans les <strong>transports en commun d\u2019\u00cele-de-France<\/strong> s\u2019annonce compliqu\u00e9e demain, mercredi 10 septembre. Un<a href=\"https:\/\/mesinfos.fr\/10-septembre-comment-organiser-la-securite-d-un-mouvement-gazeux-229559.html\" rel=\"noopener nofollow\" target=\"_blank\"> mouvement de blocage national <\/a>va concentrer aussi le<strong> r\u00e9seau francilien<\/strong>. La <strong>SNCF<\/strong> et la<strong> RATP <\/strong>viennent de publier leur pr\u00e9vision de trafic.\u00a0<\/p>\n<p> <img decoding=\"async\" alt=\"\" class=\"img-size-full\" data-zoomable=\"\" height=\"1080\" loading=\"lazy\" src=\"https:\/\/www.europesays.com\/fr\/wp-content\/uploads\/2025\/09\/previsions-dans-les-transports-en-ile-de-france.png\" width=\"1920\"\/> <\/p>\n<p>\u00a9 Affiches Parisiennes &#8211; Pr\u00e9visions dans les transports en \u00cele-de-France pour la journ\u00e9e du 10 septembre. <\/p>\n<p> M\u00e9tro : un trafic largement assur\u00e9 <\/p>\n<p>Dans le<strong> m\u00e9tro parisien,<\/strong> le trafic sera normal sur les lignes 1, 2, 3, 4, 6, 7, 10, 11, 12 et 14. Les lignes 5, 8, 9 et 13 fonctionneront quasiment normalement, avec plus de neuf trains sur dix en circulation. La RATP rappelle toutefois que la ligne 10 fermera \u00e0 22 heures pour travaux, comme pr\u00e9vu depuis plusieurs semaines.<\/p>\n<p> RER : de fortes disparit\u00e9s selon les axes <\/p>\n<ul>\n<li>\n<p>Le <strong>RER A<\/strong> circulera normalement, c\u00f4t\u00e9 RATP comme c\u00f4t\u00e9 SNCF. <\/p>\n<\/li>\n<li>\n<p>En revanche, la <strong>ligne B <\/strong>sera affect\u00e9e : un train sur deux au nord et deux sur trois au sud, mais l\u2019interconnexion sera maintenue \u00e0 Gare du Nord. <\/p>\n<\/li>\n<li>\n<p>Le <strong>RER C<\/strong> fonctionnera \u00e0 moiti\u00e9, avec un train sur deux, tandis que le RER E assurera deux trains sur trois. <\/p>\n<\/li>\n<li>\n<p>La situation est plus tendue sur le<strong> RER D <\/strong>: un train sur trois entre<strong> Creil <\/strong>et <strong>Corbeil<\/strong>, un train sur deux entre<strong> Goussainville<\/strong> et<strong> Melun<\/strong>, et seulement un train sur cinq entre Corbeil et<strong> Malesherbes<\/strong>, limit\u00e9 aux heures de pointe (6h-9h puis 17h-20h). Aucun train ne circulera entre<strong> Juvisy<\/strong> et Melun via<strong> Ris-Orangis<\/strong>, et aucun bus de substitution ne sera mis en place. <\/p>\n<\/li>\n<\/ul>\n<p> Transilien : des lignes tr\u00e8s perturb\u00e9es <\/p>\n<p>Les voyageurs des <strong>lignes de banlieue<\/strong> devront aussi s\u2019armer de patience. Sur la <strong>ligne H<\/strong>, il faudra compter un train sur trois, tandis que les<strong> lignes K<\/strong> et N tourneront \u00e0 la moiti\u00e9 de leur capacit\u00e9. Deux trains sur trois circuleront sur les<strong> lignes J<\/strong> et L, tandis que la<strong> ligne U<\/strong> assurera un train sur deux.<br \/>La <strong>ligne P <\/strong>conna\u00eetra un trafic all\u00e9g\u00e9 : deux trains sur trois vers <strong>La Fert\u00e9-Milon<\/strong> et trois sur quatre vers<strong> Meaux<\/strong> et <strong>Provins<\/strong>. La ligne R ne fonctionnera qu\u2019aux heures de pointe, avec un train sur trois. La <strong>ligne V <\/strong>est la seule \u00e0 afficher un trafic normal. <\/p>\n<p>Bus et tramways moins touch\u00e9s <\/p>\n<p>Les<strong> bus de la RATP<\/strong> devraient circuler quasi normalement, avec en moyenne neuf v\u00e9hicules sur dix en service. Le <strong>r\u00e9seau Noctilien<\/strong> ne sera pas affect\u00e9. C\u00f4t\u00e9 tramways, l\u2019ensemble des lignes, y compris les T12 et T13, devrait fonctionner normalement.<\/p>\n","protected":false},"excerpt":{"rendered":"\u00a9 Shutterstock &#8211; Le mouvement de blocage du 10 septembre entra\u00eene une forte perturbation dans les m\u00e9tros, RER&hellip;\n","protected":false},"author":2,"featured_media":422762,"comment_status":"","ping_status":"","sticky":false,"template":"","format":"standard","meta":{"footnotes":""},"categories":[1592],"tags":[1111,11,1777,674,1011,27,662,12,626,25,800,2216],"class_list":{"0":"post-422761","1":"post","2":"type-post","3":"status-publish","4":"format-standard","5":"has-post-thumbnail","7":"category-ile-de-france","8":"tag-actu","9":"tag-actualites","10":"tag-eu","11":"tag-europe","12":"tag-fr","13":"tag-france","14":"tag-ile-de-france","15":"tag-news","16":"tag-paris","17":"tag-republique-francaise","18":"tag-transports","19":"tag-transports-en-commun"},"share_on_mastodon":{"url":"https:\/\/pubeurope.com\/@fr\/115279571935401020","error":""},"_links":{"self":[{"href":"https:\/\/www.europesays.com\/fr\/wp-json\/wp\/v2\/posts\/422761","targetHints":{"allow":["GET"]}}],"collection":[{"href":"https:\/\/www.europesays.com\/fr\/wp-json\/wp\/v2\/posts"}],"about":[{"href":"https:\/\/www.europesays.com\/fr\/wp-json\/wp\/v2\/types\/post"}],"author":[{"embeddable":true,"href":"https:\/\/www.europesays.com\/fr\/wp-json\/wp\/v2\/users\/2"}],"replies":[{"embeddable":true,"href":"https:\/\/www.europesays.com\/fr\/wp-json\/wp\/v2\/comments?post=422761"}],"version-history":[{"count":0,"href":"https:\/\/www.europesays.com\/fr\/wp-json\/wp\/v2\/posts\/422761\/revisions"}],"wp:featuredmedia":[{"embeddable":true,"href":"https:\/\/www.europesays.com\/fr\/wp-json\/wp\/v2\/media\/422762"}],"wp:attachment":[{"href":"https:\/\/www.europesays.com\/fr\/wp-json\/wp\/v2\/media?parent=422761"}],"wp:term":[{"taxonomy":"category","embeddable":true,"href":"https:\/\/www.europesays.com\/fr\/wp-json\/wp\/v2\/categories?post=422761"},{"taxonomy":"post_tag","embeddable":true,"href":"https:\/\/www.europesays.com\/fr\/wp-json\/wp\/v2\/tags?post=422761"}],"curies":[{"name":"wp","href":"https:\/\/api.w.org\/{rel}","templated":true}]}}