{"id":422763,"date":"2025-09-28T02:29:11","date_gmt":"2025-09-28T02:29:11","guid":{"rendered":"https:\/\/www.europesays.com\/fr\/422763\/"},"modified":"2025-09-28T02:29:11","modified_gmt":"2025-09-28T02:29:11","slug":"michel-barnier-favori-pour-devenir-depute-lr-de-paris-actualites","status":"publish","type":"post","link":"https:\/\/www.europesays.com\/fr\/422763\/","title":{"rendered":"Michel Barnier favori pour devenir d\u00e9put\u00e9 LR de Paris : Actualit\u00e9s"},"content":{"rendered":"<p class=\"lead \">Michel Barnier retrouvera-t-il les bancs de l&rsquo;Assembl\u00e9e? Les Parisiens de la deuxi\u00e8me circonscription de la capitale, r\u00e9put\u00e9e imperdable pour la droite, sont appel\u00e9s aux urnes dimanche pour le second tour d&rsquo;une l\u00e9gislative partielle qui donne l&rsquo;ex-Premier ministre LR largement favori face \u00e0 la socialiste Fr\u00e9d\u00e9rique Bredin.<\/p>\n<p class=\"lead \">Sans surprise, le candidat des R\u00e9publicains, 74 ans, est arriv\u00e9 en t\u00eate du premier tour avec 45% des voix face \u00e0 l&rsquo;ancienne ministre des Sports de Fran\u00e7ois Mitterrand, 68 ans, qui en a recueilli 32%, sur fond de forte abstention.<\/p>\n<p class=\"lead \">Pr\u00e8s de 74% des 75.000 \u00e9lecteurs inscrits avaient boud\u00e9 dimanche dernier les bureaux de vote de cette circonscription des beaux quartiers de la rive gauche qui longe la Seine, du Quartier latin \u00e0 la tour Eiffel, \u00e0 cheval sur les 5e, 6e et 7e arrondissements.<\/p>\n<p class=\"lead \">Beaucoup n&rsquo;avaient m\u00eame pas re\u00e7u les professions de foi des 17 candidats en lice pour ce scrutin provoqu\u00e9 par l&rsquo;invalidation de l&rsquo;\u00e9lection du d\u00e9put\u00e9 macroniste Jean Laussucq pour irr\u00e9gularit\u00e9s dans ses comptes de campagne.<\/p>\n<p class=\"lead \">Michel Barnier a lu dans ce d\u00e9sint\u00e9r\u00eat l&rsquo;expression d'\u00a0\u00bbun m\u00e9contentement, une lassitude, \u00e0 l&rsquo;\u00e9gard de la situation politique nationale actuelle\u00a0\u00bb, alors que le Premier ministre S\u00e9bastien Lecornu est toujours sans gouvernement.<\/p>\n<p class=\"lead \">Celui qui avait fait de la Savoie son fief \u00e9lectoral pendant des ann\u00e9es &#8211; d\u00e9put\u00e9, s\u00e9nateur, pr\u00e9sident de l&rsquo;assembl\u00e9e d\u00e9partementale &#8211; a assur\u00e9 vivre depuis 12 ans \u00e0 Paris pour justifier sa candidature.<\/p>\n<p class=\"lead \">S&rsquo;il l&#8217;emporte, l&rsquo;ancien n\u00e9gociateur du Brexit deviendra le seul d\u00e9put\u00e9 LR de la capitale, dont les 18 circonscriptions sont partag\u00e9es depuis 2022 entre la gauche et les macronistes. <\/p>\n<p class=\"lead \">Le Premier ministre \u00e0 ce jour le plus \u00e9ph\u00e9m\u00e8re de la Ve R\u00e9publique retrouvera alors le Parlement, moins d&rsquo;un an apr\u00e8s y avoir \u00e9t\u00e9 renvers\u00e9 sur les textes budg\u00e9taires.<\/p>\n<p class=\"lead \">\u00ab\u00a0Michel Barnier \u00e9t\u00e9 d\u00e9barqu\u00e9 de Matignon et revient par le biais de cette \u00e9lection pour hanter les couloirs. On ne peut pas laisser faire\u00a0\u00bb, a expliqu\u00e9 Olivier Faure, le patron du PS, \u00e0 des habitants du 5e arrondissement lors d&rsquo;un tractage avec Fr\u00e9d\u00e9rique Bredin, qui elle aussi a connu le palais Bourbon quand elle \u00e9tait d\u00e9put\u00e9e de Seine-Maritime.<\/p>\n<p class=\"lead \">&#8211; Plainte pour diffamation &#8211;<\/p>\n<p class=\"lead \">Durant sa campagne, la candidate \u00e0 la d\u00e9putation a re\u00e7u de nombreux soutiens dont ceux du d\u00e9put\u00e9 europ\u00e9en Rapha\u00ebl Glucksmann, de l&rsquo;ancien Premier ministre Lionel Jospin, de l&rsquo;\u00e9cologiste Yannick Jadot et de l&rsquo;ancien d\u00e9put\u00e9 macroniste de la circonscription entre 2017 et 2024, Gilles Le Gendre.<\/p>\n<p class=\"lead \">La socialiste estime que son concurrent aurait d\u00fb gagner d\u00e8s le 1er tour dans cette circonscription ancr\u00e9e \u00e0 droite et \u00ab\u00a0taill\u00e9e\u00a0\u00bb selon elle pour Fran\u00e7ois Fillon aux l\u00e9gislatives de 2012. \u00ab\u00a0Mais Michel Barnier symbolise l&rsquo;\u00e9chec gouvernemental et les gens en ont assez de cette crise politique permanente\u00a0\u00bb, a cingl\u00e9 la socialiste, qui souligne \u00eatre en t\u00eate dans le 5e arrondissement.<\/p>\n<p class=\"lead \">En 2024, sa suppl\u00e9ante Marine Rosset avait cr\u00e9\u00e9 la surprise aux l\u00e9gislatives en arrivant en t\u00eate du premier tour sous la banni\u00e8re du Nouveau Front populaire.<\/p>\n<p class=\"lead \">Le camp adverse r\u00e9p\u00e8te que Fr\u00e9d\u00e9rique Bredin est \u00ab\u00a0soutenue par LFI\u00a0\u00bb, qui n&rsquo;a pas pr\u00e9sent\u00e9 de candidat. Une all\u00e9gation cat\u00e9goriquement rejet\u00e9e par la premi\u00e8re concern\u00e9e, au point qu&rsquo;elle a d\u00e9pos\u00e9 plainte pour diffamation et \u00ab\u00a0faux accol\u00e9s sur ses panneaux \u00e9lectoraux\u00a0\u00bb faisant croire \u00e0 un soutien de Jean-Luc M\u00e9lenchon.<\/p>\n<p class=\"lead \">Michel Barnier pourrait b\u00e9n\u00e9ficier dimanche d&rsquo;un report partiel des voix obtenues par les candidats du RN Thierry Mariani, arriv\u00e9 en troisi\u00e8me position (7%), et Reconqu\u00eate Hilaire Bouy\u00e9 (6%).<\/p>\n<p class=\"lead \">Au d\u00e9but de l&rsquo;\u00e9t\u00e9, le Savoyard avait d\u00fb affronter le courroux de la maire du 7e arrondissement Rachida Dati, qui avait menac\u00e9 de se pr\u00e9senter face \u00e0 Michel Barnier, le soup\u00e7onnant de nourrir des ambitions municipales, avant de jeter l&rsquo;\u00e9ponge in extremis, moyennant l&rsquo;investiture des LR pour l&rsquo;h\u00f4tel de ville.<\/p>\n<p class=\"lead \">Si Renaissance a consenti \u00e0 soutenir un LR dans cette circonscription qu&rsquo;elle tenait pourtant depuis huit ans, la d\u00e9cision de Michel Barnier de prendre comme suppl\u00e9ante la maire du 5e arrondissement Florence Berthout, du parti Horizons, a \u00e9t\u00e9 peu appr\u00e9ci\u00e9e au sein du parti de Gabriel Attal, qui se retrouve \u00ab\u00a0effac\u00e9 dans l&rsquo;\u00e9quation\u00a0\u00bb, d\u00e9plore une source en interne.<\/p>\n<p class=\"small font-weight-bold text-gray3 \"> publi\u00e9 le 28 septembre \u00e0 04h06, AFP<\/p>\n<p>                             Partager<\/p>\n","protected":false},"excerpt":{"rendered":"Michel Barnier retrouvera-t-il les bancs de l&rsquo;Assembl\u00e9e? Les Parisiens de la deuxi\u00e8me circonscription de la capitale, r\u00e9put\u00e9e imperdable&hellip;\n","protected":false},"author":2,"featured_media":422764,"comment_status":"","ping_status":"","sticky":false,"template":"","format":"standard","meta":{"footnotes":""},"categories":[1888],"tags":[11910,1111,1928,11,1927,1777,674,1011,27,12,1926,626,1925,1050,3848,25],"class_list":{"0":"post-422763","1":"post","2":"type-post","3":"status-publish","4":"format-standard","5":"has-post-thumbnail","7":"category-paris","8":"tag-lections","9":"tag-actu","10":"tag-actu-paris","11":"tag-actualites","12":"tag-actualites-paris","13":"tag-eu","14":"tag-europe","15":"tag-fr","16":"tag-france","17":"tag-news","18":"tag-news-paris","19":"tag-paris","20":"tag-paris-news","21":"tag-parlement","22":"tag-partis","23":"tag-republique-francaise"},"share_on_mastodon":{"url":"https:\/\/pubeurope.com\/@fr\/115279571990333351","error":""},"_links":{"self":[{"href":"https:\/\/www.europesays.com\/fr\/wp-json\/wp\/v2\/posts\/422763","targetHints":{"allow":["GET"]}}],"collection":[{"href":"https:\/\/www.europesays.com\/fr\/wp-json\/wp\/v2\/posts"}],"about":[{"href":"https:\/\/www.europesays.com\/fr\/wp-json\/wp\/v2\/types\/post"}],"author":[{"embeddable":true,"href":"https:\/\/www.europesays.com\/fr\/wp-json\/wp\/v2\/users\/2"}],"replies":[{"embeddable":true,"href":"https:\/\/www.europesays.com\/fr\/wp-json\/wp\/v2\/comments?post=422763"}],"version-history":[{"count":0,"href":"https:\/\/www.europesays.com\/fr\/wp-json\/wp\/v2\/posts\/422763\/revisions"}],"wp:featuredmedia":[{"embeddable":true,"href":"https:\/\/www.europesays.com\/fr\/wp-json\/wp\/v2\/media\/422764"}],"wp:attachment":[{"href":"https:\/\/www.europesays.com\/fr\/wp-json\/wp\/v2\/media?parent=422763"}],"wp:term":[{"taxonomy":"category","embeddable":true,"href":"https:\/\/www.europesays.com\/fr\/wp-json\/wp\/v2\/categories?post=422763"},{"taxonomy":"post_tag","embeddable":true,"href":"https:\/\/www.europesays.com\/fr\/wp-json\/wp\/v2\/tags?post=422763"}],"curies":[{"name":"wp","href":"https:\/\/api.w.org\/{rel}","templated":true}]}}