{"id":422765,"date":"2025-09-28T02:30:14","date_gmt":"2025-09-28T02:30:14","guid":{"rendered":"https:\/\/www.europesays.com\/fr\/422765\/"},"modified":"2025-09-28T02:30:14","modified_gmt":"2025-09-28T02:30:14","slug":"previsions-du-dimanche-28-septembre-2025-6","status":"publish","type":"post","link":"https:\/\/www.europesays.com\/fr\/422765\/","title":{"rendered":"pr\u00e9visions du dimanche 28 septembre 2025"},"content":{"rendered":"<p>C&rsquo;est une belle journ\u00e9e dont va profiter Paris, o\u00f9 le soleil va briller intens\u00e9ment. Les valeurs seront comprises entre 10 et 21\u00b0C. Il va faire environ 14\u00b0C, le matin. Un vent d&rsquo;est soufflera l\u00e9g\u00e8rement, avec 7 km\/h. Les temp\u00e9ratures vont conna\u00eetre une augmentation de plusieurs degr\u00e9s au cours de l&rsquo;apr\u00e8s-midi. Les valeurs afficheront entre 19 et 21\u00b0C. Le ciel sera assez lumineux, avec quelques \u00e9claircies le soir. Une nuit claire vous attendra entre dimanche et lundi.<\/p>\n<p>C&rsquo;est un soleil magnifique qui va se montrer demain sur Paris. Une m\u00e9t\u00e9o plus chaude est attendue puisque les temp\u00e9ratures vont enregistrer une hausse. Le thermom\u00e8tre affichera 17\u00b0C en moyenne. Une modeste brise de nord-est sera ressentie par les habitants. Le matin, on pr\u00e9voit des valeurs avoisinant 16\u00b0C. Les temp\u00e9ratures vont conna\u00eetre une augmentation de plusieurs degr\u00e9s dans l&rsquo;apr\u00e8s-midi. Les valeurs s&rsquo;\u00e9chelonneront entre 20\u00b0C et 22\u00b0C. Le ciel va s&rsquo;\u00e9claircir dans la soir\u00e9e. Les temp\u00e9ratures tourneront autour des 18\u00b0C.<\/p>\n<p>Les jours se suivent et ne changent pas. Le temps sera ensoleill\u00e9 avec des temp\u00e9ratures autour de 17\u00b0C.<\/p>\n<p><\/p>\n","protected":false},"excerpt":{"rendered":"C&rsquo;est une belle journ\u00e9e dont va profiter Paris, o\u00f9 le soleil va briller intens\u00e9ment. Les valeurs seront comprises&hellip;\n","protected":false},"author":2,"featured_media":422766,"comment_status":"","ping_status":"","sticky":false,"template":"","format":"standard","meta":{"footnotes":""},"categories":[1888],"tags":[1111,1928,11,1927,1777,674,1011,27,12,1926,626,1925,2119,25],"class_list":{"0":"post-422765","1":"post","2":"type-post","3":"status-publish","4":"format-standard","5":"has-post-thumbnail","7":"category-paris","8":"tag-actu","9":"tag-actu-paris","10":"tag-actualites","11":"tag-actualites-paris","12":"tag-eu","13":"tag-europe","14":"tag-fr","15":"tag-france","16":"tag-news","17":"tag-news-paris","18":"tag-paris","19":"tag-paris-news","20":"tag-previsions-meteo","21":"tag-republique-francaise"},"share_on_mastodon":{"url":"https:\/\/pubeurope.com\/@fr\/115279575345183910","error":""},"_links":{"self":[{"href":"https:\/\/www.europesays.com\/fr\/wp-json\/wp\/v2\/posts\/422765","targetHints":{"allow":["GET"]}}],"collection":[{"href":"https:\/\/www.europesays.com\/fr\/wp-json\/wp\/v2\/posts"}],"about":[{"href":"https:\/\/www.europesays.com\/fr\/wp-json\/wp\/v2\/types\/post"}],"author":[{"embeddable":true,"href":"https:\/\/www.europesays.com\/fr\/wp-json\/wp\/v2\/users\/2"}],"replies":[{"embeddable":true,"href":"https:\/\/www.europesays.com\/fr\/wp-json\/wp\/v2\/comments?post=422765"}],"version-history":[{"count":0,"href":"https:\/\/www.europesays.com\/fr\/wp-json\/wp\/v2\/posts\/422765\/revisions"}],"wp:featuredmedia":[{"embeddable":true,"href":"https:\/\/www.europesays.com\/fr\/wp-json\/wp\/v2\/media\/422766"}],"wp:attachment":[{"href":"https:\/\/www.europesays.com\/fr\/wp-json\/wp\/v2\/media?parent=422765"}],"wp:term":[{"taxonomy":"category","embeddable":true,"href":"https:\/\/www.europesays.com\/fr\/wp-json\/wp\/v2\/categories?post=422765"},{"taxonomy":"post_tag","embeddable":true,"href":"https:\/\/www.europesays.com\/fr\/wp-json\/wp\/v2\/tags?post=422765"}],"curies":[{"name":"wp","href":"https:\/\/api.w.org\/{rel}","templated":true}]}}