{"id":422767,"date":"2025-09-28T02:31:18","date_gmt":"2025-09-28T02:31:18","guid":{"rendered":"https:\/\/www.europesays.com\/fr\/422767\/"},"modified":"2025-09-28T02:31:18","modified_gmt":"2025-09-28T02:31:18","slug":"un-predateur-sexuel-du-metro-parisien-condamne-a-onze-ans-de-prison-3","status":"publish","type":"post","link":"https:\/\/www.europesays.com\/fr\/422767\/","title":{"rendered":"Un pr\u00e9dateur sexuel du m\u00e9tro parisien condamn\u00e9 \u00e0 onze ans de prison"},"content":{"rendered":"<p>Du 5 au 8\u00a0d\u00e9cembre 2023, cet homme de 26\u00a0ans, de nationalit\u00e9 tunisienne, avait sem\u00e9 la terreur dans les couloirs du m\u00e9tro parisien. Ce vendredi 26\u00a0septembre, il a \u00e9t\u00e9 condamn\u00e9 \u00e0 11\u00a0ans de prison par la cour criminelle <a href=\"https:\/\/.maville.com\/\/\" target=\"_blank\" rel=\"noopener\">de Paris,<\/a> \u00e0 l\u2019issue d\u2019un proc\u00e8s de cinq jours. Une condamnation assortie\u00a0d\u2019une interdiction d\u00e9finitive du territoire, et d\u2019une inscription\u00a0inscrit au Fichier judiciaire automatis\u00e9 des auteurs d\u2019infractions sexuelles et violentes (Fijais).<\/p>\n<p>L\u2019homme a \u00e9t\u00e9 reconnu coupable de six <a href=\"https:\/\/www.ouest-france.fr\/faits-divers\/violence-sexuelle\/\" target=\"_blank\" rel=\"noopener\">agressions sexuelles<\/a> et d\u2019une tentative de viol.\u00a0Au cours du proc\u00e8s, les avocats ont plaid\u00e9 pour l\u2019alt\u00e9ration ou l\u2019abolition du discernement. Mais la cour a consid\u00e9r\u00e9 qu\u2019il \u00e9tait pleinement responsable de ses actes et a rejet\u00e9 ces demandes, le condamnant en cons\u00e9quence.<\/p>\n<p>Une femme sauv\u00e9e par un voisin<\/p>\n<p>Dans les couloirs du m\u00e9tro, l\u2019homme de 26\u00a0ans avait tent\u00e9 de plaquer par surprise des femmes, voire de les pourchasser. \u00c0 chaque fois, il avait \u00e9t\u00e9 mis en fuite\u00a0par les hurlements des femmes ou par la pr\u00e9sence d\u2019usagers arrivant \u00e0 proximit\u00e9.<\/p>\n<p>Il avait \u00e9galement suivi une femme jusqu\u2019\u00e0 son appartement <a href=\"https:\/\/.maville.com\/\/\" target=\"_blank\" rel=\"noopener\">dans Paris<\/a>, et s\u2019\u00e9tait introduit de force chez elle. Alert\u00e9 par les cris de la victime, un voisin \u00e9tait venu porter secours \u00e0 la trentenaire et avait ma\u00eetris\u00e9 le jeune homme en attendant les policiers.<\/p>\n<p>\u00a0<\/p>\n<p>\u00a0<\/p>\n","protected":false},"excerpt":{"rendered":"Du 5 au 8\u00a0d\u00e9cembre 2023, cet homme de 26\u00a0ans, de nationalit\u00e9 tunisienne, avait sem\u00e9 la terreur dans les&hellip;\n","protected":false},"author":2,"featured_media":421823,"comment_status":"","ping_status":"","sticky":false,"template":"","format":"standard","meta":{"footnotes":""},"categories":[1888],"tags":[11,1764,5492,8652,1777,674,1011,27,4047,12,626,36461,22358,806,25,30841],"class_list":{"0":"post-422767","1":"post","2":"type-post","3":"status-publish","4":"format-standard","5":"has-post-thumbnail","7":"category-paris","8":"tag-actualites","9":"tag-ans","10":"tag-caen","11":"tag-condamne","12":"tag-eu","13":"tag-europe","14":"tag-fr","15":"tag-france","16":"tag-metro","17":"tag-news","18":"tag-paris","19":"tag-parisien","20":"tag-predateur","21":"tag-prison","22":"tag-republique-francaise","23":"tag-sexuel"},"share_on_mastodon":{"url":"https:\/\/pubeurope.com\/@fr\/115279579337486908","error":""},"_links":{"self":[{"href":"https:\/\/www.europesays.com\/fr\/wp-json\/wp\/v2\/posts\/422767","targetHints":{"allow":["GET"]}}],"collection":[{"href":"https:\/\/www.europesays.com\/fr\/wp-json\/wp\/v2\/posts"}],"about":[{"href":"https:\/\/www.europesays.com\/fr\/wp-json\/wp\/v2\/types\/post"}],"author":[{"embeddable":true,"href":"https:\/\/www.europesays.com\/fr\/wp-json\/wp\/v2\/users\/2"}],"replies":[{"embeddable":true,"href":"https:\/\/www.europesays.com\/fr\/wp-json\/wp\/v2\/comments?post=422767"}],"version-history":[{"count":0,"href":"https:\/\/www.europesays.com\/fr\/wp-json\/wp\/v2\/posts\/422767\/revisions"}],"wp:featuredmedia":[{"embeddable":true,"href":"https:\/\/www.europesays.com\/fr\/wp-json\/wp\/v2\/media\/421823"}],"wp:attachment":[{"href":"https:\/\/www.europesays.com\/fr\/wp-json\/wp\/v2\/media?parent=422767"}],"wp:term":[{"taxonomy":"category","embeddable":true,"href":"https:\/\/www.europesays.com\/fr\/wp-json\/wp\/v2\/categories?post=422767"},{"taxonomy":"post_tag","embeddable":true,"href":"https:\/\/www.europesays.com\/fr\/wp-json\/wp\/v2\/tags?post=422767"}],"curies":[{"name":"wp","href":"https:\/\/api.w.org\/{rel}","templated":true}]}}