{"id":422770,"date":"2025-09-28T02:33:16","date_gmt":"2025-09-28T02:33:16","guid":{"rendered":"https:\/\/www.europesays.com\/fr\/422770\/"},"modified":"2025-09-28T02:33:16","modified_gmt":"2025-09-28T02:33:16","slug":"survol-de-lespace-aerien-europeen-par-des-drones-la-russie-a-envoye-92-drones-en-pologne-il-y-a-deux-semaines-affirme-volodymyr-zelensky","status":"publish","type":"post","link":"https:\/\/www.europesays.com\/fr\/422770\/","title":{"rendered":"Survol de l&rsquo;espace a\u00e9rien europ\u00e9en par des drones : La Russie a envoy\u00e9 92 drones en Pologne il y a deux semaines, affirme Volodymyr Zelensky"},"content":{"rendered":"<p class=\"ap-StoryElement ap-StoryElement--mb ap-StoryText\">D&rsquo;apr\u00e8s le chef d&rsquo;\u00c9tat ukrainien, l&rsquo;Ukraine a abattu la plupart des drones, 19 d&rsquo;entre eux ont ensuite atteint la Pologne. Lors de cet incident, les forces arm\u00e9es polonaises et celles de l&rsquo;Otan ont abattu pour la premi\u00e8re fois des drones militaires russes au-dessus du territoire de l&rsquo;Alliance.<\/p>\n<p class=\"ap-StoryElement ap-StoryElement--mb ap-StoryText\">Selon Volodymyr Zelensky, l&rsquo;Europe n&rsquo;est actuellement pas en mesure de repousser les attaques de drones russes en cas d&rsquo;urgence. Son pays est pr\u00eat \u00e0 apporter son aide, a-t-il ajout\u00e9. L&rsquo;Ukraine pourrait par exemple partager son expertise en mati\u00e8re d&rsquo;unit\u00e9s mobiles de combat contre les drones.<\/p>\n","protected":false},"excerpt":{"rendered":"D&rsquo;apr\u00e8s le chef d&rsquo;\u00c9tat ukrainien, l&rsquo;Ukraine a abattu la plupart des drones, 19 d&rsquo;entre eux ont ensuite atteint&hellip;\n","protected":false},"author":2,"featured_media":422771,"comment_status":"","ping_status":"","sticky":false,"template":"","format":"standard","meta":{"footnotes":""},"categories":[1591],"tags":[11,2120,1887,12,2437,1885,1886,132,220],"class_list":{"0":"post-422770","1":"post","2":"type-post","3":"status-publish","4":"format-standard","5":"has-post-thumbnail","7":"category-russie","8":"tag-actualites","9":"tag-conflit","10":"tag-federation-de-russie","11":"tag-news","12":"tag-pologne","13":"tag-russia","14":"tag-russian-federation","15":"tag-russie","16":"tag-ukraine"},"share_on_mastodon":{"url":"https:\/\/pubeurope.com\/@fr\/115279587138022726","error":""},"_links":{"self":[{"href":"https:\/\/www.europesays.com\/fr\/wp-json\/wp\/v2\/posts\/422770","targetHints":{"allow":["GET"]}}],"collection":[{"href":"https:\/\/www.europesays.com\/fr\/wp-json\/wp\/v2\/posts"}],"about":[{"href":"https:\/\/www.europesays.com\/fr\/wp-json\/wp\/v2\/types\/post"}],"author":[{"embeddable":true,"href":"https:\/\/www.europesays.com\/fr\/wp-json\/wp\/v2\/users\/2"}],"replies":[{"embeddable":true,"href":"https:\/\/www.europesays.com\/fr\/wp-json\/wp\/v2\/comments?post=422770"}],"version-history":[{"count":0,"href":"https:\/\/www.europesays.com\/fr\/wp-json\/wp\/v2\/posts\/422770\/revisions"}],"wp:featuredmedia":[{"embeddable":true,"href":"https:\/\/www.europesays.com\/fr\/wp-json\/wp\/v2\/media\/422771"}],"wp:attachment":[{"href":"https:\/\/www.europesays.com\/fr\/wp-json\/wp\/v2\/media?parent=422770"}],"wp:term":[{"taxonomy":"category","embeddable":true,"href":"https:\/\/www.europesays.com\/fr\/wp-json\/wp\/v2\/categories?post=422770"},{"taxonomy":"post_tag","embeddable":true,"href":"https:\/\/www.europesays.com\/fr\/wp-json\/wp\/v2\/tags?post=422770"}],"curies":[{"name":"wp","href":"https:\/\/api.w.org\/{rel}","templated":true}]}}