{"id":422772,"date":"2025-09-28T02:34:16","date_gmt":"2025-09-28T02:34:16","guid":{"rendered":"https:\/\/www.europesays.com\/fr\/422772\/"},"modified":"2025-09-28T02:34:16","modified_gmt":"2025-09-28T02:34:16","slug":"la-russie-met-en-garde-lotan-lukraine-recoit-son-premier-systeme-patriot-actualites","status":"publish","type":"post","link":"https:\/\/www.europesays.com\/fr\/422772\/","title":{"rendered":"La Russie met en garde l&rsquo;Otan, l&rsquo;Ukraine re\u00e7oit son premier syst\u00e8me Patriot : Actualit\u00e9s"},"content":{"rendered":"<p class=\"lead \">La Russie a mis en garde samedi les puissances de l&rsquo;Otan qui envisagent de r\u00e9pondre aux incursions pr\u00e9sum\u00e9es de la Russie sur leur territoire, tandis que l&rsquo;Ukraine dit avoir re\u00e7u son premier syst\u00e8me antia\u00e9rien Patriot d&rsquo;Isra\u00ebl.<\/p>\n<p class=\"lead \">\u00ab\u00a0La Russie est presque accus\u00e9e de planifier une attaque contre les pays de l&rsquo;Alliance atlantique et de l&rsquo;Union europ\u00e9enne\u00a0\u00bb, a d\u00e9clar\u00e9 Sergue\u00ef Lavrov, le ministre russe des Affaires \u00e9trang\u00e8res, \u00e0 la tribune de l&rsquo;Assembl\u00e9e g\u00e9n\u00e9rale de l&rsquo;ONU.<\/p>\n<p class=\"lead \">Il a ensuite assur\u00e9 que Moscou n&rsquo;avait \u00ab\u00a0jamais eu de telles intentions\u00a0\u00bb mais a pr\u00e9venu: \u00ab\u00a0toute agression contre mon pays entra\u00eenera une r\u00e9ponse r\u00e9solue. Il ne doit pas y avoir de doutes sur ce point\u00a0\u00bb.<\/p>\n<p class=\"lead \">Apr\u00e8s les incursions dans le ciel europ\u00e9en d&rsquo;une vingtaine de drones et des trois avions de combat russes, les pays de l&rsquo;UE r\u00e9fl\u00e9chissent \u00e0 renforcer leur d\u00e9fense, principalement aux abords de la Russie.<\/p>\n<p class=\"lead \">A ces intrusions r\u00e9p\u00e9t\u00e9es vient s&rsquo;ajouter le survol de myst\u00e9rieux drones au Danemark, qui a contraint les autorit\u00e9s \u00e0 fermer l&rsquo;a\u00e9roport de la capitale pendant plusieurs heures en d\u00e9but de semaine.<\/p>\n<p class=\"lead \">Dans le dernier incident en date, des drones non identifi\u00e9s ont survol\u00e9 des sites militaires danois dans la nuit de vendredi \u00e0 samedi alors que Copenhague doit accueillir mercredi et jeudi un sommet europ\u00e9en.<\/p>\n<p class=\"lead \">Lors d&rsquo;une conf\u00e9rence de presse tenue peu apr\u00e8s son discours, Sergue\u00ef Lavrov a insist\u00e9: \u00ab\u00a0Si l&rsquo;on tente d&rsquo;abattre un engin volant, quel qu&rsquo;il soit, au-dessus de notre territoire, dans notre espace a\u00e9rien, alors je pense que les gens le regretteront profond\u00e9ment\u00a0\u00bb.<\/p>\n<p class=\"lead \">&#8211; Soutien isra\u00e9lien &#8211;<\/p>\n<p class=\"lead \">Donald Trump a jug\u00e9 mardi que les pays de l&rsquo;Otan devaient abattre les appareils russes violant leur espace a\u00e9rien.<\/p>\n<p class=\"lead \">Le pr\u00e9sident am\u00e9ricain a \u00e9galement fait volte-face en comparant la Russie \u00e0 un \u00ab\u00a0tigre de papier\u00a0\u00bb et en sugg\u00e9rant que l&rsquo;Ukraine pourrait gagner la guerre face \u00e0 l&rsquo;arm\u00e9e russe, alors qu&rsquo;il avait privil\u00e9gi\u00e9 auparavant le dialogue avec Vladimir Poutine. Il a estim\u00e9 que l&rsquo;Ukraine pourrait \u00ab\u00a0regagner son territoire dans sa forme originelle et peut-\u00eatre m\u00eame aller plus loin\u00a0\u00bb face \u00e0 la Russie.<\/p>\n<p class=\"lead \">Malgr\u00e9 cela, Sergue\u00ef Lavrov a lou\u00e9 samedi la position de Donald Trump. Selon lui, l&rsquo;administration am\u00e9ricaine actuelle recherche \u00ab\u00a0des moyens pour r\u00e9soudre de mani\u00e8re r\u00e9aliste la crise ukrainienne\u00a0\u00bb, et montre \u00ab\u00a0le d\u00e9sir d\u00e9velopper une coop\u00e9ration pragmatique sans adopter une position id\u00e9ologique\u00a0\u00bb.<\/p>\n<p class=\"lead \">Le pr\u00e9sident ukrainien, Volodymyr Zelensky, a annonc\u00e9 samedi que l&rsquo;Ukraine avait re\u00e7u d&rsquo;Isra\u00ebl un syst\u00e8me antia\u00e9rien Patriot, un armement de fabrication am\u00e9ricaine co\u00fbteux et essentiel pour repousser les attaques de missiles russes visant le pays.<\/p>\n<p class=\"lead \">\u00ab\u00a0Un syst\u00e8me isra\u00e9lien (Patriot) fonctionne en Ukraine, cela fait un mois qu&rsquo;il fonctionne\u00a0\u00bb, a d\u00e9clar\u00e9 M. Zelensky lors d&rsquo;une conf\u00e9rence de presse, sans pr\u00e9ciser si Kiev l&rsquo;avait achet\u00e9 ou obtenu gratuitement.<\/p>\n<p class=\"lead \">Apr\u00e8s le d\u00e9clenchement de l&rsquo;invasion russe de l&rsquo;Ukraine en 2022, Isra\u00ebl avait adopt\u00e9 une position neutre en ne sanctionnant pas la Russie, \u00e0 la diff\u00e9rence de beaucoup d&rsquo;autres pays occidentaux.<\/p>\n<p class=\"lead \">Mais ses liens avec Moscou se sont ensuite distendus en raison du renforcement de l&rsquo;alliance entre la Russie et l&rsquo;Iran, qui est accus\u00e9 d&rsquo;avoir fourni des drones d&rsquo;attaques au Kremlin, mais aussi \u00e0 cause de la guerre men\u00e9e par Isra\u00ebl dans la bande de Gaza, condamn\u00e9e par les autorit\u00e9s russes.<\/p>\n<p class=\"lead \">Samedi, la Russie a revendiqu\u00e9 la prise de trois villages dans l&rsquo;est de l&rsquo;Ukraine, o\u00f9 les forces de Moscou ont effectu\u00e9 une perc\u00e9e. <\/p>\n<p class=\"lead \">L&rsquo;Ukraine a \u00e9galement accus\u00e9 la Russie d&rsquo;avoir coup\u00e9 la centrale nucl\u00e9aire de Zaporijjia du r\u00e9seau \u00e9lectrique ukrainien depuis quatre jours et de chercher ainsi \u00e0 la \u00ab\u00a0voler\u00a0\u00bb en la rattachant au r\u00e9seau sous contr\u00f4le russe, en d\u00e9pit de risques pour sa s\u00e9curit\u00e9.<\/p>\n<p class=\"small font-weight-bold text-gray3 \"> publi\u00e9 le 27 septembre \u00e0 22h33, AFP<\/p>\n<p>                             Partager<\/p>\n","protected":false},"excerpt":{"rendered":"La Russie a mis en garde samedi les puissances de l&rsquo;Otan qui envisagent de r\u00e9pondre aux incursions pr\u00e9sum\u00e9es&hellip;\n","protected":false},"author":2,"featured_media":422773,"comment_status":"","ping_status":"","sticky":false,"template":"","format":"standard","meta":{"footnotes":""},"categories":[1590],"tags":[11,2120,19711,312,1777,674,12,136,132,220],"class_list":{"0":"post-422772","1":"post","2":"type-post","3":"status-publish","4":"format-standard","5":"has-post-thumbnail","7":"category-ukraine","8":"tag-actualites","9":"tag-conflit","10":"tag-dfense","11":"tag-diplomatie","12":"tag-eu","13":"tag-europe","14":"tag-news","15":"tag-otan","16":"tag-russie","17":"tag-ukraine"},"share_on_mastodon":{"url":"https:\/\/pubeurope.com\/@fr\/115279591310077280","error":""},"_links":{"self":[{"href":"https:\/\/www.europesays.com\/fr\/wp-json\/wp\/v2\/posts\/422772","targetHints":{"allow":["GET"]}}],"collection":[{"href":"https:\/\/www.europesays.com\/fr\/wp-json\/wp\/v2\/posts"}],"about":[{"href":"https:\/\/www.europesays.com\/fr\/wp-json\/wp\/v2\/types\/post"}],"author":[{"embeddable":true,"href":"https:\/\/www.europesays.com\/fr\/wp-json\/wp\/v2\/users\/2"}],"replies":[{"embeddable":true,"href":"https:\/\/www.europesays.com\/fr\/wp-json\/wp\/v2\/comments?post=422772"}],"version-history":[{"count":0,"href":"https:\/\/www.europesays.com\/fr\/wp-json\/wp\/v2\/posts\/422772\/revisions"}],"wp:featuredmedia":[{"embeddable":true,"href":"https:\/\/www.europesays.com\/fr\/wp-json\/wp\/v2\/media\/422773"}],"wp:attachment":[{"href":"https:\/\/www.europesays.com\/fr\/wp-json\/wp\/v2\/media?parent=422772"}],"wp:term":[{"taxonomy":"category","embeddable":true,"href":"https:\/\/www.europesays.com\/fr\/wp-json\/wp\/v2\/categories?post=422772"},{"taxonomy":"post_tag","embeddable":true,"href":"https:\/\/www.europesays.com\/fr\/wp-json\/wp\/v2\/tags?post=422772"}],"curies":[{"name":"wp","href":"https:\/\/api.w.org\/{rel}","templated":true}]}}