{"id":422781,"date":"2025-09-28T02:38:19","date_gmt":"2025-09-28T02:38:19","guid":{"rendered":"https:\/\/www.europesays.com\/fr\/422781\/"},"modified":"2025-09-28T02:38:19","modified_gmt":"2025-09-28T02:38:19","slug":"ryder-cup-2025-score-en-direct","status":"publish","type":"post","link":"https:\/\/www.europesays.com\/fr\/422781\/","title":{"rendered":"Ryder Cup 2025 : Score en direct"},"content":{"rendered":"<p style=\"text-align: justify;\"><strong>RYDER CUP 2025 \u2013 La 45\u00e8me Ryder Cup de golf entre les \u00c9tats-Unis et l\u2019Europe aura lieu de vendredi \u00e0 dimanche \u00e0 New York. D\u00e9couvrez les affiches, les scores et les r\u00e9sultats en direct.<\/strong><\/p>\n<p style=\"text-align: justify;\">C\u2019est un des rendez-vous les plus importants de la plan\u00e8te golf. Tous les deux ans, les champions des \u00c9tats-Unis et les meilleurs joueurs europ\u00e9ens se disputent la Ryder Cup, troph\u00e9e mythique. L\u2019Europe avait remport\u00e9 <a href=\"https:\/\/dicodusport.fr\/blog\/ryder-cup-leurope-remporte-la-44eme-edition\/\" target=\"_blank\" rel=\"noopener\">l\u2019\u00e9dition 2023 en Italie<\/a>, l\u2019heure de la revanche pour les USA ?<\/p>\n<p style=\"text-align: justify;\" align=\"justify\">Vendredi et samedi, quatre foursomes (deux duos de joueurs avec une seule balle par duo) et quatre four-ball (deux duos de joueurs, mais chacun a sa propre balle) seront au programme par journ\u00e9e. Dimanche, ce sera le tour des simples, chacun des 12 joueurs s\u00e9lectionn\u00e9s \u00e9tant au programme. Un point par victoire, 0.5 point si match nul, la premi\u00e8re \u00e9quipe \u00e0 d\u00e9passer 14 points remportera la Ryder Cup.<\/p>\n<p>Ryder Cup : la composition des \u00e9quipes<\/p>\n<p style=\"text-align: justify;\"><strong>\u00c9tats-Unis :<\/strong>\u00a0 Sam Burns \u2013 Patrick Cantlay \u2013 Bryson DeChambeau \u2013 Harris English \u2013 Ben Griffin \u2013 Russell Henley \u2013 Collin Morikawa \u2013 Xander Schauffele \u2013 J.J Spaun \u2013 Scottie Scheffler \u2013 Justin Thomas \u2013 Cameron Young (capitaine : Keegan Bradley).<\/p>\n<p style=\"text-align: justify;\"><strong>Europe :<\/strong> Ludvig \u00c5berg \ud83c\uddf8\ud83c\uddea \u2013 Matt Fitzpatrick <img loading=\"lazy\" decoding=\"async\" class=\"alignnone wp-image-3761 perfmatters-lazy\" alt=\"\" width=\"16\" height=\"10\" src=\"https:\/\/www.europesays.com\/fr\/wp-content\/uploads\/2025\/09\/Drapeau-Angleterre-300x180.png\"  data-\/> \u2013 Tommy Fleetwood <img loading=\"lazy\" decoding=\"async\" class=\"alignnone wp-image-3761 perfmatters-lazy\" alt=\"\" width=\"16\" height=\"10\" src=\"https:\/\/www.europesays.com\/fr\/wp-content\/uploads\/2025\/09\/Drapeau-Angleterre-300x180.png\"  data-\/> \u2013 Tyrell Hatton <img loading=\"lazy\" decoding=\"async\" class=\"alignnone wp-image-3761 perfmatters-lazy\" alt=\"\" width=\"16\" height=\"10\" src=\"https:\/\/www.europesays.com\/fr\/wp-content\/uploads\/2025\/09\/Drapeau-Angleterre-300x180.png\"  data-\/> \u2013 Rasmus H\u00f8jgaard \ud83c\udde9\ud83c\uddf0 \u2013 Viktor Hovland \ud83c\uddf3\ud83c\uddf4 \u2013 Shane Lowry \ud83c\uddee\ud83c\uddea \u2013 Robert MacIntyre <img loading=\"lazy\" decoding=\"async\" class=\"alignnone wp-image-8797 perfmatters-lazy\" alt=\"\" width=\"16\" height=\"10\" src=\"https:\/\/www.europesays.com\/fr\/wp-content\/uploads\/2025\/09\/Drapeau-Ecosse-300x180.png\"  data-\/> \u2013 Rory McIlroy <strong><img loading=\"lazy\" decoding=\"async\" class=\"alignnone wp-image-366912 perfmatters-lazy\" alt=\"\" width=\"15\" height=\"8\" src=\"https:\/\/www.europesays.com\/fr\/wp-content\/uploads\/2025\/09\/flag-800.png\"  data-\/><\/strong>\u00a0\u2013 Jon Rahm \ud83c\uddea\ud83c\uddf8 \u2013 Justin Rose <img loading=\"lazy\" decoding=\"async\" class=\"alignnone wp-image-3761 perfmatters-lazy\" alt=\"\" width=\"16\" height=\"10\" src=\"https:\/\/www.europesays.com\/fr\/wp-content\/uploads\/2025\/09\/Drapeau-Angleterre-300x180.png\"  data-\/> \u2013 Sepp Straka \ud83c\udde6\ud83c\uddf9 (capitaine : Luke Donald).<\/p>\n<p>\ud83c\uddfa\ud83c\uddf8\u00a0\u00c9TATS-UNIS 4,5 \u2013 11,5 EUROPE\u00a0\ud83c\uddea\ud83c\uddfa<\/p>\n<p>Samedi 27 septembre (four-ball)<\/p>\n<p style=\"text-align: justify;\">Match n\u00b01 : Justin Thomas \u2013 Cameron Young vs Rory McIlroy <strong><img loading=\"lazy\" decoding=\"async\" class=\"alignnone wp-image-366912 perfmatters-lazy\" alt=\"\" width=\"15\" height=\"8\" src=\"https:\/\/www.europesays.com\/fr\/wp-content\/uploads\/2025\/09\/flag-800.png\"  data-\/> <\/strong>+ Shane Lowry \ud83c\uddee\ud83c\uddea \u2013 <strong>Victoire de l\u2019Europe 2UP<\/strong><\/p>\n<p>\n<a href=\"https:\/\/dicodusport.fr\/blog\/offres\/abonnements-sans-pub\/\" target=\"_blank\" rel=\"noopener\"><img loading=\"lazy\" decoding=\"async\" class=\"alignnone size-full wp-image-501284 perfmatters-lazy\" alt=\"\" width=\"1200\" height=\"200\" src=\"https:\/\/www.europesays.com\/fr\/wp-content\/uploads\/2025\/04\/Abonnements-sans-pubs-Dicodusport.png\"\/><\/a><\/p>\n<p style=\"text-align: justify;\">Match n\u00b02 : Scottie Scheffler \u2013 Bryson DeChambeau vs Tommy Fleetwood <strong><img loading=\"lazy\" decoding=\"async\" class=\"alignnone wp-image-3761 perfmatters-lazy\" alt=\"\" width=\"16\" height=\"10\" src=\"https:\/\/www.europesays.com\/fr\/wp-content\/uploads\/2025\/09\/Drapeau-Angleterre-300x180.png\"  data-\/> <\/strong>+ Justin Rose <img loading=\"lazy\" decoding=\"async\" class=\"alignnone wp-image-3761 perfmatters-lazy\" alt=\"\" width=\"16\" height=\"10\" src=\"https:\/\/www.europesays.com\/fr\/wp-content\/uploads\/2025\/09\/Drapeau-Angleterre-300x180.png\"  data-\/> \u2013<strong> Victoire de l\u2019Europe 3&amp;2<\/strong><\/p>\n<p style=\"text-align: justify;\">Match n\u00b03 : J.J Spaun \u2013 Xander Schauffele vs Jon Rahm \ud83c\uddea\ud83c\uddf8 + Sepp Straka \ud83c\udde6\ud83c\uddf9 \u2013 <strong>Victoire des USA 1UP<\/strong><\/p>\n<p style=\"text-align: justify;\">Match n\u00b04 : Sam Burns + Patrick Cantlay vs Tyrell Hatton <img loading=\"lazy\" decoding=\"async\" class=\"alignnone wp-image-3761 perfmatters-lazy\" alt=\"\" width=\"16\" height=\"10\" src=\"https:\/\/www.europesays.com\/fr\/wp-content\/uploads\/2025\/09\/Drapeau-Angleterre-300x180.png\"  data-\/> \u2013 Matt Fitzpatrick <img loading=\"lazy\" decoding=\"async\" class=\"alignnone wp-image-3761 perfmatters-lazy\" alt=\"\" width=\"16\" height=\"10\" src=\"https:\/\/www.europesays.com\/fr\/wp-content\/uploads\/2025\/09\/Drapeau-Angleterre-300x180.png\"  data-\/> \u2013 <strong>Victoire de l\u2019Europe 1UP<\/strong><\/p>\n<p>Samedi 27 septembre (foursomes)<\/p>\n<p style=\"text-align: justify;\">Match n\u00b01 : Bryson DeChambeau + Cameron Young vs Matt Fitzpatrick <img loading=\"lazy\" decoding=\"async\" class=\"alignnone wp-image-3761 perfmatters-lazy\" alt=\"\" width=\"16\" height=\"10\" src=\"https:\/\/www.europesays.com\/fr\/wp-content\/uploads\/2025\/09\/Drapeau-Angleterre-300x180.png\"  data-\/> + Ludvig \u00c5berg \ud83c\uddf8\ud83c\uddea \u2013<strong> Victoire des USA 4&amp;2<\/strong><\/p>\n<p style=\"text-align: justify;\">Match n\u00b02 : Harris English + Collin Morikawa vs Rory McIlroy <strong><img loading=\"lazy\" decoding=\"async\" class=\"alignnone wp-image-366912 perfmatters-lazy\" alt=\"\" width=\"15\" height=\"8\" src=\"https:\/\/www.europesays.com\/fr\/wp-content\/uploads\/2025\/09\/flag-800.png\"  data-\/> <\/strong>+ Tommy Fleetwood <strong><img loading=\"lazy\" decoding=\"async\" class=\"alignnone wp-image-3761 perfmatters-lazy\" alt=\"\" width=\"16\" height=\"10\" src=\"https:\/\/www.europesays.com\/fr\/wp-content\/uploads\/2025\/09\/Drapeau-Angleterre-300x180.png\"  data-\/> \u2013 Victoire de l\u2019Europe 3&amp;2<\/strong><\/p>\n<p style=\"text-align: justify;\">Match n\u00b03 : Xander Schauffele + Patrick Cantlay vs Jon Rahm \ud83c\uddea\ud83c\uddf8 + Tyrell Hatton <img loading=\"lazy\" decoding=\"async\" class=\"alignnone wp-image-3761 perfmatters-lazy\" alt=\"\" width=\"16\" height=\"10\" src=\"https:\/\/www.europesays.com\/fr\/wp-content\/uploads\/2025\/09\/Drapeau-Angleterre-300x180.png\"  data-\/> <strong>\u2013 Victoire de l\u2019Europe 3&amp;2<\/strong><\/p>\n<p style=\"text-align: justify;\">Match n\u00b04 : Russell Henley + Scottie Scheffler vs Robert MacIntyre <img loading=\"lazy\" decoding=\"async\" class=\"alignnone wp-image-8797 perfmatters-lazy\" alt=\"\" width=\"16\" height=\"10\" src=\"https:\/\/www.europesays.com\/fr\/wp-content\/uploads\/2025\/09\/Drapeau-Ecosse-300x180.png\"  data-\/> + Viktor Hovland \ud83c\uddf3\ud83c\uddf4 <strong>\u2013 Victoire de l\u2019Europe 1UP\u00a0<\/strong><\/p>\n<p>Vendredi 26 septembre (four-ball)<\/p>\n<p style=\"text-align: justify;\">Match n\u00b01 : Scottie Scheffler + J.J Spaun vs Jon Rahm \ud83c\uddea\ud83c\uddf8 + Sepp Straka \ud83c\udde6\ud83c\uddf9 \u2013 <strong>Victoire de l\u2019Europe 3&amp;2<\/strong><\/p>\n<p style=\"text-align: justify;\">Match n\u00b02 : Ben Griffin + Bryson DeChambeau vs Tommy Fleetwood <strong><img loading=\"lazy\" decoding=\"async\" class=\"alignnone wp-image-3761 perfmatters-lazy\" alt=\"\" width=\"16\" height=\"10\" src=\"https:\/\/www.europesays.com\/fr\/wp-content\/uploads\/2025\/09\/Drapeau-Angleterre-300x180.png\"  data-\/> <\/strong>+ Justin Rose <img loading=\"lazy\" decoding=\"async\" class=\"alignnone wp-image-3761 perfmatters-lazy\" alt=\"\" width=\"16\" height=\"10\" src=\"https:\/\/www.europesays.com\/fr\/wp-content\/uploads\/2025\/09\/Drapeau-Angleterre-300x180.png\"  data-\/> <strong>\u2013 Victoire de l\u2019Europe 1UP<\/strong><\/p>\n<p style=\"text-align: justify;\">Match n\u00b03 : Cameron Young + Justin Thomas vs Ludvig \u00c5berg \ud83c\uddf8\ud83c\uddea + Rasmus H\u00f8jgaard \ud83c\udde9\ud83c\uddf0 <strong>\u2013 Victoire des USA 6&amp;5<\/strong><\/p>\n<p style=\"text-align: justify;\">Match n\u00b04 : Sam Burns + Patrick Cantlay vs Rory McIlroy <strong><img loading=\"lazy\" decoding=\"async\" class=\"alignnone wp-image-366912 perfmatters-lazy\" alt=\"\" width=\"15\" height=\"8\" src=\"https:\/\/www.europesays.com\/fr\/wp-content\/uploads\/2025\/09\/flag-800.png\"  data-\/><\/strong>+ Shane Lowry \ud83c\uddee\ud83c\uddea <strong>\u2013 TIED<\/strong><\/p>\n<p>Vendredi 26 septembre (foursomes)<\/p>\n<p style=\"text-align: justify;\">Match n\u00b01 : Bryson DeChambeau + Justin Thomas vs Jon Rahm \ud83c\uddea\ud83c\uddf8 + Tyrell Hatton <img loading=\"lazy\" decoding=\"async\" class=\"alignnone wp-image-3761 perfmatters-lazy\" alt=\"\" width=\"16\" height=\"10\" src=\"https:\/\/www.europesays.com\/fr\/wp-content\/uploads\/2025\/09\/Drapeau-Angleterre-300x180.png\"  data-\/> \u2013 <strong>Victoire de l\u2019Europe 4&amp;3<\/strong><\/p>\n<p style=\"text-align: justify;\">Match n\u00b02 : Scottie Scheffler + Russell Henley vs Ludvig \u00c5berg \ud83c\uddf8\ud83c\uddea + Matt Fitzpatrick <img loading=\"lazy\" decoding=\"async\" class=\"alignnone wp-image-3761 perfmatters-lazy\" alt=\"\" width=\"16\" height=\"10\" src=\"https:\/\/www.europesays.com\/fr\/wp-content\/uploads\/2025\/09\/Drapeau-Angleterre-300x180.png\"  data-\/> <strong>\u2013 Victoire de l\u2019Europe 5&amp;3<\/strong><\/p>\n<p style=\"text-align: justify;\">Match n\u00b03 : Collin Morikawa + Harris English vs Rory McIlroy <strong><img loading=\"lazy\" decoding=\"async\" class=\"alignnone wp-image-366912 perfmatters-lazy\" alt=\"\" width=\"15\" height=\"8\" src=\"https:\/\/www.europesays.com\/fr\/wp-content\/uploads\/2025\/09\/flag-800.png\"  data-\/> <\/strong>+ Tommy Fleetwood <strong><img loading=\"lazy\" decoding=\"async\" class=\"alignnone wp-image-3761 perfmatters-lazy\" alt=\"\" width=\"16\" height=\"10\" src=\"https:\/\/www.europesays.com\/fr\/wp-content\/uploads\/2025\/09\/Drapeau-Angleterre-300x180.png\"  data-\/> \u2013 Victoire de l\u2019Europe 5&amp;4<\/strong><\/p>\n<p style=\"text-align: justify;\">Match n\u00b04 : Xander Schauffele + Patrick Cantlay vs Robert MacIntyre <img loading=\"lazy\" decoding=\"async\" class=\"alignnone wp-image-8797 perfmatters-lazy\" alt=\"\" width=\"16\" height=\"10\" src=\"https:\/\/www.europesays.com\/fr\/wp-content\/uploads\/2025\/09\/Drapeau-Ecosse-300x180.png\"  data-\/> + Viktor Hovland \ud83c\uddf3\ud83c\uddf4 \u2013 <strong>Victoire des USA 2UP<\/strong><\/p>\n<p>Dimanche 28 septembre (singles)<\/p>\n<p style=\"text-align: justify;\">Match n\u00b01 : \u00e0 venir<\/p>\n<p style=\"text-align: justify;\">Match n\u00b02 : \u00e0 venir<\/p>\n<p style=\"text-align: justify;\">Match n\u00b03 : \u00e0 venir<\/p>\n<p style=\"text-align: justify;\">Match n\u00b04 : \u00e0 venir<\/p>\n<p style=\"text-align: justify;\">Match n\u00b05 : \u00e0 venir<\/p>\n<p style=\"text-align: justify;\">Match n\u00b06 : \u00e0 venir<\/p>\n<p style=\"text-align: justify;\">Match n\u00b07 : \u00e0 venir<\/p>\n<p style=\"text-align: justify;\">Match n\u00b08 : \u00e0 venir<\/p>\n<p style=\"text-align: justify;\">Match n\u00b09 : \u00e0 venir<\/p>\n<p style=\"text-align: justify;\">Match n\u00b010 : \u00e0 venir<\/p>\n<p style=\"text-align: justify;\">Match n\u00b011 : \u00e0 venir<\/p>\n<p style=\"text-align: justify;\">Match n\u00b012 : \u00e0 venir<\/p>\n","protected":false},"excerpt":{"rendered":"RYDER CUP 2025 \u2013 La 45\u00e8me Ryder Cup de golf entre les \u00c9tats-Unis et l\u2019Europe aura lieu de&hellip;\n","protected":false},"author":2,"featured_media":422782,"comment_status":"","ping_status":"","sticky":false,"template":"","format":"standard","meta":{"footnotes":""},"categories":[1586],"tags":[11,2113,1777,674,1011,27,1472,12,25,12455],"class_list":{"0":"post-422781","1":"post","2":"type-post","3":"status-publish","4":"format-standard","5":"has-post-thumbnail","7":"category-europe","8":"tag-actualites","9":"tag-breve","10":"tag-eu","11":"tag-europe","12":"tag-fr","13":"tag-france","14":"tag-golf","15":"tag-news","16":"tag-republique-francaise","17":"tag-ryder-cup"},"share_on_mastodon":{"url":"https:\/\/pubeurope.com\/@fr\/115279608365554220","error":""},"_links":{"self":[{"href":"https:\/\/www.europesays.com\/fr\/wp-json\/wp\/v2\/posts\/422781","targetHints":{"allow":["GET"]}}],"collection":[{"href":"https:\/\/www.europesays.com\/fr\/wp-json\/wp\/v2\/posts"}],"about":[{"href":"https:\/\/www.europesays.com\/fr\/wp-json\/wp\/v2\/types\/post"}],"author":[{"embeddable":true,"href":"https:\/\/www.europesays.com\/fr\/wp-json\/wp\/v2\/users\/2"}],"replies":[{"embeddable":true,"href":"https:\/\/www.europesays.com\/fr\/wp-json\/wp\/v2\/comments?post=422781"}],"version-history":[{"count":0,"href":"https:\/\/www.europesays.com\/fr\/wp-json\/wp\/v2\/posts\/422781\/revisions"}],"wp:featuredmedia":[{"embeddable":true,"href":"https:\/\/www.europesays.com\/fr\/wp-json\/wp\/v2\/media\/422782"}],"wp:attachment":[{"href":"https:\/\/www.europesays.com\/fr\/wp-json\/wp\/v2\/media?parent=422781"}],"wp:term":[{"taxonomy":"category","embeddable":true,"href":"https:\/\/www.europesays.com\/fr\/wp-json\/wp\/v2\/categories?post=422781"},{"taxonomy":"post_tag","embeddable":true,"href":"https:\/\/www.europesays.com\/fr\/wp-json\/wp\/v2\/tags?post=422781"}],"curies":[{"name":"wp","href":"https:\/\/api.w.org\/{rel}","templated":true}]}}