{"id":422783,"date":"2025-09-28T02:39:12","date_gmt":"2025-09-28T02:39:12","guid":{"rendered":"https:\/\/www.europesays.com\/fr\/422783\/"},"modified":"2025-09-28T02:39:12","modified_gmt":"2025-09-28T02:39:12","slug":"face-a-la-menace-russe-lue-veut-se-doter-dun-mur-anti-drones","status":"publish","type":"post","link":"https:\/\/www.europesays.com\/fr\/422783\/","title":{"rendered":"Face \u00e0 la menace russe, l\u2019UE veut se doter d\u2019un \u201cmur anti-drones\u201d"},"content":{"rendered":"<p class=\"authors latino-300b text-grey-600\">\n<p>  Par\u00a0<br \/>\n<a href=\"https:\/\/www.nouvelobs.com\/journalistes\/2207\/marius-druart.html\" class=\"text-decoration-none link--box d-inline\" target=\"_blank\" rel=\"noopener\">Marius Druart\u00a0(avec AFP)<\/a><\/p>\n<p class=\"latino-300r text-grey-600 pe-8  border-end-lg\">\n<p>    Publi\u00e9 le\u00a026 septembre 2025 \u00e0 17h46  <\/p>\n<p>      , mis \u00e0 jour le\u00a026 septembre 2025 \u00e0 18h46\n  <\/p>\n<p>              Lecture\u00a0:\u00a02\u00a0min.<\/p>\n<p>      <img fetchpriority=\"high\" decoding=\"async\" class=\"mx-auto\" src=\"data:image\/svg+xml,%3Csvg%20xmlns%3D%27http%3A%2F%2Fwww.w3.org%2F2000%2Fsvg%27%20fill%3D%22%23e4e4e4%22%20viewBox%3D%270%200%20510%20340%27%20width%3D%22510%22%20height%3D%22340%22%3E%3Cpath%20d%3D%27M0%200h510v340H0z%27%2F%3E%3C%2Fsvg%3E\"  loading=\"eager\" width=\"510\" height=\"340\" data-oncrawl-image-size=\"510x340\" alt=\"Le commissaire europ\u00e9en charg\u00e9 de la D\u00e9fense et de l\u2019Espace, le Lituanien Andrius Kubilius (\u00e0 droite), et le ministre finlandais de la D\u00e9fense, Antti Haekkaenen, assistant \u00e0 la conf\u00e9rence de presse au minist\u00e8re de la d\u00e9fense \u00e0 Helsinki, le 26\u00a0septembre 2025.\"\/>      <\/p>\n<p class=\"latino-100m text-grey-600\">\n            Le commissaire europ\u00e9en charg\u00e9 de la D\u00e9fense et de l\u2019Espace, le Lituanien Andrius Kubilius (\u00e0 droite), et le ministre finlandais de la D\u00e9fense, Antti Haekkaenen, assistant \u00e0 la conf\u00e9rence de presse au minist\u00e8re de la d\u00e9fense \u00e0 Helsinki, le 26\u00a0septembre 2025.\u00a0MARKKU ULANDER \/ AFP        <\/p>\n<p>        Lire\u00a0plus\u00a0tard      <\/p>\n<p><a aria-label=\"Nous suivre sur Google News\" href=\"https:\/\/news.google.com\/publications\/CAAqBwgKMJe4nQkw3dFs?hl=fr&amp;gl=FR&amp;ceid=FR%3Afr\" target=\"_blank\" data-piano=\"Page_Article,Sous_date_publi,Nous_suivre_sur_google_news,1er_clic,action\" class=\"btn btn--small btn--tertiary btn--icon-only\" rel=\"noopener\"><\/p>\n<p>      Google Actualit\u00e9s<br \/>\n  <\/a><\/p>\n<p>  Partager<\/p>\n<p>        Facebook<\/p>\n<p>        Bluesky<\/p>\n<p>        E-mail<\/p>\n<p>        Copier le lien<\/p>\n<p>      Envoyer<\/p>\n<p>      S\u2019abonner    <\/p>\n<p class=\"node__paragraphe antonia-750r text-grey-800 pb-24 pb-md-32\">\nUn \u00ab\u00a0mur\u00a0\u00bb pour se prot\u00e9ger, d\u00e9sormais consid\u00e9r\u00e9 comme une \u00ab\u00a0priorit\u00e9\u00a0\u00bb, selon le commissaire europ\u00e9en \u00e0 la D\u00e9fense Andrius Kubilius. Face \u00e0 la menace russe, c\u2019est l\u2019id\u00e9e que veut d\u00e9velopper l\u2019Union europ\u00e9enne pour se d\u00e9fendre contre les incursions de drones qui se multiplient depuis plusieurs semaines.<\/p>\n<p class=\"node__paragraphe antonia-750r text-grey-800 pb-24 pb-md-32\">\nDix pays de l\u2019UE, g\u00e9ographiquement proches de la Russie, ont d\u00e9battu pour la premi\u00e8re fois ce vendredi 26\u00a0septembre des propositions visant \u00e0 \u00e9riger un \u00ab\u00a0mur\u00a0\u00bb de d\u00e9fenses anti-drones pour le bloc europ\u00e9en, \u00e9labor\u00e9es \u00e0 la h\u00e2te apr\u00e8s plusieurs incursions a\u00e9riennes de la Russie.<\/p>\n<p class=\"node__paragraphe antonia-750r text-grey-800 pb-24 pb-md-32\">\nLe mois de septembre a en effet \u00e9t\u00e9 marqu\u00e9 par une accentuation de la pression russe au sein de l\u2019UE. Dans la nuit du 9\u00a0au 10\u00a0septembre, <a href=\"https:\/\/www.nouvelobs.com\/monde\/20250910.OBS107517\/la-pologne-abat-plusieurs-drones-hostiles-dans-son-espace-aerien-l-ukraine-assure-que-poutine-veut-tester-l-occident.html\" target=\"_blank\" rel=\"noopener\">19\u00a0drones russes ont \u00e9t\u00e9 abattus en Pologne<\/a> apr\u00e8s avoir vol\u00e9 ill\u00e9galement dans l\u2019espace a\u00e9rien polonais. Puis ce fut au tour de la Roumanie d\u2019\u00eatre test\u00e9e par Moscou, avec le <a href=\"https:\/\/www.nouvelobs.com\/monde\/20250914.OBS107652\/la-roumanie-affirme-qu-un-drone-a-viole-son-espace-aerien-pendant-des-frappes-russes-sur-l-ukraine.html\" target=\"_blank\" rel=\"noopener\">survol d\u2019un drone le 13\u00a0septembre<\/a>. L\u2019Estonie a \u00e9galement \u00e9t\u00e9 concern\u00e9e lorsque <a href=\"https:\/\/www.nouvelobs.com\/monde\/20250919.OBS107851\/une-audace-sans-precedent-nouvelle-escalade-ce-que-l-on-sait-de-l-interception-d-avions-de-combat-russes-dans-le-ciel-de-l-estonie.html\" target=\"_blank\" rel=\"noopener\">trois avions militaires russes ont vol\u00e9<\/a> pendant douze minutes dans son espace a\u00e9rien le 19\u00a0septembre. Et depuis une semaine, c\u2019est le Danemark qui <a href=\"https:\/\/www.nouvelobs.com\/monde\/20250923.OBS107972\/drones-a-copenhague-le-danemark-denonce-une-grave-attaque-la-russie-dit-n-etre-pas-impliquee-le-point-sur-la-situation.html\" target=\"_blank\" rel=\"noopener\">subit des incursions r\u00e9p\u00e9t\u00e9es de drones<\/a>, for\u00e7ant la fermeture de plusieurs de ses a\u00e9roports.<\/p>\n<p class=\"latino-500b text-grey-600 pb-16\">A lire aussi<\/p>\n<p><a href=\"https:\/\/www.nouvelobs.com\/monde\/20250915.OBS107674\/face-aux-provocations-du-kremlin-le-statu-quo-n-est-plus-tenable-pour-les-europeens.html\" data-article-key=\"20250915.OBS107674\" class=\"link--box flex-grow-1\" data-piano=\"Page_Article,Lire_aussi,,Lien1,navigation\" target=\"_blank\" rel=\"noopener\"><\/p>\n<p>                <img decoding=\"async\" src=\"data:image\/svg+xml,%3Csvg%20xmlns%3D%27http%3A%2F%2Fwww.w3.org%2F2000%2Fsvg%27%20fill%3D%22%23e4e4e4%22%20viewBox%3D%270%200%20120%2080%27%20width%3D%22120%22%20height%3D%2280%22%3E%3Cpath%20d%3D%27M0%200h120v80H0z%27%2F%3E%3C%2Fsvg%3E\"  width=\"120\" height=\"80\" loading=\"lazy\" alt=\"Le Premier ministre polonais Donald Tusk sur la base a\u00e9rienne de Lask, le 11\u00a0septembre\u00a02025, au lendemain de l\u2019intrusion de l\u2019espace a\u00e9rien de ce pays de l\u2019Otan par des drones russes.\"\/><\/p>\n<p class=\"latino-300r latino-lg-600m text-grey-800\">\n                      <strong class=\"latino-300b latino-lg-600m text-grey-500\">Chronique\u00a0<\/strong><br \/>\n                    Face aux provocations du Kremlin, le statu quo n\u2019est plus tenable pour les Europ\u00e9ens        <\/p>\n<p><\/a><\/p>\n<p class=\"node__paragraphe antonia-750r text-grey-800 pb-24 pb-md-32\">\nEn r\u00e9ponse \u00e0 cette pression, la pr\u00e9sidente de la Commission europ\u00e9enne Ursula von der Leyen a \u00e9voqu\u00e9 l\u2019id\u00e9e d\u2019un \u00ab\u00a0mur de drones\u00a0\u00bb europ\u00e9en, comme \u00ab\u00a0le fondement d\u2019une d\u00e9fense cr\u00e9dible.\u00a0\u00bb Elle a plaid\u00e9 en faveur d\u2019une \u00ab\u00a0capacit\u00e9 europ\u00e9enne d\u00e9velopp\u00e9e, d\u00e9ploy\u00e9e et entretenue conjointement, r\u00e9active en temps r\u00e9el.\u00a0\u00bb<\/p>\n<p>\u2022\u00a0Quelle forme pourrait prendre ce \u00ab\u00a0mur\u00a0\u00bb\u00a0?<\/p>\n<p class=\"node__paragraphe antonia-750r text-grey-800 pb-24 pb-md-32\">\nLes d\u00e9tails sur ce \u00ab\u00a0mur\u00a0\u00bb sont encore tr\u00e8s flous. Une id\u00e9e d\u00e9j\u00e0 \u00e9voqu\u00e9e d\u00e9but septembre par Ursula von der Leyen, la pr\u00e9sidente de la Commission europ\u00e9enne.<\/p>\n<p class=\"node__paragraphe antonia-750r text-grey-800 pb-24 pb-md-32\">\nSelon les responsables europ\u00e9ens sollicit\u00e9s sur la question par l\u2019AFP, les premi\u00e8res \u00e9tapes devraient probablement consister \u00e0 d\u00e9ployer davantage de \u00ab\u00a0capteurs\u00a0\u00bb, terrestres ou par satellites. L\u2019objectif est de pouvoir d\u00e9tecter les drones, d\u2019ordinaire plus compliqu\u00e9 \u00e0 localiser que des avions, du fait de leur petite taille. Viendra ensuite la mise en \u0153uvre de capacit\u00e9s d\u2019interception, plus lourde et plus co\u00fbteuse.<\/p>\n<p class=\"latino-500b text-grey-600 pb-16\">A lire aussi<\/p>\n<p><a href=\"https:\/\/www.nouvelobs.com\/monde\/20250915.OBS107683\/incursion-de-drones-russes-en-pologne-et-en-roumanie-l-otan-ne-sait-plus-dissuader-ses-adversaires.html\" data-article-key=\"20250915.OBS107683\" class=\"link--box flex-grow-1\" data-piano=\"Page_Article,Lire_aussi,,Lien2,navigation\" target=\"_blank\" rel=\"noopener\"><\/p>\n<p>                <img decoding=\"async\" src=\"data:image\/svg+xml,%3Csvg%20xmlns%3D%27http%3A%2F%2Fwww.w3.org%2F2000%2Fsvg%27%20fill%3D%22%23e4e4e4%22%20viewBox%3D%270%200%20120%2080%27%20width%3D%22120%22%20height%3D%2280%22%3E%3Cpath%20d%3D%27M0%200h120v80H0z%27%2F%3E%3C%2Fsvg%3E\"  width=\"120\" height=\"80\" loading=\"lazy\" alt=\"Le secr\u00e9taire g\u00e9n\u00e9ral de l\u2019Otan, Mark Rutte (\u00e0 droite), et le commandant supr\u00eame des forces alli\u00e9es en Europe (Saceur), le g\u00e9n\u00e9ral Alexus G. Grynkewich (\u00e0 gauche), lors d\u2019une conf\u00e9rence de presse \u00e0 Bruxelles, le 12\u00a0septembre 2025. \"\/><\/p>\n<p class=\"latino-300r latino-lg-600m text-grey-800\">\n                      <strong class=\"latino-300b latino-lg-600m text-grey-500\">Interview\u00a0<\/strong><br \/>\n                    Incursion de drones russes\u00a0en Pologne et en Roumanie\u00a0: \u00ab\u00a0L\u2019Otan ne sait plus dissuader ses adversaires\u00a0\u00bb        <\/p>\n<p><\/a><\/p>\n<p class=\"node__paragraphe antonia-750r text-grey-800 pb-24 pb-md-32\">\n\u00ab\u00a0Nous sommes pr\u00eats \u00e0 partager notre exp\u00e9rience en mati\u00e8re d\u2019interception de drones russes avec l\u2019UE, l\u2019Otan et les pays voisins\u00a0\u00bb, a assur\u00e9 ce vendredi Denys Chmygal, ministre ukrainien de la D\u00e9fense, qui participait \u00e0 la r\u00e9union ce vendredi. L\u2019Ukraine doit intercepter chaque nuit ou presque des centaines de drones lanc\u00e9es par la Russie sur son territoire. Elle est l\u2019un des tr\u00e8s rares pays europ\u00e9ens \u00e0 fabriquer des drones anti-drones, beaucoup plus \u00e9conomiques que les missiles ou les avions de chasse lanc\u00e9s par l\u2019Otan contre les drones russes r\u00e9cemment entr\u00e9s en Pologne.<\/p>\n<p>\u2022\u00a0Quels pays pourraient \u00eatre concern\u00e9s\u00a0?<\/p>\n<p class=\"node__paragraphe antonia-750r text-grey-800 pb-24 pb-md-32\">\nLes pays qui ont particip\u00e9 \u00e0 la discussion sur le sujet ce vendredi sont tous des pays limitrophes de la Russie, de la Bi\u00e9lorussie ou de l\u2019Ukraine, sur le flanc est de l\u2019Europe soit\u00a0: la Pologne, les trois pays Baltes, la Roumanie, la Slovaquie, la Finlande, la Hongrie, la Bulgarie, ainsi que l\u2019Ukraine, \u00e9galement invit\u00e9e. Il s\u2019agit tr\u00e8s probablement des pays les plus int\u00e9ress\u00e9s par cette initiative.<\/p>\n<p class=\"latino-500b text-grey-600 pb-16\">A lire aussi<\/p>\n<p><a href=\"https:\/\/www.nouvelobs.com\/chroniques\/20250923.OBS107979\/drones-et-avions-russes-comment-poutine-fait-progressivement-monter-la-pression-sur-l-europe.html\" data-article-key=\"20250923.OBS107979\" class=\"link--box flex-grow-1\" data-piano=\"Page_Article,Lire_aussi,,Lien3,navigation\" target=\"_blank\" rel=\"noopener\"><\/p>\n<p>                <img decoding=\"async\" src=\"data:image\/svg+xml,%3Csvg%20xmlns%3D%27http%3A%2F%2Fwww.w3.org%2F2000%2Fsvg%27%20fill%3D%22%23e4e4e4%22%20viewBox%3D%270%200%20120%2080%27%20width%3D%22120%22%20height%3D%2280%22%3E%3Cpath%20d%3D%27M0%200h120v80H0z%27%2F%3E%3C%2Fsvg%3E\"  width=\"120\" height=\"79\" loading=\"lazy\" alt=\"Les fragments d\u2019un drone sont visibles dans le village de Mniszk\u00f3w, dans le centre de la Pologne, o\u00f9 l\u2019un des appareils russes ayant viol\u00e9 l\u2019espace a\u00e9rien polonais la nuit pr\u00e9c\u00e9dente a \u00e9t\u00e9 d\u00e9couvert le 10\u00a0septembre 2025.\"\/><\/p>\n<p class=\"latino-300r latino-lg-600m text-grey-800\">\n                      <strong class=\"latino-300b latino-lg-600m text-grey-500\">Chronique\u00a0<\/strong><br \/>\n                    Drones et avions russes : comment Poutine fait progressivement monter la pression sur l\u2019Europe        <\/p>\n<p><\/a><\/p>\n<p class=\"node__paragraphe antonia-750r text-grey-800 pb-24 pb-md-32\">\nL\u2019Europe doit apprendre de l\u2019Ukraine et d\u00e9velopper rapidement un v\u00e9ritable syst\u00e8me de d\u00e9fense contre les drones face \u00e0 la menace russe, a affirm\u00e9 ce vendredi le commissaire europ\u00e9en \u00e0 la D\u00e9fense Andrius Kubilius dans un entretien \u00e0 l\u2019AFP.<\/p>\n<p>\u2022\u00a0Quelle est la position de la France\u00a0?<\/p>\n<p class=\"node__paragraphe antonia-750r text-grey-800 pb-24 pb-md-32\">\nSi Emmanuel Macron n\u2019a pas encore \u00e9voqu\u00e9 la position de la France concernant cette volont\u00e9 de mettre en place un mur de d\u00e9fense pour contrer des drones russes, il a d\u2019ores et d\u00e9j\u00e0 affirm\u00e9 son soutien au Danemark apr\u00e8s les multiples incursions dans son ciel. Il s\u2019est dit pr\u00eat \u00e0 ce que la France \u00ab\u00a0contribue \u00e0 la s\u00e9curit\u00e9 de l\u2019espace a\u00e9rien danois\u00a0\u00bb.<\/p>\n<p class=\"node__paragraphe antonia-750r text-grey-800 pb-24 pb-md-32\">\nLe pr\u00e9sident fran\u00e7ais a aussi soutenu les pays europ\u00e9ens qui ont fait face aux incursions de drones russes, en mobilisant en particulier trois avions Rafale lorsque le ciel polonais a \u00e9t\u00e9 viol\u00e9.<\/p>\n<p class=\"node__paragraphe antonia-750r text-grey-800 pb-24 pb-md-32\">\nLes chefs d\u2019Etat et de gouvernement de l\u2019UE doivent discuter de cette id\u00e9e de \u00ab\u00a0mur anti-drones\u00a0\u00bb mercredi 1\u1d49\u02b3\u00a0octobre lors d\u2019une r\u00e9union informelle \u00e0 Copenhague.<\/p>\n<p class=\"authors latino-600m text-grey-800\">\n<p>  Par\u00a0<br \/>\nMarius Druart\u00a0(avec AFP)<\/p>\n","protected":false},"excerpt":{"rendered":"Par\u00a0 Marius Druart\u00a0(avec AFP) Publi\u00e9 le\u00a026 septembre 2025 \u00e0 17h46 , mis \u00e0 jour le\u00a026 septembre 2025 \u00e0&hellip;\n","protected":false},"author":2,"featured_media":412197,"comment_status":"","ping_status":"","sticky":false,"template":"","format":"standard","meta":{"footnotes":""},"categories":[1586],"tags":[17,11,55224,1777,674,1779,2823,1011,27,1147,74,12597,12,25,8013,1778,364,9870],"class_list":{"0":"post-422783","1":"post","2":"type-post","3":"status-publish","4":"format-standard","5":"has-post-thumbnail","7":"category-europe","8":"tag-17","9":"tag-actualites","10":"tag-doter","11":"tag-eu","12":"tag-europe","13":"tag-european-union","14":"tag-face","15":"tag-fr","16":"tag-france","17":"tag-menace","18":"tag-monde","19":"tag-mur","20":"tag-news","21":"tag-republique-francaise","22":"tag-russe","23":"tag-ue","24":"tag-union-europeenne","25":"tag-veut"},"share_on_mastodon":{"url":"https:\/\/pubeurope.com\/@fr\/115279610899822348","error":""},"_links":{"self":[{"href":"https:\/\/www.europesays.com\/fr\/wp-json\/wp\/v2\/posts\/422783","targetHints":{"allow":["GET"]}}],"collection":[{"href":"https:\/\/www.europesays.com\/fr\/wp-json\/wp\/v2\/posts"}],"about":[{"href":"https:\/\/www.europesays.com\/fr\/wp-json\/wp\/v2\/types\/post"}],"author":[{"embeddable":true,"href":"https:\/\/www.europesays.com\/fr\/wp-json\/wp\/v2\/users\/2"}],"replies":[{"embeddable":true,"href":"https:\/\/www.europesays.com\/fr\/wp-json\/wp\/v2\/comments?post=422783"}],"version-history":[{"count":0,"href":"https:\/\/www.europesays.com\/fr\/wp-json\/wp\/v2\/posts\/422783\/revisions"}],"wp:featuredmedia":[{"embeddable":true,"href":"https:\/\/www.europesays.com\/fr\/wp-json\/wp\/v2\/media\/412197"}],"wp:attachment":[{"href":"https:\/\/www.europesays.com\/fr\/wp-json\/wp\/v2\/media?parent=422783"}],"wp:term":[{"taxonomy":"category","embeddable":true,"href":"https:\/\/www.europesays.com\/fr\/wp-json\/wp\/v2\/categories?post=422783"},{"taxonomy":"post_tag","embeddable":true,"href":"https:\/\/www.europesays.com\/fr\/wp-json\/wp\/v2\/tags?post=422783"}],"curies":[{"name":"wp","href":"https:\/\/api.w.org\/{rel}","templated":true}]}}