{"id":422784,"date":"2025-09-28T02:40:12","date_gmt":"2025-09-28T02:40:12","guid":{"rendered":"https:\/\/www.europesays.com\/fr\/422784\/"},"modified":"2025-09-28T02:40:12","modified_gmt":"2025-09-28T02:40:12","slug":"ce-que-lon-sait-du-plan-de-donald-trump-pour-mettre-fin-a-la-guerre-a-gaza-liberation","status":"publish","type":"post","link":"https:\/\/www.europesays.com\/fr\/422784\/","title":{"rendered":"Ce que l\u2019on sait du plan de Donald Trump pour mettre fin \u00e0 la guerre \u00e0 Gaza \u2013 Lib\u00e9ration"},"content":{"rendered":"<p class=\"sc-cPiKLX AiZTS text-element\">Le pr\u00e9sident am\u00e9ricain Donald Trump a pr\u00e9sent\u00e9 cette semaine un nouveau plan de paix pour Gaza aux dirigeants arabes et musulmans en marge de <a href=\"https:\/\/www.liberation.fr\/international\/amerique\/nous-nen-avons-pas-fini-a-lonu-benyamin-netanyahou-isole-mais-determine-20250926_JRW5HQN65VAYRGP3RQLUP6OM5U\/\" target=\"_blank\" rel=\"noreferrer noopener\" title=\"https:\/\/www.liberation.fr\/international\/amerique\/nous-nen-avons-pas-fini-a-lonu-benyamin-netanyahou-isole-mais-determine-20250926_JRW5HQN65VAYRGP3RQLUP6OM5U\/\">l\u2019Assembl\u00e9e g\u00e9n\u00e9rale de l\u2019ONU \u00e0 New York<\/a>. Ce projet en 21 points d\u00e9voil\u00e9 mardi aux Emirats arabes unis, \u00e0 l\u2019Arabie Saoudite, au Qatar, \u00e0 l\u2019Egypte, \u00e0 la Jordanie, \u00e0 la Turquie, \u00e0 l\u2019Indon\u00e9sie et au Pakistan, est cens\u00e9 r\u00e9pondre aux pr\u00e9occupations isra\u00e9liennes et \u00e0 celles des pays du Moyen-Orient, a indiqu\u00e9 Washington. Ce samedi, la <a href=\"https:\/\/www.alhadath.net\/videos\/2025\/09\/25\/%D8%AA%D8%B1%D9%85%D8%A8-%D9%8A%D8%B9%D8%B1%D8%B6-%D8%B9%D9%84%D9%89-%D9%82%D8%A7%D8%AF%D8%A9-%D8%B9%D8%B1%D8%A8-%D8%AE%D8%B7%D8%A9-%D9%85%D9%86-21-%D9%86%D9%82%D8%B7%D8%A9-%D9%84%D9%84%D8%B3%D9%84%D8%A7%D9%85-%D9%81%D9%8A-%D8%A7%D9%84%D8%B4%D8%B1%D9%82-%D8%A7%D9%84%D8%A7%D9%88%D8%B3%D8%B7\" target=\"_blank\" rel=\"noreferrer noopener\" title=\"https:\/\/www.alhadath.net\/videos\/2025\/09\/25\/%D8%AA%D8%B1%D9%85%D8%A8-%D9%8A%D8%B9%D8%B1%D8%B6-%D8%B9%D9%84%D9%89-%D9%82%D8%A7%D8%AF%D8%A9-%D8%B9%D8%B1%D8%A8-%D8%AE%D8%B7%D8%A9-%D9%85%D9%86-21-%D9%86%D9%82%D8%B7%D8%A9-%D9%84%D9%84%D8%B3%D9%84%D8%A7%D9%85-%D9%81%D9%8A-%D8%A7%D9%84%D8%B4%D8%B1%D9%82-%D8%A7%D9%84%D8%A7%D9%88%D8%B3%D8%B7\">cha\u00eene saoudienne Al-Hadath<\/a> et le <a href=\"https:\/\/www.ynet.co.il\/news\/article\/ryq00cyhneg#autoplay\" target=\"_blank\" rel=\"noreferrer noopener\" title=\"https:\/\/www.ynet.co.il\/news\/article\/ryq00cyhneg#autoplay\">m\u00e9dia isra\u00e9lien Ynet<\/a> en ont d\u00e9voil\u00e9 plusieurs aspects. <\/p>\n<p class=\"sc-cPiKLX AiZTS text-element\">Selon <a href=\"https:\/\/www.axios.com\/2025\/09\/24\/trump-israel-gaza-peace-plan-un\" target=\"_blank\" rel=\"noreferrer noopener\" title=\"https:\/\/www.axios.com\/2025\/09\/24\/trump-israel-gaza-peace-plan-un\">le site am\u00e9ricain Axios<\/a>, les propositions des Etats-Unis seraient des variantes d\u2019id\u00e9es discut\u00e9es au cours des six derniers mois, des mises \u00e0 jour de plans ant\u00e9rieurs pr\u00e9sent\u00e9s par Jared Kushner, gendre de Donald Trump, et <a href=\"https:\/\/www.liberation.fr\/international\/moyen-orient\/plan-de-trump-pour-la-bande-de-gaza-tony-blair-pourrait-faire-son-retour-au-moyen-orient-20250926_MPVVJPDWNJHTRJDZ7MUZCCBHYQ\/\" target=\"_blank\" rel=\"noreferrer noopener\" title=\"https:\/\/www.liberation.fr\/international\/moyen-orient\/plan-de-trump-pour-la-bande-de-gaza-tony-blair-pourrait-faire-son-retour-au-moyen-orient-20250926_MPVVJPDWNJHTRJDZ7MUZCCBHYQ\/\">l\u2019ancien Premier ministre britannique Tony Blair<\/a>. <\/p>\n<p class=\"sc-cPiKLX AiZTS text-element\">Les principaux points du plan pr\u00e9voient la fin imm\u00e9diate des hostilit\u00e9s \u00e0 Gaza ; <a href=\"https:\/\/www.liberation.fr\/international\/moyen-orient\/guerre-a-gaza-tsahal-a-ramene-deux-corps-dotages-en-israel-20250829_AOXTVXWEWBER3CQLCJG4SX2H5U\/\" target=\"_blank\" rel=\"noreferrer noopener\" title=\"https:\/\/www.liberation.fr\/international\/moyen-orient\/guerre-a-gaza-tsahal-a-ramene-deux-corps-dotages-en-israel-20250829_AOXTVXWEWBER3CQLCJG4SX2H5U\/\">la lib\u00e9ration des otages isra\u00e9liens<\/a> en contrepartie de celle de milliers de prisonniers palestiniens, dont 100 \u00e0 200 d\u00e9tenus condamn\u00e9s \u00e0 la perp\u00e9tuit\u00e9 ; un retrait progressif des forces arm\u00e9es de l\u2019Etat h\u00e9breu ; et un afflux d\u2019aide humanitaire sous l\u2019\u00e9gide de l\u2019ONU. <\/p>\n<p class=\"sc-cPiKLX AiZTS text-element\">Selon une source diplomatique \u00e0 l\u2019AFP, les dirigeants des pays arabes et musulmans ont accueilli favorablement ces propositions, et appel\u00e9 une nouvelle fois lors de la r\u00e9union \u00e0 la fin des op\u00e9rations militaires isra\u00e9liennes \u00e0 Gaza.<\/p>\n<p class=\"sc-cPiKLX AiZTS text-element\">Toujours selon Al-Hadath, le plan Trump exige \u00e9galement la confiscation des armes du Hamas par une force arabe et internationale ; en contrepartie de cela et de leur retrait de l\u2019enclave, les dirigeants du groupe terroriste se verraient proposer une amnistie. Une entit\u00e9 arabe internationale serait en charge d\u2019administrer Gaza apr\u00e8s la guerre pour une p\u00e9riode limit\u00e9e, \u00e0 l\u2019invitation de l\u2019Autorit\u00e9 palestinienne. Une commission palestinienne, \u00e9lue par l\u2019Autorit\u00e9 palestinienne, serait \u00e9galement cr\u00e9\u00e9e pour g\u00e9rer les affaires de l\u2019enclave.<\/p>\n<p class=\"sc-cPiKLX AiZTS text-element\">Depuis le d\u00e9but de la guerre d\u00e9clench\u00e9e apr\u00e8s l\u2019attaque du mouvement palestinien contre le sud d\u2019Isra\u00ebl le 7 octobre 2023, le gouvernement isra\u00e9lien a jur\u00e9 d\u2019\u00e9liminer le Hamas et affirm\u00e9 que celui-ci ne pouvait jouer aucun r\u00f4le futur dans la gouvernance. Les dirigeants arabes et musulmans ont \u00e9galement soulign\u00e9 lors de la r\u00e9union qu\u2019ils s\u2019opposaient \u00e0 toute mesure qui compromettrait la r\u00e9forme de l\u2019Autorit\u00e9 palestinienne ou l\u2019emp\u00eacherait d\u2019\u00eatre habilit\u00e9e \u00e0 gouverner \u00e0 la fois Gaza et la Cisjordanie occup\u00e9e, a ajout\u00e9 la source diplomatique de l\u2019AFP.<\/p>\n<p class=\"sc-cPiKLX AiZTS text-element\">Le plan am\u00e9ricain comprendrait \u00e9galement la mention d\u2019une reconstruction de l\u2019enclave palestinienne, <a href=\"https:\/\/www.liberation.fr\/international\/moyen-orient\/larmee-israelienne-dit-quelle-va-utiliser-une-force-sans-precedent-a-gaza-city-20250919_ULLY6LRO65DKFLFBRPL3ATDUI4\/\" target=\"_blank\" rel=\"noreferrer noopener\" title=\"https:\/\/www.liberation.fr\/international\/moyen-orient\/larmee-israelienne-dit-quelle-va-utiliser-une-force-sans-precedent-a-gaza-city-20250919_ULLY6LRO65DKFLFBRPL3ATDUI4\/\">d\u00e9truite par deux ans d\u2019intenses bombardements<\/a>, financ\u00e9e par des fonds arabes et internationaux. Le texte que doivent encore valider <a href=\"https:\/\/www.liberation.fr\/international\/moyen-orient\/gaza-le-hamas-aurait-accepte-laccord-de-liberation-des-otages-soutenu-par-trump-20250927_WYZFC6A7VJGTLLVPNMVYKB66EY\/\" target=\"_blank\" rel=\"noreferrer noopener\" title=\"https:\/\/www.liberation.fr\/international\/moyen-orient\/gaza-le-hamas-aurait-accepte-laccord-de-liberation-des-otages-soutenu-par-trump-20250927_WYZFC6A7VJGTLLVPNMVYKB66EY\/\">le Hamas<\/a> et le gouvernement de Benyamin N\u00e9tanyahou \u00e9voque de plus la cr\u00e9ation d\u2019un p\u00e9rim\u00e8tre de s\u00e9curit\u00e9 non occup\u00e9 autour de Gaza, de 500 \u00e0 1 000 m\u00e8tres de large. <\/p>\n<p class=\"sc-cPiKLX AiZTS text-element\">Les dirigeants arabes rencontr\u00e9s par Donald Trump auraient \u00e9galement demand\u00e9 des assurances contre le d\u00e9placement des habitants de Gaza, contre toute entrave \u00e0 leur retour et contre toute tentative d\u2019occuper le territoire.<\/p>\n<p class=\"sc-cPiKLX AiZTS text-element\">En f\u00e9vrier, Trump avait suscit\u00e9 l\u2019indignation dans le monde arabe, tout en r\u00e9jouissant Isra\u00ebl, en \u00e9voquant l\u2019id\u00e9e de transformer Gaza en \u00abRiviera du Moyen-Orient\u00bb apr\u00e8s en avoir d\u00e9plac\u00e9 les habitants palestiniens et plac\u00e9 le territoire sous contr\u00f4le am\u00e9ricain. <\/p>\n<p class=\"sc-cPiKLX AiZTS text-element\">Les dirigeants arabes et musulmans auraient enfin selon l\u2019AFP r\u00e9clam\u00e9 des garanties contre <a href=\"https:\/\/www.liberation.fr\/international\/moyen-orient\/en-cisjordanie-israel-asphyxie-leconomie-pour-saper-la-legitimite-de-lautorite-palestinienne-20250922_IT74FPZJN5F3PAZHX3HI35XG7Q\/\" target=\"_blank\" rel=\"noreferrer noopener\" title=\"https:\/\/www.liberation.fr\/international\/moyen-orient\/en-cisjordanie-israel-asphyxie-leconomie-pour-saper-la-legitimite-de-lautorite-palestinienne-20250922_IT74FPZJN5F3PAZHX3HI35XG7Q\/\">l\u2019annexion de parties de la Cisjordanie<\/a> (occup\u00e9e par Isra\u00ebl depuis 1967) ou toute mesure susceptible de modifier le statu quo juridique et historique des lieux saints de J\u00e9rusalem. <\/p>\n<p class=\"sc-cPiKLX AiZTS text-element\">Le plan pr\u00e9sent\u00e9 par Washington assure selon Al-Hadath que les Etats-Unis emp\u00eacheront la poursuite de l\u2019annexion de la r\u00e9gion. Jeudi, Donald Trump avait pour la premi\u00e8re fois pris position sur le sujet en martelant : \u00abJe ne permettrai pas \u00e0 Isra\u00ebl d\u2019annexer la Cisjordanie. Non, je ne le permettrai pas. Cela n\u2019arrivera pas. [\u2026] Cela suffit comme \u00e7a. Il est temps d\u2019arr\u00eater maintenant.\u00bb <\/p>\n<p class=\"sc-cPiKLX AiZTS text-element\">Un communiqu\u00e9 conjoint des pays arabes et musulmans repr\u00e9sent\u00e9s \u00e0 la r\u00e9union de mardi a indiqu\u00e9 que les dirigeants avaient \u00abr\u00e9affirm\u00e9 leur engagement \u00e0 coop\u00e9rer avec le pr\u00e9sident Trump et soulign\u00e9 l\u2019importance de son leadership pour mettre fin \u00e0 la guerre\u00bb. <\/p>\n<p class=\"sc-cPiKLX AiZTS text-element\">Axios a cit\u00e9 des responsables arabes affirmant que les participants \u00e9taient repartis \u00abtr\u00e8s optimistes\u00bb. \u00abPour la premi\u00e8re fois, nous avons eu le sentiment qu\u2019un plan s\u00e9rieux \u00e9tait sur la table\u00bb, ont-ils dit. <\/p>\n<p class=\"sc-cPiKLX AiZTS text-element\">\u00abNous sommes pleins d\u2019espoir, et je dirais m\u00eame confiants, que dans les jours \u00e0 venir nous serons en mesure d\u2019annoncer une sorte de perc\u00e9e\u00bb, a assur\u00e9 l\u2019\u00e9missaire am\u00e9ricain Steve Witkoff mercredi. Vendredi, <a href=\"https:\/\/www.liberation.fr\/international\/guerre-a-gaza-il-semble-que-nous-ayons-un-accord-declare-donald-trump-20250926_74VOYFN6Z5ATNFVO3557UCPFYA\/\" target=\"_blank\" rel=\"noreferrer noopener\" title=\"https:\/\/www.liberation.fr\/international\/guerre-a-gaza-il-semble-que-nous-ayons-un-accord-declare-donald-trump-20250926_74VOYFN6Z5ATNFVO3557UCPFYA\/\">le pr\u00e9sident am\u00e9ricain<\/a> a affirm\u00e9 : \u00abJe pense que nous avons un accord.\u00bb \u00abCe sera un accord qui ram\u00e8nera les otages. Ce sera un accord qui mettra fin \u00e0 la guerre\u00bb, a promis Donald Trump. Le pr\u00e9sident am\u00e9ricain doit rencontrer lundi Benyamin N\u00e9tanyahou \u00e0 la Maison Blanche afin de finaliser ce plan. Le Premier ministre isra\u00e9lien s\u2019est d\u2019ores et d\u00e9j\u00e0 d\u00e9clar\u00e9 oppos\u00e9 \u00e0 plusieurs de ses points. <\/p>\n","protected":false},"excerpt":{"rendered":"Le pr\u00e9sident am\u00e9ricain Donald Trump a pr\u00e9sent\u00e9 cette semaine un nouveau plan de paix pour Gaza aux dirigeants&hellip;\n","protected":false},"author":2,"featured_media":422785,"comment_status":"","ping_status":"","sticky":false,"template":"","format":"standard","meta":{"footnotes":""},"categories":[2],"tags":[11,2486,75,73,1011,27,3517,3522,664,3523,12,25],"class_list":{"0":"post-422784","1":"post","2":"type-post","3":"status-publish","4":"format-standard","5":"has-post-thumbnail","7":"category-actualites","8":"tag-actualites","9":"tag-cisjordanie","10":"tag-donald-trump","11":"tag-etats-unis","12":"tag-fr","13":"tag-france","14":"tag-gaza-l-escalade","15":"tag-guerre-hamas-israel","16":"tag-israel","17":"tag-israel-palestine-conflit","18":"tag-news","19":"tag-republique-francaise"},"share_on_mastodon":{"url":"https:\/\/pubeurope.com\/@fr\/115279614626847160","error":""},"_links":{"self":[{"href":"https:\/\/www.europesays.com\/fr\/wp-json\/wp\/v2\/posts\/422784","targetHints":{"allow":["GET"]}}],"collection":[{"href":"https:\/\/www.europesays.com\/fr\/wp-json\/wp\/v2\/posts"}],"about":[{"href":"https:\/\/www.europesays.com\/fr\/wp-json\/wp\/v2\/types\/post"}],"author":[{"embeddable":true,"href":"https:\/\/www.europesays.com\/fr\/wp-json\/wp\/v2\/users\/2"}],"replies":[{"embeddable":true,"href":"https:\/\/www.europesays.com\/fr\/wp-json\/wp\/v2\/comments?post=422784"}],"version-history":[{"count":0,"href":"https:\/\/www.europesays.com\/fr\/wp-json\/wp\/v2\/posts\/422784\/revisions"}],"wp:featuredmedia":[{"embeddable":true,"href":"https:\/\/www.europesays.com\/fr\/wp-json\/wp\/v2\/media\/422785"}],"wp:attachment":[{"href":"https:\/\/www.europesays.com\/fr\/wp-json\/wp\/v2\/media?parent=422784"}],"wp:term":[{"taxonomy":"category","embeddable":true,"href":"https:\/\/www.europesays.com\/fr\/wp-json\/wp\/v2\/categories?post=422784"},{"taxonomy":"post_tag","embeddable":true,"href":"https:\/\/www.europesays.com\/fr\/wp-json\/wp\/v2\/tags?post=422784"}],"curies":[{"name":"wp","href":"https:\/\/api.w.org\/{rel}","templated":true}]}}