{"id":422798,"date":"2025-09-28T02:48:13","date_gmt":"2025-09-28T02:48:13","guid":{"rendered":"https:\/\/www.europesays.com\/fr\/422798\/"},"modified":"2025-09-28T02:48:13","modified_gmt":"2025-09-28T02:48:13","slug":"bezzecchi-domine-la-premiere-journee-du-gp-du-japon","status":"publish","type":"post","link":"https:\/\/www.europesays.com\/fr\/422798\/","title":{"rendered":"Bezzecchi domine la premi\u00e8re journ\u00e9e du GP du Japon"},"content":{"rendered":"<p>28\u00b0C dans l&rsquo;air et 38\u00b0C au sol pour cette deuxi\u00e8me s\u00e9ance d&rsquo;essais ce vendredi : la m\u00e9t\u00e9o est chaude, voire \u00e9touffante, sur le circuit Motegi. L&rsquo;ambiance est m\u00eame \u00e9lectrique pour certains, comme du c\u00f4t\u00e9 du box officiel Ducati : Marc Marquez joue sa \u00ab\u00a0premi\u00e8re balle de match\u00a0\u00bb ce week-end, sur les terres m\u00eame de son ancien employeur Honda ! Pour rappel, il lui suffit de trois points suppl\u00e9mentaires sur son fr\u00e8re pour \u00eatre sacr\u00e9.<\/p>\n<p>Le n\u00b093 d\u00e9marre ce moment capital dans le bon rythme, fort de sa troisi\u00e8me place \u00e0 0,167 sec du leader Marco Bezzecchi. Celui-ci confirme son irr\u00e9sistible mont\u00e9e en puissance sur la RS-GP : l&rsquo;italien lorgne sans vergogne sur la troisi\u00e8me place finale du championnat,\u00a0 avec seulement 8 points de retard sur Pecco Bagnaia (229 pts contre 237). Le n\u00b072 le confie sans d\u00e9tour : son Aprilia est actuellement \u00e0 un tel niveau de performances, qu&rsquo;il n&rsquo;ose m\u00eame plus toucher \u00e0 ses r\u00e9glages !<\/p>\n<p>Quatri\u00e8me et sixi\u00e8me, Joan Mir et Luca Marini placent les RC213V officielles dans une position flatteuse \u00e0 domicile, le circuit Motegi appartenant \u00e0 Honda. Leader presque surprise ce matin, Francesco Bagnaia redescend dans le classement ce vendredi apr\u00e8s-midi devant Fabio Quartararo. Johann Zarco, 10\u00e8me \u00e0 une demi-seconde du leader, est le dernier pilote directement int\u00e9gr\u00e9 aux \u00ab\u00a0super\u00a0\u00bb qualifications QP2.<\/p>\n<p>Les s\u00e9ances qualificatives du GP du Japon d\u00e9marreront demain samedi \u00e0 3h50 (QP1) puis 4h15 (QP2), heures de Paris. Elles seront suivies par la course Sprint \u00e0 8h00, \u00e9galement heure fran\u00e7aise.<\/p>\n<p>R\u00e9sultats des essais Moto GP du Japon 2025\u00a0<\/p>\n<tr>\n<td style=\"border-color: #000000; border-style: solid; border-width: 1px; text-align: center;\"><strong>Pos.<\/strong><\/td>\n<td style=\"border-color: #000000; border-style: solid; border-width: 1px; text-align: center;\"><strong>pilote<\/strong><\/td>\n<td style=\"border-color: #000000; border-style: solid; border-width: 1px; text-align: center;\"><strong>Team<\/strong><\/td>\n<td style=\"border-color: #000000; border-style: solid; border-width: 1px; text-align: center;\"><strong>\u00c9cart premier \/ pr\u00e9c\u00e9dent<\/strong><\/td>\n<td style=\"border-color: #000000; border-style: solid; border-width: 1px; text-align: center;\"><strong>Chronos<\/strong><\/td>\n<\/tr>\n<tr>\n<td style=\"border-color: #000000; border-style: solid; border-width: 1px; text-align: center;\"><strong>1<\/strong><\/td>\n<td style=\"border-color: #000000; border-style: solid; border-width: 1px; text-align: center;\">72M. Bezzecchi<\/td>\n<td style=\"border-color: #000000; border-style: solid; border-width: 1px; text-align: center;\">Aprilia Racing<\/td>\n<td style=\"border-color: #000000; border-style: solid; border-width: 1px; text-align: center;\">\u00a0<\/td>\n<td style=\"border-color: #000000; border-style: solid; border-width: 1px; text-align: center;\">01:43.193<\/td>\n<\/tr>\n<tr>\n<td style=\"border-color: #000000; border-style: solid; border-width: 1px; text-align: center;\"><strong>2<\/strong><\/td>\n<td style=\"border-color: #000000; border-style: solid; border-width: 1px; text-align: center;\">37P. Acosta<\/td>\n<td style=\"border-color: #000000; border-style: solid; border-width: 1px; text-align: center;\">Red Bull KTM Factory Racing<\/td>\n<td style=\"border-color: #000000; border-style: solid; border-width: 1px; text-align: center;\">+0.136 \/ +0.136<\/td>\n<td style=\"border-color: #000000; border-style: solid; border-width: 1px; text-align: center;\">01:43.329<\/td>\n<\/tr>\n<tr>\n<td style=\"border-color: #000000; border-style: solid; border-width: 1px; text-align: center;\"><strong>3<\/strong><\/td>\n<td style=\"border-color: #000000; border-style: solid; border-width: 1px; text-align: center;\">93M. Marquez<\/td>\n<td style=\"border-color: #000000; border-style: solid; border-width: 1px; text-align: center;\">Ducati Lenovo Team<\/td>\n<td style=\"border-color: #000000; border-style: solid; border-width: 1px; text-align: center;\">+0.167 \/ +0.031<\/td>\n<td style=\"border-color: #000000; border-style: solid; border-width: 1px; text-align: center;\">01:43.360<\/td>\n<\/tr>\n<tr>\n<td style=\"border-color: #000000; border-style: solid; border-width: 1px; text-align: center;\"><strong>4<\/strong><\/td>\n<td style=\"border-color: #000000; border-style: solid; border-width: 1px; text-align: center;\">36J. Mir<\/td>\n<td style=\"border-color: #000000; border-style: solid; border-width: 1px; text-align: center;\">Honda HRC Castrol<\/td>\n<td style=\"border-color: #000000; border-style: solid; border-width: 1px; text-align: center;\">+0.168 \/ +0.001<\/td>\n<td style=\"border-color: #000000; border-style: solid; border-width: 1px; text-align: center;\">01:43.361<\/td>\n<\/tr>\n<tr>\n<td style=\"border-color: #000000; border-style: solid; border-width: 1px; text-align: center;\"><strong>5<\/strong><\/td>\n<td style=\"border-color: #000000; border-style: solid; border-width: 1px; text-align: center;\">49F. Di Giannantonio<\/td>\n<td style=\"border-color: #000000; border-style: solid; border-width: 1px; text-align: center;\">Pertamina Enduro VR46 Racing Team<\/td>\n<td style=\"border-color: #000000; border-style: solid; border-width: 1px; text-align: center;\">+0.198 \/ +0.030<\/td>\n<td style=\"border-color: #000000; border-style: solid; border-width: 1px; text-align: center;\">01:43.391<\/td>\n<\/tr>\n<tr>\n<td style=\"border-color: #000000; border-style: solid; border-width: 1px; text-align: center;\"><strong>6<\/strong><\/td>\n<td style=\"border-color: #000000; border-style: solid; border-width: 1px; text-align: center;\">10L. Marini<\/td>\n<td style=\"border-color: #000000; border-style: solid; border-width: 1px; text-align: center;\">Honda HRC Castrol<\/td>\n<td style=\"border-color: #000000; border-style: solid; border-width: 1px; text-align: center;\">+0.310 \/ +0.112<\/td>\n<td style=\"border-color: #000000; border-style: solid; border-width: 1px; text-align: center;\">01:43.503<\/td>\n<\/tr>\n<tr>\n<td style=\"border-color: #000000; border-style: solid; border-width: 1px; text-align: center;\"><strong>7<\/strong><\/td>\n<td style=\"border-color: #000000; border-style: solid; border-width: 1px; text-align: center;\">63F. Bagnaia<\/td>\n<td style=\"border-color: #000000; border-style: solid; border-width: 1px; text-align: center;\">Ducati Lenovo Team<\/td>\n<td style=\"border-color: #000000; border-style: solid; border-width: 1px; text-align: center;\">+0.346 \/ +0.036<\/td>\n<td style=\"border-color: #000000; border-style: solid; border-width: 1px; text-align: center;\">01:43.539<\/td>\n<\/tr>\n<tr>\n<td style=\"border-color: #000000; border-style: solid; border-width: 1px; text-align: center;\"><strong>8<\/strong><\/td>\n<td style=\"border-color: #000000; border-style: solid; border-width: 1px; text-align: center;\"><strong>20F. Quartararo<\/strong><\/td>\n<td style=\"border-color: #000000; border-style: solid; border-width: 1px; text-align: center;\"><strong>Monster Energy Yamaha MotoGP Team<\/strong><\/td>\n<td style=\"border-color: #000000; border-style: solid; border-width: 1px; text-align: center;\"><strong>+0.401 \/ +0.055<\/strong><\/td>\n<td style=\"border-color: #000000; border-style: solid; border-width: 1px; text-align: center;\"><strong>01:43.594<\/strong><\/td>\n<\/tr>\n<tr>\n<td style=\"border-color: #000000; border-style: solid; border-width: 1px; text-align: center;\"><strong>9<\/strong><\/td>\n<td style=\"border-color: #000000; border-style: solid; border-width: 1px; text-align: center;\">25R. Fernandez<\/td>\n<td style=\"border-color: #000000; border-style: solid; border-width: 1px; text-align: center;\">Trackhouse MotoGP Team<\/td>\n<td style=\"border-color: #000000; border-style: solid; border-width: 1px; text-align: center;\">+0.473 \/ +0.072<\/td>\n<td style=\"border-color: #000000; border-style: solid; border-width: 1px; text-align: center;\">01:43.666<\/td>\n<\/tr>\n<tr>\n<td style=\"border-color: #000000; border-style: solid; border-width: 1px; text-align: center;\"><strong>10<\/strong><\/td>\n<td style=\"border-color: #000000; border-style: solid; border-width: 1px; text-align: center;\"><strong>5J. Zarco<\/strong><\/td>\n<td style=\"border-color: #000000; border-style: solid; border-width: 1px; text-align: center;\"><strong>CASTROL Honda LCR<\/strong><\/td>\n<td style=\"border-color: #000000; border-style: solid; border-width: 1px; text-align: center;\"><strong>+0.541 \/ +0.068<\/strong><\/td>\n<td style=\"border-color: #000000; border-style: solid; border-width: 1px; text-align: center;\"><strong>01:43.734<\/strong><\/td>\n<\/tr>\n<tr>\n<td style=\"border-color: #000000; border-style: solid; border-width: 1px; text-align: center;\"><strong>11<\/strong><\/td>\n<td style=\"border-color: #000000; border-style: solid; border-width: 1px; text-align: center;\">54F. Aldeguer<\/td>\n<td style=\"border-color: #000000; border-style: solid; border-width: 1px; text-align: center;\">BK8 Gresini Racing MotoGP<\/td>\n<td style=\"border-color: #000000; border-style: solid; border-width: 1px; text-align: center;\">+0.549 \/ +0.008<\/td>\n<td style=\"border-color: #000000; border-style: solid; border-width: 1px; text-align: center;\">01:43.742<\/td>\n<\/tr>\n<tr>\n<td style=\"border-color: #000000; border-style: solid; border-width: 1px; text-align: center;\"><strong>12<\/strong><\/td>\n<td style=\"border-color: #000000; border-style: solid; border-width: 1px; text-align: center;\">23E. Bastianini<\/td>\n<td style=\"border-color: #000000; border-style: solid; border-width: 1px; text-align: center;\">Red Bull KTM Tech3<\/td>\n<td style=\"border-color: #000000; border-style: solid; border-width: 1px; text-align: center;\">+0.550 \/ +0.001<\/td>\n<td style=\"border-color: #000000; border-style: solid; border-width: 1px; text-align: center;\">01:43.743<\/td>\n<\/tr>\n<tr>\n<td style=\"border-color: #000000; border-style: solid; border-width: 1px; text-align: center;\"><strong>13<\/strong><\/td>\n<td style=\"border-color: #000000; border-style: solid; border-width: 1px; text-align: center;\">1J. Martin<\/td>\n<td style=\"border-color: #000000; border-style: solid; border-width: 1px; text-align: center;\">Aprilia Racing<\/td>\n<td style=\"border-color: #000000; border-style: solid; border-width: 1px; text-align: center;\">+0.591 \/ +0.041<\/td>\n<td style=\"border-color: #000000; border-style: solid; border-width: 1px; text-align: center;\">01:43.784<\/td>\n<\/tr>\n<tr>\n<td style=\"border-color: #000000; border-style: solid; border-width: 1px; text-align: center;\"><strong>14<\/strong><\/td>\n<td style=\"border-color: #000000; border-style: solid; border-width: 1px; text-align: center;\">79A. Ogura<\/td>\n<td style=\"border-color: #000000; border-style: solid; border-width: 1px; text-align: center;\">Trackhouse MotoGP Team<\/td>\n<td style=\"border-color: #000000; border-style: solid; border-width: 1px; text-align: center;\">+0.591 \/ +0.000<\/td>\n<td style=\"border-color: #000000; border-style: solid; border-width: 1px; text-align: center;\">01:43.784<\/td>\n<\/tr>\n<tr>\n<td style=\"border-color: #000000; border-style: solid; border-width: 1px; text-align: center;\"><strong>15<\/strong><\/td>\n<td style=\"border-color: #000000; border-style: solid; border-width: 1px; text-align: center;\">73A. Marquez<\/td>\n<td style=\"border-color: #000000; border-style: solid; border-width: 1px; text-align: center;\">BK8 Gresini Racing MotoGP<\/td>\n<td style=\"border-color: #000000; border-style: solid; border-width: 1px; text-align: center;\">+0.591 \/ +0.000<\/td>\n<td style=\"border-color: #000000; border-style: solid; border-width: 1px; text-align: center;\">01:43.784<\/td>\n<\/tr>\n<tr>\n<td style=\"border-color: #000000; border-style: solid; border-width: 1px; text-align: center;\"><strong>16<\/strong><\/td>\n<td style=\"border-color: #000000; border-style: solid; border-width: 1px; text-align: center;\">21F. Morbidelli<\/td>\n<td style=\"border-color: #000000; border-style: solid; border-width: 1px; text-align: center;\">Pertamina Enduro VR46 Racing Team<\/td>\n<td style=\"border-color: #000000; border-style: solid; border-width: 1px; text-align: center;\">+0.635 \/ +0.044<\/td>\n<td style=\"border-color: #000000; border-style: solid; border-width: 1px; text-align: center;\">01:43.828<\/td>\n<\/tr>\n<tr>\n<td style=\"border-color: #000000; border-style: solid; border-width: 1px; text-align: center;\"><strong>17<\/strong><\/td>\n<td style=\"border-color: #000000; border-style: solid; border-width: 1px; text-align: center;\">33B. Binder<\/td>\n<td style=\"border-color: #000000; border-style: solid; border-width: 1px; text-align: center;\">Red Bull KTM Factory Racing<\/td>\n<td style=\"border-color: #000000; border-style: solid; border-width: 1px; text-align: center;\">+0.662 \/ +0.027<\/td>\n<td style=\"border-color: #000000; border-style: solid; border-width: 1px; text-align: center;\">01:43.855<\/td>\n<\/tr>\n<tr>\n<td style=\"border-color: #000000; border-style: solid; border-width: 1px; text-align: center;\"><strong>18<\/strong><\/td>\n<td style=\"border-color: #000000; border-style: solid; border-width: 1px; text-align: center;\">35S. Chantra<\/td>\n<td style=\"border-color: #000000; border-style: solid; border-width: 1px; text-align: center;\">IDEMITSU Honda LCR<\/td>\n<td style=\"border-color: #000000; border-style: solid; border-width: 1px; text-align: center;\">+0.718 \/ +0.056<\/td>\n<td style=\"border-color: #000000; border-style: solid; border-width: 1px; text-align: center;\">01:43.911<\/td>\n<\/tr>\n<tr>\n<td style=\"border-color: #000000; border-style: solid; border-width: 1px; text-align: center;\"><strong>19<\/strong><\/td>\n<td style=\"border-color: #000000; border-style: solid; border-width: 1px; text-align: center;\">42A. Rins<\/td>\n<td style=\"border-color: #000000; border-style: solid; border-width: 1px; text-align: center;\">Monster Energy Yamaha MotoGP Team<\/td>\n<td style=\"border-color: #000000; border-style: solid; border-width: 1px; text-align: center;\">+0.820 \/ +0.102<\/td>\n<td style=\"border-color: #000000; border-style: solid; border-width: 1px; text-align: center;\">01:44.013<\/td>\n<\/tr>\n<tr>\n<td style=\"border-color: #000000; border-style: solid; border-width: 1px; text-align: center;\"><strong>20<\/strong><\/td>\n<td style=\"border-color: #000000; border-style: solid; border-width: 1px; text-align: center;\">43J. Miller<\/td>\n<td style=\"border-color: #000000; border-style: solid; border-width: 1px; text-align: center;\">Prima Pramac Yamaha MotoGP<\/td>\n<td style=\"border-color: #000000; border-style: solid; border-width: 1px; text-align: center;\">+0.920 \/ +0.100<\/td>\n<td style=\"border-color: #000000; border-style: solid; border-width: 1px; text-align: center;\">01:44.113<\/td>\n<\/tr>\n<tr>\n<td style=\"border-color: #000000; border-style: solid; border-width: 1px; text-align: center;\"><strong>21<\/strong><\/td>\n<td style=\"border-color: #000000; border-style: solid; border-width: 1px; text-align: center;\">30T. Nakagami<\/td>\n<td style=\"border-color: #000000; border-style: solid; border-width: 1px; text-align: center;\">Honda HRC Test Team<\/td>\n<td style=\"border-color: #000000; border-style: solid; border-width: 1px; text-align: center;\">+1.009 \/ +0.089<\/td>\n<td style=\"border-color: #000000; border-style: solid; border-width: 1px; text-align: center;\">01:44.202<\/td>\n<\/tr>\n<tr>\n<td style=\"border-color: #000000; border-style: solid; border-width: 1px; text-align: center;\"><strong>22<\/strong><\/td>\n<td style=\"border-color: #000000; border-style: solid; border-width: 1px; text-align: center;\">88M. Oliveira<\/td>\n<td style=\"border-color: #000000; border-style: solid; border-width: 1px; text-align: center;\">Prima Pramac Yamaha MotoGP<\/td>\n<td style=\"border-color: #000000; border-style: solid; border-width: 1px; text-align: center;\">+1.461 \/ +0.452<\/td>\n<td style=\"border-color: #000000; border-style: solid; border-width: 1px; text-align: center;\">01:44.654<\/td>\n<\/tr>\n<tr>\n<td style=\"border-color: #000000; border-style: solid; border-width: 1px; text-align: center;\"><strong>23<\/strong><\/td>\n<td style=\"border-color: #000000; border-style: solid; border-width: 1px; text-align: center;\">12M. Vi\u00f1ales<\/td>\n<td style=\"border-color: #000000; border-style: solid; border-width: 1px; text-align: center;\">Red Bull KTM Tech3<\/td>\n<td style=\"border-color: #000000; border-style: solid; border-width: 1px; text-align: center;\">+1.608 \/ +0.147<\/td>\n<td style=\"border-color: #000000; border-style: solid; border-width: 1px; text-align: center;\">01:44.801<\/td>\n<\/tr>\n","protected":false},"excerpt":{"rendered":"28\u00b0C dans l&rsquo;air et 38\u00b0C au sol pour cette deuxi\u00e8me s\u00e9ance d&rsquo;essais ce vendredi : la m\u00e9t\u00e9o est&hellip;\n","protected":false},"author":2,"featured_media":422799,"comment_status":"","ping_status":"","sticky":false,"template":"","format":"standard","meta":{"footnotes":""},"categories":[1413],"tags":[1011,27,1457,1456,60],"class_list":{"0":"post-422798","1":"post","2":"type-post","3":"status-publish","4":"format-standard","5":"has-post-thumbnail","7":"category-moto","8":"tag-fr","9":"tag-france","10":"tag-moto","11":"tag-motocycle","12":"tag-sports"},"share_on_mastodon":{"url":"https:\/\/pubeurope.com\/@fr\/115279646178482088","error":""},"_links":{"self":[{"href":"https:\/\/www.europesays.com\/fr\/wp-json\/wp\/v2\/posts\/422798","targetHints":{"allow":["GET"]}}],"collection":[{"href":"https:\/\/www.europesays.com\/fr\/wp-json\/wp\/v2\/posts"}],"about":[{"href":"https:\/\/www.europesays.com\/fr\/wp-json\/wp\/v2\/types\/post"}],"author":[{"embeddable":true,"href":"https:\/\/www.europesays.com\/fr\/wp-json\/wp\/v2\/users\/2"}],"replies":[{"embeddable":true,"href":"https:\/\/www.europesays.com\/fr\/wp-json\/wp\/v2\/comments?post=422798"}],"version-history":[{"count":0,"href":"https:\/\/www.europesays.com\/fr\/wp-json\/wp\/v2\/posts\/422798\/revisions"}],"wp:featuredmedia":[{"embeddable":true,"href":"https:\/\/www.europesays.com\/fr\/wp-json\/wp\/v2\/media\/422799"}],"wp:attachment":[{"href":"https:\/\/www.europesays.com\/fr\/wp-json\/wp\/v2\/media?parent=422798"}],"wp:term":[{"taxonomy":"category","embeddable":true,"href":"https:\/\/www.europesays.com\/fr\/wp-json\/wp\/v2\/categories?post=422798"},{"taxonomy":"post_tag","embeddable":true,"href":"https:\/\/www.europesays.com\/fr\/wp-json\/wp\/v2\/tags?post=422798"}],"curies":[{"name":"wp","href":"https:\/\/api.w.org\/{rel}","templated":true}]}}