{"id":422800,"date":"2025-09-28T02:49:21","date_gmt":"2025-09-28T02:49:21","guid":{"rendered":"https:\/\/www.europesays.com\/fr\/422800\/"},"modified":"2025-09-28T02:49:21","modified_gmt":"2025-09-28T02:49:21","slug":"des-raisons-de-securite-publique-israel-premier-tech-exclue-du-tour-demilie-eurosport","status":"publish","type":"post","link":"https:\/\/www.europesays.com\/fr\/422800\/","title":{"rendered":"&quot;Des raisons de s\u00e9curit\u00e9 publique&quot; : Isra\u00ebl-Premier Tech exclue du Tour d&#039;Emilie &#8211; Eurosport"},"content":{"rendered":"<ol>\n<li><a href=\"https:\/\/news.google.com\/rss\/articles\/CBMi-AFBVV95cUxQQWdsZWJPOVUzcVEzUUE4R2tOdkxmeXM5SW9hVUg2VnduMmY1LUFhTkp6cy15UjRKRFNadUtBQkY3RThCUGRBdGtiQVV6Z2VvQ0J0cUpta1JGNllRcFN2dTFQM1lJcU1MUXJjY0tva2hoRTF0VzFxYi1jeEdHQjB6V1FTbUdXdGJwcUMzWlBFSFFjakRMOUtuUnRqekFtbzBTYW9FU29RTVFrZkdGN0dwNm1JYnJVdjhjbUVPZWdpRkxKODBYTVFrU2xWRnh3YWt1UW1QT0dmVFhpa2JRcG9jZk80NVpoaHFHdFNMWk1qOUVaeFFwVGRiYg?oc=5\" target=\"_blank\" rel=\"noopener\">\u00ab\u00a0Des raisons de s\u00e9curit\u00e9 publique\u00a0\u00bb : Isra\u00ebl-Premier Tech exclue du Tour d&rsquo;Emilie<\/a>&nbsp;&nbsp;Eurosport<\/li>\n<li><a href=\"https:\/\/news.google.com\/rss\/articles\/CBMi_gFBVV95cUxPNi01aDdqQ2o2cWVmZ0JIWjJkN01yZVBsVXpRX2J5NVFkRGZ3V3dZNjdiNTdNb3lxR1VIeHhWTEpVV2F6Vjd3cUNYZVVkVEJ2cDB5N0twbzB2Q2hfTWJXcXpmSlVWclZUd3NjWUVLbVFRdUpOOFNsNy1JME5VWDAzRjJCQkh5OXgwSDVvQldhbWxDSUJ3am9vQVZIam43SnViSlQzczhJZmR5ZjRSOW1SYUQwdUhSMHA5Q19sSHczaEpwYXpkWkFVWWxBajl1T1Y2X3lOQmJaY1VnMGlDM0huaWN3TEZHSUN4NDFGWXZpLVlPOE1FVXdBaHh1NGRSdw?oc=5\" target=\"_blank\" rel=\"noopener\">L&rsquo;\u00e9quipe Israel-Premier Tech exclue pour \u00ab raisons de s\u00e9curit\u00e9 publique \u00bb par les organisateurs du Tour d&rsquo;\u00c9milie<\/a>&nbsp;&nbsp;L&rsquo;\u00c9quipe<\/li>\n<li><a href=\"https:\/\/news.google.com\/rss\/articles\/CBMiywFBVV95cUxNV2dsRjVKQXZYSmozRXdRWDlhU1BGdTRDNUc2NmlPZjZ2TnM2OXdIc2Vobmg5MVhnVnVUSkhUUkRmbVB1aXNWZl9jcTVPTFBqTEZJYTdQejJPb1VXUm1FLTlrQklvbzl0WVB0WGtWcFAyYk1yOGlLMDk0elA0UFRWTTFIdFIxS2V5TDVOV1phZnFvQzJXTmNZQXlXWG1PeTZGRGhxcTRpNUoxbkN3TUhKN040TmtCclJsb0hnVXA0M05KeDcxY3JBaktlYw?oc=5\" target=\"_blank\" rel=\"noopener\">Cyclisme : L\u2019\u00e9quipe Israel Premier Tech Exclue Du Giro Dell\u2019Emilia Pour Raisons De S\u00e9curit\u00e9<\/a>&nbsp;&nbsp;i24NEWS<\/li>\n<li><a href=\"https:\/\/news.google.com\/rss\/articles\/CBMi-AFBVV95cUxPNVhzTWEwcmJidDJaMXZNY3BpZzV6bi11emExeTVVR0NvX2JMd1hYbzZ2Zlk2TGloLVZrMXdxNG5RTkZMNWhlSVBnTzBRZEk4WEN6RnI5VkVwQl9PdDFXaEhEd2doOWVfd1A5VzBVeWdlUG1HVXFnLWhHbThvekpSV3lldVA4X1M0clB6cmRyTnNQVFNyY1R5U0pMTVgwWjhqUXp4NzJQZUp0andKOHFMRE1wOTBVQkM3NzNPRjlCU1NaNFliYVJrejVVbTdOcnVnTmpsbXV6ZjRJbmFSeVR0YTUwTnJOdDl0Q1pYS3BFTTdzNktYMkg2UA?oc=5\" target=\"_blank\" rel=\"noopener\">L\u2019\u00e9quipe cycliste Israel-Premier Tech exclue du Tour d\u2019Emilie \u00ab pour des raisons de s\u00e9curit\u00e9 publique \u00bb<\/a>&nbsp;&nbsp;Le Monde.fr<\/li>\n<li><a href=\"https:\/\/news.google.com\/rss\/articles\/CBMi1AFBVV95cUxPMFN3WUdPbE1QY3Rhd2JfRGhVYUs4NGRkNGtWMGZsQU1MVk5adUw4SFNyYklPVU5uZVlvTW5UclFuMnBka0N3QUY2eERTNl90S1hNTFRCR3AtcnpnSGhzc0E0b0hQSlVhS0xNOEhGNEtKMkJzNHpoVlVvZk5QdkluOV9VcUhjUGVSTngyV3VLOGdlcG5LaDVfYmU0V3A3QzYyNnUyQ2NqNzd3ME9XbWZ6Z2NYRkhXVGlMT3doeTFKRC1EWVZ2Q01rNWJ5WnN4bkc0dkp1Tg?oc=5\" target=\"_blank\" rel=\"noopener\">\u00ab Les athl\u00e8tes isra\u00e9liens sont les bienvenus \u00bb, assure le pr\u00e9sident de l\u2019UCI<\/a>&nbsp;&nbsp;20 Minutes<\/li>\n<\/ol>\n","protected":false},"excerpt":{"rendered":"\u00ab\u00a0Des raisons de s\u00e9curit\u00e9 publique\u00a0\u00bb : Isra\u00ebl-Premier Tech exclue du Tour d&rsquo;Emilie&nbsp;&nbsp;Eurosport L&rsquo;\u00e9quipe Israel-Premier Tech exclue pour \u00ab&hellip;\n","protected":false},"author":2,"featured_media":395849,"comment_status":"","ping_status":"","sticky":false,"template":"","format":"standard","meta":{"footnotes":""},"categories":[1412],"tags":[1451,1452,1453,1454,1455,1011,27,60],"class_list":{"0":"post-422800","1":"post","2":"type-post","3":"status-publish","4":"format-standard","5":"has-post-thumbnail","7":"category-f1","8":"tag-f1","9":"tag-formula-1","10":"tag-formula1","11":"tag-formule-1","12":"tag-formule1","13":"tag-fr","14":"tag-france","15":"tag-sports"},"share_on_mastodon":{"url":"https:\/\/pubeurope.com\/@fr\/115279650062342790","error":""},"_links":{"self":[{"href":"https:\/\/www.europesays.com\/fr\/wp-json\/wp\/v2\/posts\/422800","targetHints":{"allow":["GET"]}}],"collection":[{"href":"https:\/\/www.europesays.com\/fr\/wp-json\/wp\/v2\/posts"}],"about":[{"href":"https:\/\/www.europesays.com\/fr\/wp-json\/wp\/v2\/types\/post"}],"author":[{"embeddable":true,"href":"https:\/\/www.europesays.com\/fr\/wp-json\/wp\/v2\/users\/2"}],"replies":[{"embeddable":true,"href":"https:\/\/www.europesays.com\/fr\/wp-json\/wp\/v2\/comments?post=422800"}],"version-history":[{"count":0,"href":"https:\/\/www.europesays.com\/fr\/wp-json\/wp\/v2\/posts\/422800\/revisions"}],"wp:featuredmedia":[{"embeddable":true,"href":"https:\/\/www.europesays.com\/fr\/wp-json\/wp\/v2\/media\/395849"}],"wp:attachment":[{"href":"https:\/\/www.europesays.com\/fr\/wp-json\/wp\/v2\/media?parent=422800"}],"wp:term":[{"taxonomy":"category","embeddable":true,"href":"https:\/\/www.europesays.com\/fr\/wp-json\/wp\/v2\/categories?post=422800"},{"taxonomy":"post_tag","embeddable":true,"href":"https:\/\/www.europesays.com\/fr\/wp-json\/wp\/v2\/tags?post=422800"}],"curies":[{"name":"wp","href":"https:\/\/api.w.org\/{rel}","templated":true}]}}