{"id":42281,"date":"2025-04-21T20:05:08","date_gmt":"2025-04-21T20:05:08","guid":{"rendered":"https:\/\/www.europesays.com\/fr\/42281\/"},"modified":"2025-04-21T20:05:08","modified_gmt":"2025-04-21T20:05:08","slug":"des-mai-decathlon-fermera-25-magasins-la-liste-des-villes-devoilee","status":"publish","type":"post","link":"https:\/\/www.europesays.com\/fr\/42281\/","title":{"rendered":"D\u00e8s mai, Decathlon fermera 25 magasins : la liste des villes d\u00e9voil\u00e9e"},"content":{"rendered":"<p class=\"\" data-start=\"513\" data-end=\"1005\"><strong data-start=\"513\" data-end=\"563\">C\u2019est une onde de choc qui traverse la France.<\/strong> L\u2019enseigne Decathlon, pilier du sport accessible pour tous, a annonc\u00e9 la fermeture prochaine de <strong data-start=\"660\" data-end=\"694\">25 magasins d\u00e8s le mois de mai<\/strong>. Une d\u00e9cision qui affectera non seulement des centaines d\u2019employ\u00e9s, mais aussi des milliers de clients <a href=\"https:\/\/www.laplasturgie.fr\/decathlon-prevoit-un-versement-dun-milliard-deuros-de-dividendes-a-la-famille-mulliez-en-2024\/\" rel=\"nofollow noopener\" target=\"_blank\">attach\u00e9s<\/a> \u00e0 leur point de vente local. Dans un contexte \u00e9conomique tendu, cette restructuration interroge sur l\u2019avenir du commerce de proximit\u00e9\u2026 et sur le sort de ces grandes enseignes autrefois intouchables.<\/p>\n<p class=\"\" data-start=\"1007\" data-end=\"1567\">\u00c0 Arras, o\u00f9 le magasin Decathlon est implant\u00e9 depuis plus de dix ans, l\u2019\u00e9motion est vive. Martine Laval, cliente fid\u00e8le et ancienne salari\u00e9e, confie : \u00ab C\u2019est un v\u00e9ritable choc, pas seulement pour moi, mais pour tout le quartier. Ce magasin, c\u2019\u00e9tait plus qu\u2019un lieu d\u2019achat. C\u2019\u00e9tait un lieu de vie, un point de rencontre pour les passionn\u00e9s de sport. \u00bb Ce t\u00e9moignage illustre \u00e0 quel point certaines enseignes jouent un r\u00f4le central dans la vie locale, bien au-del\u00e0 de leur fonction commerciale. Pour beaucoup, cette fermeture sonne comme la fin d\u2019une \u00e9poque.<\/p>\n<p>Villes concern\u00e9es, raisons \u00e9conomiques et avenir des salari\u00e9s<\/p>\n<p class=\"\" data-start=\"1640\" data-end=\"1970\">Les villes touch\u00e9es sont nombreuses. Outre <strong data-start=\"1683\" data-end=\"1692\">Arras<\/strong>, les fermetures annonc\u00e9es concernent \u00e9galement <strong data-start=\"1740\" data-end=\"1777\">Bordeaux, Marseille, Lyon, Nantes<\/strong> et plusieurs autres communes r\u00e9parties sur tout le territoire. Dans chacune d\u2019elles, la m\u00eame question revient : pourquoi maintenant ? Et surtout, que vont devenir les employ\u00e9s et les clients ?<\/p>\n<p class=\"\" data-start=\"1972\" data-end=\"2493\">La direction de Decathlon avance plusieurs explications. Parmi elles, la <strong data-start=\"2045\" data-end=\"2082\">mont\u00e9e en puissance du e-commerce<\/strong>, qui modifie en profondeur les habitudes d\u2019achat. De plus en plus de consommateurs pr\u00e9f\u00e8rent commander leurs \u00e9quipements en ligne, souvent avec livraison rapide ou retrait en point relais. Face \u00e0 cette \u00e9volution, certains magasins physiques sont devenus moins rentables. L\u2019entreprise \u00e9voque \u00e9galement une n\u00e9cessit\u00e9 de <strong data-start=\"2401\" data-end=\"2427\">r\u00e9organiser son r\u00e9seau<\/strong>, pour rester comp\u00e9titive face \u00e0 une concurrence qui s\u2019intensifie.<\/p>\n<p class=\"\" data-start=\"2495\" data-end=\"2974\">Du c\u00f4t\u00e9 des ressources humaines, Decathlon se veut rassurant. Environ <strong data-start=\"2565\" data-end=\"2581\">400 salari\u00e9s<\/strong> sont concern\u00e9s par ces fermetures. Des <strong data-start=\"2621\" data-end=\"2646\">plans de reclassement<\/strong> sont pr\u00e9vus, avec des propositions de mobilit\u00e9 interne et des dispositifs d\u2019accompagnement vers la reconversion. \u00ab Nous mettons tout en \u0153uvre pour soutenir nos \u00e9quipes dans cette transition \u00bb, a d\u00e9clar\u00e9 un repr\u00e9sentant du groupe. Reste \u00e0 savoir si ces solutions conviendront \u00e0 tous les employ\u00e9s, parfois enracin\u00e9s localement.<\/p>\n<p>Un bouleversement pour les clients\u2026 et le commerce de demain<\/p>\n<p class=\"\" data-start=\"3046\" data-end=\"3543\">Au-del\u00e0 des murs qui ferment, c\u2019est tout un <strong data-start=\"3090\" data-end=\"3116\">mod\u00e8le de consommation<\/strong> qui semble \u00e9voluer. Dans certaines villes, les clients redoutent de ne plus avoir acc\u00e8s \u00e0 du mat\u00e9riel sportif abordable \u00e0 proximit\u00e9. Decathlon promet de renforcer sa <strong data-start=\"3283\" data-end=\"3306\">plateforme en ligne<\/strong> et de d\u00e9velopper des services comme la livraison express ou le click &amp; collect pour compenser l\u2019absence physique. Mais cette \u00e9volution suffira-t-elle \u00e0 satisfaire des consommateurs attach\u00e9s au contact humain et au conseil personnalis\u00e9 ?<\/p>\n<p class=\"\" data-start=\"3545\" data-end=\"3866\">Ce plan de <strong data-start=\"3556\" data-end=\"3575\">restructuration<\/strong> s\u2019inscrit dans une tendance plus large : celle d\u2019un commerce de d\u00e9tail en pleine mutation. La digitalisation pousse les marques \u00e0 se r\u00e9inventer, \u00e0 revoir leur maillage territorial, voire \u00e0 repenser leur mod\u00e8le \u00e9conomique. D\u2019autres grands noms du retail pourraient bient\u00f4t suivre cette voie.<\/p>\n<p class=\"\" data-start=\"3868\" data-end=\"4121\">En attendant, ces <strong data-start=\"3886\" data-end=\"3910\">fermetures Decathlon<\/strong> marquent un tournant. Pour les villes concern\u00e9es, c\u2019est une perte \u00e9conomique, sociale et symbolique. Et pour les consommateurs, un signal fort : m\u00eame les g\u00e9ants ne sont pas \u00e0 l\u2019abri des bouleversements actuels.<\/p>\n","protected":false},"excerpt":{"rendered":"C\u2019est une onde de choc qui traverse la France. L\u2019enseigne Decathlon, pilier du sport accessible pour tous, a&hellip;\n","protected":false},"author":2,"featured_media":42282,"comment_status":"","ping_status":"","sticky":false,"template":"","format":"standard","meta":{"footnotes":""},"categories":[6],"tags":[35,7200,33,34,1011,27],"class_list":{"0":"post-42281","1":"post","2":"type-post","3":"status-publish","4":"format-standard","5":"has-post-thumbnail","7":"category-economie","8":"tag-business","9":"tag-decathlon","10":"tag-economie","11":"tag-economy","12":"tag-fr","13":"tag-france"},"share_on_mastodon":{"url":"https:\/\/pubeurope.com\/@fr\/114377754249041488","error":""},"_links":{"self":[{"href":"https:\/\/www.europesays.com\/fr\/wp-json\/wp\/v2\/posts\/42281","targetHints":{"allow":["GET"]}}],"collection":[{"href":"https:\/\/www.europesays.com\/fr\/wp-json\/wp\/v2\/posts"}],"about":[{"href":"https:\/\/www.europesays.com\/fr\/wp-json\/wp\/v2\/types\/post"}],"author":[{"embeddable":true,"href":"https:\/\/www.europesays.com\/fr\/wp-json\/wp\/v2\/users\/2"}],"replies":[{"embeddable":true,"href":"https:\/\/www.europesays.com\/fr\/wp-json\/wp\/v2\/comments?post=42281"}],"version-history":[{"count":0,"href":"https:\/\/www.europesays.com\/fr\/wp-json\/wp\/v2\/posts\/42281\/revisions"}],"wp:featuredmedia":[{"embeddable":true,"href":"https:\/\/www.europesays.com\/fr\/wp-json\/wp\/v2\/media\/42282"}],"wp:attachment":[{"href":"https:\/\/www.europesays.com\/fr\/wp-json\/wp\/v2\/media?parent=42281"}],"wp:term":[{"taxonomy":"category","embeddable":true,"href":"https:\/\/www.europesays.com\/fr\/wp-json\/wp\/v2\/categories?post=42281"},{"taxonomy":"post_tag","embeddable":true,"href":"https:\/\/www.europesays.com\/fr\/wp-json\/wp\/v2\/tags?post=42281"}],"curies":[{"name":"wp","href":"https:\/\/api.w.org\/{rel}","templated":true}]}}