{"id":422811,"date":"2025-09-28T02:55:10","date_gmt":"2025-09-28T02:55:10","guid":{"rendered":"https:\/\/www.europesays.com\/fr\/422811\/"},"modified":"2025-09-28T02:55:10","modified_gmt":"2025-09-28T02:55:10","slug":"ledito-de-bruno-jeudy-tempete-sur-la-ve","status":"publish","type":"post","link":"https:\/\/www.europesays.com\/fr\/422811\/","title":{"rendered":"L&rsquo;\u00e9dito de Bruno Jeudy. Temp\u00eate sur la Ve"},"content":{"rendered":"<p>Il est des semaines o\u00f9 l\u2019Histoire semble s\u2019emballer, fracassant les digues d\u2019un \u00c9tat d\u00e9j\u00e0 fragilis\u00e9 par les temp\u00eates \u00e0 r\u00e9p\u00e9tition. Celle qui vient de s\u2019\u00e9couler en fait partie. <a href=\"https:\/\/www.latribune.fr\/article\/economie\/finances-publiques\/1245138683672\/sebastion-lecornu-refuse-l-isf-et-la-taxe-zucman-mais-entrouvre-le-debat-fiscal\" target=\"_blank\" rel=\"noopener\">Temp\u00eate institutionnelle<\/a>, <a href=\"https:\/\/www.latribune.fr\/la-tribune-dimanche\/politique\/nicolas-sarkozy-stupeur-et-tremblements-1021717.html\" target=\"_blank\" rel=\"noopener\">temp\u00eate judiciaire<\/a>, temp\u00eate politique. Partout, des signes d\u2019essoufflement. Partout, des figures fatigu\u00e9es, des discours vides, des certitudes \u00e9corn\u00e9es.<\/p>\n<p>La R\u00e9publique vacille sans encore tomber. Mais le vertige est l\u00e0.<\/p>\n<p>\u00c0 peine nomm\u00e9, <a href=\"https:\/\/www.latribune.fr\/la-tribune-dimanche\/politique\/sebastien-lecornu-va-commencer-a-devoiler-son-jeu-1032834.html\" target=\"_blank\" rel=\"noopener\">S\u00e9bastien Lecornu<\/a> se d\u00e9bat d\u00e9j\u00e0 dans une impasse. Dix-huit jours apr\u00e8s sa prise de fonction, il avoue \u00e0 demi-mot son impuissance\u2009: \u00ab\u202fJe suis le Premier ministre le plus faible de la Ve\u202fR\u00e9publique.\u202f\u00bb Un aveu gla\u00e7ant. Un aveu qui dit tout du blocage politique fran\u00e7ais, de l\u2019usure des institutions, de l\u2019incapacit\u00e9 chronique \u00e0 b\u00e2tir des compromis comme partout chez nos voisins europ\u00e9ens. Et, face \u00e0 lui, des oppositions qui pensent d\u2019abord aux prochaines \u00e9ch\u00e9ances, quand il faudrait penser \u00e0 la prochaine g\u00e9n\u00e9ration.<\/p>\n<p>La situation budg\u00e9taire ? Incontr\u00f4l\u00e9e. Le <a href=\"https:\/\/www.latribune.fr\/economie\/france\/budget-2026-les-etapes-cles-pour-parvenir-a-une-loi-de-finances-1029681.html\" target=\"_blank\" rel=\"noopener\">projet de loi de finances 2026<\/a> semble s\u2019\u00eatre volatilis\u00e9. La France, d\u00e9j\u00e0 <a href=\"https:\/\/www.latribune.fr\/economie\/france\/note-de-la-france-fitch-a-tranche-1032349.html\" target=\"_blank\" rel=\"noopener\">d\u00e9grad\u00e9e<\/a>, continue de creuser ses d\u00e9ficits comme si la fuite en avant n\u2019avait plus de fin. Les <a href=\"https:\/\/www.latribune.fr\/economie\/france\/social-lecornu-pret-a-recevoir-les-syndicats-pour-sortir-de-l-impasse-1032800.html\" target=\"_blank\" rel=\"noopener\">partenaires sociaux<\/a>, au lieu de dialoguer, s\u2019enferment chacun dans leur posture. Le <a href=\"https:\/\/www.latribune.fr\/economie\/france\/budget-2025-une-menace-pour-l-attractivite-de-la-france-selon-rexecode-1018261.html\" target=\"_blank\" rel=\"noopener\">patronat menace<\/a>, les syndicats descendent <a href=\"https:\/\/www.latribune.fr\/article\/economie\/france\/1601595713358114\/18-septembre-la-carte-des-blocages-en-france\" target=\"_blank\" rel=\"noopener\">\u00e0 nouveau dans la rue<\/a>. Dialogue de sourds. Dialogue impossible.<\/p>\n<p>Et puis il y a ce coup de tonnerre judiciaire. Nicolas Sarkozy, ancien pr\u00e9sident de la R\u00e9publique, condamn\u00e9 \u00e0 cinq ans de prison, dont une ex\u00e9cution quasi imm\u00e9diate. Troisi\u00e8me condamnation au passage, dont une d\u00e9finitive. La France, sid\u00e9r\u00e9e, regarde l\u2019un de ses anciens chefs d\u2019\u00c9tat faire face \u00e0 l\u2019incarc\u00e9ration pour association de malfaiteurs dans <a href=\"https:\/\/www.latribune.fr\/economie\/france\/nouveau-proces-pour-nicolas-sarkozy-dans-l-affaire-du-financement-libyen-de-la-presidentielle-de-2007-973941.html\" target=\"_blank\" rel=\"noopener\">l\u2019affaire libyenne<\/a>. Une peine lourde. In\u00e9dite. Sans pr\u00e9c\u00e9dent dans l\u2019histoire contemporaine de notre d\u00e9mocratie.<\/p>\n<p>Une s\u00e9v\u00e9rit\u00e9 qui jette le trouble, sinon sur la justice, du moins sur sa lisibilit\u00e9<\/p>\n<p>&#13;<\/p>\n<p>La d\u00e9cision de justice \u2013\u202fque nul ne songe ici \u00e0 contester dans son principe\u202f\u2013 soul\u00e8ve malgr\u00e9 tout de nombreuses interrogations\u2009: aucun flux financier n\u2019a \u00e9t\u00e9 \u00e9tabli, trois des quatre chefs d\u2019accusation sont tomb\u00e9s, mais la condamnation est ferme, imm\u00e9diate, sans appel ou presque. Une s\u00e9v\u00e9rit\u00e9 rare, presque brutale, qui jette le trouble, sinon sur la justice, du moins sur sa lisibilit\u00e9.<\/p>\n<p>Marine Le\u202fPen, r\u00e9cemment <a href=\"https:\/\/www.latribune.fr\/economie\/france\/marine-le-pen-et-8-eurodeputes-reconnus-coupables-de-detournement-de-fonds-publics-1021806.html\" target=\"_blank\" rel=\"noopener\">frapp\u00e9e d\u2019in\u00e9ligibilit\u00e9<\/a> sans pouvoir attendre l\u2019appel. Nicolas Sarkozy, incarc\u00e9r\u00e9 sans d\u00e9lai. La<a href=\"https:\/\/www.latribune.fr\/la-tribune-dimanche\/opinions\/la-chronique-de-pauline-delassus-avocate-et-feministe-impossible-grand-ecart-1017931.html\" target=\"_blank\" rel=\"noopener\"> pr\u00e9somption d\u2019innocence<\/a> recule l\u00e0 o\u00f9 le droit d\u2019appel, socle fondamental des d\u00e9mocraties modernes, vacille. Ce n\u2019est pas la justice qu\u2019il faut remettre en cause, mais le rapport que nous entretenons avec elle. Trop souvent, la politique s\u2019en est servie, trop rarement elle l\u2019a respect\u00e9e.<\/p>\n<p>C\u2019est donc une d\u00e9mocratie affaiblie, divis\u00e9e, bouscul\u00e9e, qui entre dans ce temps des temp\u00eates. Une d\u00e9mocratie o\u00f9 le compromis est vu comme un renoncement, l\u2019\u00e9coute comme une faiblesse, et l\u2019exemplarit\u00e9 comme une option. Et pourtant, plus que jamais, la France a besoin de dirigeants qui pensent au long terme. De responsables capables de parler vrai, d\u2019assumer leurs choix, d\u2019affronter la temp\u00eate avec sang-froid, dignit\u00e9 et clart\u00e9. Le mot de Lincoln r\u00e9sonne aujourd\u2019hui comme un reproche\u2009: \u00ab\u202fUn homme politique pense aux prochaines \u00e9lections. Un homme d\u2019\u00c9tat pense aux prochaines g\u00e9n\u00e9rations.\u202f\u00bb La R\u00e9publique attend ses hommes d\u2019\u00c9tat.<\/p>\n","protected":false},"excerpt":{"rendered":"Il est des semaines o\u00f9 l\u2019Histoire semble s\u2019emballer, fracassant les digues d\u2019un \u00c9tat d\u00e9j\u00e0 fragilis\u00e9 par les temp\u00eates&hellip;\n","protected":false},"author":2,"featured_media":422812,"comment_status":"","ping_status":"","sticky":false,"template":"","format":"standard","meta":{"footnotes":""},"categories":[1356],"tags":[17,3211,58,59,1011,27,52117,30478,3102,3356,252,7747,1364],"class_list":{"0":"post-422811","1":"post","2":"type-post","3":"status-publish","4":"format-standard","5":"has-post-thumbnail","7":"category-television","8":"tag-17","9":"tag-bruno","10":"tag-divertissement","11":"tag-entertainment","12":"tag-fr","13":"tag-france","14":"tag-jeudy","15":"tag-ledito","16":"tag-la-tribune-dimanche","17":"tag-sur","18":"tag-television","19":"tag-tempete","20":"tag-tv"},"share_on_mastodon":{"url":"https:\/\/pubeurope.com\/@fr\/115279673673810913","error":""},"_links":{"self":[{"href":"https:\/\/www.europesays.com\/fr\/wp-json\/wp\/v2\/posts\/422811","targetHints":{"allow":["GET"]}}],"collection":[{"href":"https:\/\/www.europesays.com\/fr\/wp-json\/wp\/v2\/posts"}],"about":[{"href":"https:\/\/www.europesays.com\/fr\/wp-json\/wp\/v2\/types\/post"}],"author":[{"embeddable":true,"href":"https:\/\/www.europesays.com\/fr\/wp-json\/wp\/v2\/users\/2"}],"replies":[{"embeddable":true,"href":"https:\/\/www.europesays.com\/fr\/wp-json\/wp\/v2\/comments?post=422811"}],"version-history":[{"count":0,"href":"https:\/\/www.europesays.com\/fr\/wp-json\/wp\/v2\/posts\/422811\/revisions"}],"wp:featuredmedia":[{"embeddable":true,"href":"https:\/\/www.europesays.com\/fr\/wp-json\/wp\/v2\/media\/422812"}],"wp:attachment":[{"href":"https:\/\/www.europesays.com\/fr\/wp-json\/wp\/v2\/media?parent=422811"}],"wp:term":[{"taxonomy":"category","embeddable":true,"href":"https:\/\/www.europesays.com\/fr\/wp-json\/wp\/v2\/categories?post=422811"},{"taxonomy":"post_tag","embeddable":true,"href":"https:\/\/www.europesays.com\/fr\/wp-json\/wp\/v2\/tags?post=422811"}],"curies":[{"name":"wp","href":"https:\/\/api.w.org\/{rel}","templated":true}]}}