{"id":422818,"date":"2025-09-28T03:00:15","date_gmt":"2025-09-28T03:00:15","guid":{"rendered":"https:\/\/www.europesays.com\/fr\/422818\/"},"modified":"2025-09-28T03:00:15","modified_gmt":"2025-09-28T03:00:15","slug":"michel-cymes-revele-etre-atteint-dun-trouble-de-lattention","status":"publish","type":"post","link":"https:\/\/www.europesays.com\/fr\/422818\/","title":{"rendered":"Michel Cymes r\u00e9v\u00e8le \u00eatre atteint d\u2019un trouble de l\u2019attention"},"content":{"rendered":"<p>    Michel Cymes dans \u00abOn refait la t\u00e9l\u00e9\u00bb<br \/>\n                Capture d&rsquo;\u00e9cran<\/p>\n<p>L\u2019ancien m\u00e9decin et animateur, devenu com\u00e9dien entre autres sur les planches avec la com\u00e9die Secret(s) m\u00e9dical, \u00e9tait l\u2019invit\u00e9 d\u2019Eric Dussart dans \u00abOn refait la t\u00e9l\u00e9\u00bb.<\/p>\n<p class=\"fig-paragraph\">De m\u00e9decin \u00e0 animateur, et d\u2019animateur \u00e0 com\u00e9dien. La vie professionnelle de\u00a0<a href=\"https:\/\/www.lefigaro.fr\/tag\/michel-cymes\" target=\"_blank\" rel=\"sponsored noopener\" data-gtm-custom-categorie=\"navigation\" data-gtm-custom-action=\"crossclick\" data-gtm-custom-label=\"Contextuel\" data-gtm-event=\"customEventSPE\"><strong>Michel Cymes<\/strong><\/a> \u00a0est d\u00e9cid\u00e9ment on ne peut plus remplie. \u00c0 68 ans, il s\u2019est lanc\u00e9 un nouveau d\u00e9fi\u00a0: celui de monter sur les planches dans une com\u00e9die mise en sc\u00e8ne par Philippe Leli\u00e8vre, intitul\u00e9 Secret(s) m\u00e9dical.<\/p>\n<p class=\"fig-paragraph\">Des petits secrets m\u00e9dicaux, Michel Cymes en a lui aussi. Du moins jusqu\u2019\u00e0 ce samedi 27 septembre. Ce dernier a r\u00e9v\u00e9l\u00e9, au micro d\u2019Eric Dussart et Jade dans l\u2019\u00e9mission \u00abOn refait la t\u00e9l\u00e9\u00bb, \u00eatre atteint d\u2019un trouble de l\u2019attention avec hyperactivit\u00e9 plus commun\u00e9ment appel\u00e9 TDAH.\u00a0<\/p>\n<p class=\"fig-body-link\">\n            \u00c0 lire aussi<br \/>\n        <a class=\"fig-body-link__link\" href=\"http:\/\/tvmag.lefigaro.fr\/programme-tv\/people\/j-ai-arrete-parce-que-j-en-avais-marre-michel-cymes-s-exprime-sur-son-absence-en-television-20250828\" target=\"_blank\" data-fig-type=\"Article\" rel=\"noopener\" data-gtm-custom-categorie=\"navigation\" data-gtm-custom-action=\"crossclick\" data-gtm-custom-label=\"Contextuel\" data-gtm-event=\"customEventSPE\" data-fig-domain=\"TVMAG\">\u00ab J\u2019ai arr\u00eat\u00e9 parce que j\u2019en avais marre\u00a0\u00bb\u00a0: Michel Cymes s\u2019exprime sur son absence en t\u00e9l\u00e9vision<br \/>\n    <\/a>\n<\/p>\n<p>                                    <a class=\"fig-a11y-skip a11y-hidden\" href=\"#fig-a11y-skip-main-inarticle\"><br \/>\n        Passer la publicit\u00e9<br \/>\n    <\/a><\/p>\n<p class=\"fig-paragraph\">\u00abC\u2019est difficile de rester concentr\u00e9 une heure et demie au th\u00e9\u00e2tre\u00bb, reconna\u00eet-il en allant dans le sens de l\u2019intervieweur tout en ajoutant que ce trouble n\u2019est jamais bien loin\u00a0: \u00abPour la premi\u00e8re par exemple, je n\u2019avais pas le choix. J\u2019\u00e9tais focus. Et malgr\u00e9 tout &#8211; alors qu\u2019il y a le stress de la premi\u00e8re, cinq cents personnes dans la salle &#8211; au bout de vingt minutes, au moment o\u00f9 je me suis senti soulag\u00e9 et \u00e0 l\u2019aise, j\u2019ai commenc\u00e9 \u00e0 d\u00e9crocher en me disant \u201coh ma femme et mes enfants doivent \u00eatre contents, et apr\u00e8s on ira prendre un verre\u201d.\u00bb<\/p>\n<p class=\"fig-paragraph\">D\u00e8s lors, le com\u00e9dien en herbe s\u2019est \u00abfil\u00e9 un coup de pied au cul\u00bb pour se reconcentrer sur la pi\u00e8ce et ses r\u00e9pliques. La veille d\u00e9j\u00e0, lors de la r\u00e9p\u00e9tition g\u00e9n\u00e9rale, ce trouble de l\u2019attention l\u2019a p\u00e9nalis\u00e9, lui faisant oublier un accessoire indispensable. \u00ab\u00c7a m\u2019a foutu en l\u2019air pendant toute la dur\u00e9e de la pi\u00e8ce. Pendant une heure vingt, j\u2019\u00e9tais obs\u00e9d\u00e9 par cet oubli et en m\u00eame temps je me disais d\u2019arr\u00eater de penser \u00e0 \u00e7a. Je n\u2019arr\u00eatais pas de me parler, ce qui fait que j\u2019ai loup\u00e9 deux r\u00e9pliques\u00bb, confie Michel Cymes.<\/p>\n<p class=\"fig-paragraph\">Mais ces d\u00e9sagr\u00e9ments n\u2019interviennent pas uniquement dans une salle de th\u00e9\u00e2tre. Dans sa vie quotidienne ou, il y a quelques ann\u00e9es, \u00e0 la pr\u00e9sentation du \u00abMagazine de la sant\u00e9\u00bb, il a pu vivre quelques moments de solitude. \u00abPendant le magazine de la sant\u00e9, il m\u2019arrivait quatre ou cinq fois de ne plus \u00eatre l\u00e0, d\u2019avoir le cerveau ailleurs. Et donc le fait d\u2019\u00eatre \u00e0 deux, avec quelqu\u2019un qui vous conna\u00eet aussi bien que Marina [Carr\u00e8re d\u2019Encausse], faisait qu\u2019on s\u2019en sortait. Mais je suis comme \u00e7a donc \u00e0 un moment, je vis avec et puis j\u2019ai des strat\u00e9gies pour \u00e9viter les complications\u00bb, revendique-t-il tout en y trouvant m\u00eame des avantages\u00a0: \u00abC\u2019est aussi ce qui fait que j\u2019ai envie de faire plein de choses. Je pars dans tous les sens. Apr\u00e8s c\u2019est s\u00fbr qu\u2019une r\u00e9union de plus d\u2019une demi-heure ce n\u2019est pas pour moi\u00bb.<\/p>\n","protected":false},"excerpt":{"rendered":"Michel Cymes dans \u00abOn refait la t\u00e9l\u00e9\u00bb Capture d&rsquo;\u00e9cran L\u2019ancien m\u00e9decin et animateur, devenu com\u00e9dien entre autres sur&hellip;\n","protected":false},"author":2,"featured_media":422819,"comment_status":"","ping_status":"","sticky":false,"template":"","format":"standard","meta":{"footnotes":""},"categories":[8],"tags":[58,59,1011,27,11712],"class_list":{"0":"post-422818","1":"post","2":"type-post","3":"status-publish","4":"format-standard","5":"has-post-thumbnail","7":"category-divertissement","8":"tag-divertissement","9":"tag-entertainment","10":"tag-fr","11":"tag-france","12":"tag-michel-cymes"},"share_on_mastodon":{"url":"https:\/\/pubeurope.com\/@fr\/115279693464119626","error":""},"_links":{"self":[{"href":"https:\/\/www.europesays.com\/fr\/wp-json\/wp\/v2\/posts\/422818","targetHints":{"allow":["GET"]}}],"collection":[{"href":"https:\/\/www.europesays.com\/fr\/wp-json\/wp\/v2\/posts"}],"about":[{"href":"https:\/\/www.europesays.com\/fr\/wp-json\/wp\/v2\/types\/post"}],"author":[{"embeddable":true,"href":"https:\/\/www.europesays.com\/fr\/wp-json\/wp\/v2\/users\/2"}],"replies":[{"embeddable":true,"href":"https:\/\/www.europesays.com\/fr\/wp-json\/wp\/v2\/comments?post=422818"}],"version-history":[{"count":0,"href":"https:\/\/www.europesays.com\/fr\/wp-json\/wp\/v2\/posts\/422818\/revisions"}],"wp:featuredmedia":[{"embeddable":true,"href":"https:\/\/www.europesays.com\/fr\/wp-json\/wp\/v2\/media\/422819"}],"wp:attachment":[{"href":"https:\/\/www.europesays.com\/fr\/wp-json\/wp\/v2\/media?parent=422818"}],"wp:term":[{"taxonomy":"category","embeddable":true,"href":"https:\/\/www.europesays.com\/fr\/wp-json\/wp\/v2\/categories?post=422818"},{"taxonomy":"post_tag","embeddable":true,"href":"https:\/\/www.europesays.com\/fr\/wp-json\/wp\/v2\/tags?post=422818"}],"curies":[{"name":"wp","href":"https:\/\/api.w.org\/{rel}","templated":true}]}}