{"id":422824,"date":"2025-09-28T03:03:15","date_gmt":"2025-09-28T03:03:15","guid":{"rendered":"https:\/\/www.europesays.com\/fr\/422824\/"},"modified":"2025-09-28T03:03:15","modified_gmt":"2025-09-28T03:03:15","slug":"des-appareils-reperes-au-dessus-de-la-plus-grande-base-militaire-du-pays","status":"publish","type":"post","link":"https:\/\/www.europesays.com\/fr\/422824\/","title":{"rendered":"des appareils rep\u00e9r\u00e9s au-dessus de la plus grande base militaire du pays"},"content":{"rendered":"<p class=\"mb-4 text-lg md:leading-8 break-words\">La police danoise a annonc\u00e9 que <a data-i13n=\"cpos:1;pos:1\" href=\"https:\/\/fr.news.yahoo.com\/survol-drones-au-danemark-ministre-081346586.html\" data-ylk=\"slk:des drones ont survol\u00e9;cpos:1;pos:1;elm:context_link;itc:0;sec:content-canvas;outcm:mb_qualified_link;_E:mb_qualified_link;ct:story;\" class=\"link  yahoo-link\" target=\"_blank\" rel=\"noopener\">des drones ont survol\u00e9<\/a> la plus grande base militaire du pays, ce vendredi 26 septembre au soir. Il s&rsquo;agit du troisi\u00e8me \u00e9v\u00e9nement de ce type en trois jours.<\/p>\n<p class=\"mb-4 text-lg md:leading-8 break-words\">\u00ab\u00a0Je peux confirmer que nous avons eu un incident vers 20h15 (18h15 GMT) qui a dur\u00e9 plusieurs heures. Un ou deux drones ont \u00e9t\u00e9 observ\u00e9s \u00e0 l&rsquo;ext\u00e9rieur et au-dessus de la base a\u00e9rienne\u00a0\u00bb de Karup, a d\u00e9clar\u00e9 l&rsquo;officier de police Simon Skelsjaer \u00e0 l&rsquo;AFP. \u00ab\u00a0Nous ne les avons pas abattus\u00a0\u00bb, a-t-il ajout\u00e9, pr\u00e9cisant que la police ne pouvait \u00e9mettre de commentaire sur l&rsquo;origine de ces drones. La police coop\u00e8re avec l&rsquo;arm\u00e9e dans le cadre de son enqu\u00eate, a-t-il encore indiqu\u00e9.<\/p>\n<p>Aucun vol affect\u00e9<\/p>\n<p class=\"mb-4 text-lg md:leading-8 break-words\">La base de Karup partage ses pistes avec l&rsquo;a\u00e9roport de Midtjylland, qui a \u00e9t\u00e9 bri\u00e8vement ferm\u00e9, mais aucun vol n&rsquo;a \u00e9t\u00e9 affect\u00e9 car aucun vol commercial n&rsquo;\u00e9tait pr\u00e9vu, a dit M. Skelsjaer.<\/p>\n<p class=\"mb-4 text-lg md:leading-8 break-words\">La Premi\u00e8re ministre danoise, Mette Frederiksen, avait affirm\u00e9 jeudi que le Danemark avait \u00e9t\u00e9 victime d&rsquo;attaques hybrides\u00a0\u00bb ces derniers jours, faisant r\u00e9f\u00e9rence \u00e0 une forme de guerre non conventionnelle.<\/p>\n<p class=\"mb-4 text-lg md:leading-8 break-words\">Ces incidents interviennent une semaine apr\u00e8s l&rsquo;annonce par le Danemark de l&rsquo;acquisition, pour la premi\u00e8re fois, d&rsquo;armes de pr\u00e9cision \u00e0 longue port\u00e9e pour pouvoir frapper des cibles lointaines, jugeant que la Russie repr\u00e9senterait une menace \u00ab\u00a0pendant des ann\u00e9es\u00a0\u00bb.<\/p>\n<p class=\"mb-4 text-lg md:leading-8 break-words\"><a data-i13n=\"cpos:2;pos:1\" href=\"https:\/\/www.bfmtv.com\/international\/europe\/survol-de-drones-au-danemark-des-appareils-reperes-au-dessus-de-la-plus-grande-base-militaire-du-pays_AD-202509270169.html#xtor=AL-68\" rel=\"nofollow noopener\" target=\"_blank\" data-ylk=\"slk:Article original publi\u00e9 sur BFMTV.com;cpos:2;pos:1;elm:context_link;itc:0;sec:content-canvas\" class=\"link \">Article original publi\u00e9 sur BFMTV.com<\/a><\/p>\n","protected":false},"excerpt":{"rendered":"La police danoise a annonc\u00e9 que des drones ont survol\u00e9 la plus grande base militaire du pays, ce&hellip;\n","protected":false},"author":2,"featured_media":422825,"comment_status":"","ping_status":"","sticky":false,"template":"","format":"standard","meta":{"footnotes":""},"categories":[5],"tags":[11,1011,27,14,55227,3371,36335,12,28],"class_list":{"0":"post-422824","1":"post","2":"type-post","3":"status-publish","4":"format-standard","5":"has-post-thumbnail","7":"category-international","8":"tag-actualites","9":"tag-fr","10":"tag-france","11":"tag-international","12":"tag-karup","13":"tag-la-police","14":"tag-mette-frederiksen","15":"tag-news","16":"tag-world"},"share_on_mastodon":{"url":"https:\/\/pubeurope.com\/@fr\/115279705144501568","error":""},"_links":{"self":[{"href":"https:\/\/www.europesays.com\/fr\/wp-json\/wp\/v2\/posts\/422824","targetHints":{"allow":["GET"]}}],"collection":[{"href":"https:\/\/www.europesays.com\/fr\/wp-json\/wp\/v2\/posts"}],"about":[{"href":"https:\/\/www.europesays.com\/fr\/wp-json\/wp\/v2\/types\/post"}],"author":[{"embeddable":true,"href":"https:\/\/www.europesays.com\/fr\/wp-json\/wp\/v2\/users\/2"}],"replies":[{"embeddable":true,"href":"https:\/\/www.europesays.com\/fr\/wp-json\/wp\/v2\/comments?post=422824"}],"version-history":[{"count":0,"href":"https:\/\/www.europesays.com\/fr\/wp-json\/wp\/v2\/posts\/422824\/revisions"}],"wp:featuredmedia":[{"embeddable":true,"href":"https:\/\/www.europesays.com\/fr\/wp-json\/wp\/v2\/media\/422825"}],"wp:attachment":[{"href":"https:\/\/www.europesays.com\/fr\/wp-json\/wp\/v2\/media?parent=422824"}],"wp:term":[{"taxonomy":"category","embeddable":true,"href":"https:\/\/www.europesays.com\/fr\/wp-json\/wp\/v2\/categories?post=422824"},{"taxonomy":"post_tag","embeddable":true,"href":"https:\/\/www.europesays.com\/fr\/wp-json\/wp\/v2\/tags?post=422824"}],"curies":[{"name":"wp","href":"https:\/\/api.w.org\/{rel}","templated":true}]}}