{"id":422832,"date":"2025-09-28T03:11:48","date_gmt":"2025-09-28T03:11:48","guid":{"rendered":"https:\/\/www.europesays.com\/fr\/422832\/"},"modified":"2025-09-28T03:11:48","modified_gmt":"2025-09-28T03:11:48","slug":"en-direct-battue-par-reims-las-nancy-lorraine-peut-nourrir-des-regrets","status":"publish","type":"post","link":"https:\/\/www.europesays.com\/fr\/422832\/","title":{"rendered":"En direct. Battue par Reims, l&rsquo;AS Nancy Lorraine peut nourrir des regrets"},"content":{"rendered":"<p>Le rel\u00e9gu\u00e9 r\u00e9mois n&rsquo;a pas montr\u00e9 grand chose ce vendredi soir \u00e0 Picot. Mais il est parvenu \u00e0 ouvrir le score sur un but heureux puis \u00e0 conserver cet avantage. L&rsquo;ASNL a domin\u00e9 et s&rsquo;est procur\u00e9e quelques occasions mais sans r\u00e9ussir \u00e0 \u00e9galiser. M. Angoula l&rsquo;a \u00e9galement priv\u00e9 d&rsquo;un penalty. De quoi nourrir pas mal de regrets car il y avait largement la place pour un autre r\u00e9sultat.<\/p>\n<p>&#13;<br \/>\n              Vosges Matin  &#8211; &#13;<br \/>\n        &#13;<br \/>\n          26 sept. 2025 \u00e0 14:45&#13;<br \/>\n    &#13;<br \/>\n                  | mis \u00e0 jour le 26 sept. 2025 \u00e0 22:30&#13;<br \/>\n              &#8211; Temps de lecture : &#13;<br \/>\n  &#13;<\/p>\n","protected":false},"excerpt":{"rendered":"Le rel\u00e9gu\u00e9 r\u00e9mois n&rsquo;a pas montr\u00e9 grand chose ce vendredi soir \u00e0 Picot. Mais il est parvenu \u00e0&hellip;\n","protected":false},"author":2,"featured_media":422833,"comment_status":"","ping_status":"","sticky":false,"template":"","format":"standard","meta":{"footnotes":""},"categories":[9635],"tags":[1111,11,3703,1777,674,107,1701,1795,63,1011,27,775,1702,12,25,517,1700],"class_list":{"0":"post-422832","1":"post","2":"type-post","3":"status-publish","4":"format-standard","5":"has-post-thumbnail","7":"category-nancy","8":"tag-actu","9":"tag-actualites","10":"tag-asnl","11":"tag-eu","12":"tag-europe","13":"tag-fil-info","14":"tag-fil-info-sport","15":"tag-fil-web","16":"tag-football","17":"tag-fr","18":"tag-france","19":"tag-grand-est","20":"tag-nancy","21":"tag-news","22":"tag-republique-francaise","23":"tag-sport","24":"tag-sport-lorrain"},"share_on_mastodon":{"url":"https:\/\/pubeurope.com\/@fr\/115279740510795800","error":""},"_links":{"self":[{"href":"https:\/\/www.europesays.com\/fr\/wp-json\/wp\/v2\/posts\/422832","targetHints":{"allow":["GET"]}}],"collection":[{"href":"https:\/\/www.europesays.com\/fr\/wp-json\/wp\/v2\/posts"}],"about":[{"href":"https:\/\/www.europesays.com\/fr\/wp-json\/wp\/v2\/types\/post"}],"author":[{"embeddable":true,"href":"https:\/\/www.europesays.com\/fr\/wp-json\/wp\/v2\/users\/2"}],"replies":[{"embeddable":true,"href":"https:\/\/www.europesays.com\/fr\/wp-json\/wp\/v2\/comments?post=422832"}],"version-history":[{"count":0,"href":"https:\/\/www.europesays.com\/fr\/wp-json\/wp\/v2\/posts\/422832\/revisions"}],"wp:featuredmedia":[{"embeddable":true,"href":"https:\/\/www.europesays.com\/fr\/wp-json\/wp\/v2\/media\/422833"}],"wp:attachment":[{"href":"https:\/\/www.europesays.com\/fr\/wp-json\/wp\/v2\/media?parent=422832"}],"wp:term":[{"taxonomy":"category","embeddable":true,"href":"https:\/\/www.europesays.com\/fr\/wp-json\/wp\/v2\/categories?post=422832"},{"taxonomy":"post_tag","embeddable":true,"href":"https:\/\/www.europesays.com\/fr\/wp-json\/wp\/v2\/tags?post=422832"}],"curies":[{"name":"wp","href":"https:\/\/api.w.org\/{rel}","templated":true}]}}