{"id":422856,"date":"2025-09-28T03:29:20","date_gmt":"2025-09-28T03:29:20","guid":{"rendered":"https:\/\/www.europesays.com\/fr\/422856\/"},"modified":"2025-09-28T03:29:20","modified_gmt":"2025-09-28T03:29:20","slug":"fc-nantes-il-faut-respecter-nantes-le-coup-de-gueule-de-luis-castro-contre-larbitrage-4","status":"publish","type":"post","link":"https:\/\/www.europesays.com\/fr\/422856\/","title":{"rendered":"FC Nantes. \u00ab\u00a0Il faut respecter Nantes\u00a0\u00bb\u00a0: le coup de gueule de Luis Castro contre l\u2019arbitrage"},"content":{"rendered":"<p>Luis Castro avait un message \u00e0 faire passer en se pr\u00e9sentant devant les micros des journalistes, ce samedi 27\u00a0septembre, <a href=\"https:\/\/www.ouest-france.fr\/sport\/football\/ligue-1\/direct\/direct-toulouse-fc-nantes-suivez-le-match-de-la-6e-journee-de-ligue-1-en-live-077e7c55-0ee6-4ee7-9d5b-0aadc2d1f2b6\" target=\"_self\" rel=\"nofollow noopener\">apr\u00e8s le match nul (2-2)<\/a> que son \u00e9quipe a conc\u00e9d\u00e9 sur la pelouse de Toulouse. Selon l\u2019entra\u00eeneur portugais du FC Nantes, certaines situations litigieuses de la deuxi\u00e8me mi-temps n\u2019ont pas \u00e9t\u00e9 appr\u00e9hend\u00e9es \u00e0 leur juste valeur par le diffuseur et le corps arbitral. <strong>\u00ab\u00a0Il y a beaucoup de choses dans ce match qui auraient pu se passer diff\u00e9remment,<\/strong> a-t-il d\u2019abord lanc\u00e9, devant un parterre de journalistes surpris. <strong>Il faut respecter Nantes. La semaine derni\u00e8re, Auxerre a pris un rouge pour une poussette sur un joueur dans la surface. L\u00e0, il faut regarder ce que Donnum fait \u00e0 Tylel.\u00a0\u00bb<\/strong><\/p>\n<p>Castro parle ici de l\u2019action de la 58e minute, o\u00f9 Mayckel Lahdo a mis son corps en opposition devant Aron Donnum, qui a r\u00e9clam\u00e9 une obstruction du Su\u00e9dois avec v\u00e9h\u00e9mence. Les esprits se sont alors \u00e9chauff\u00e9s, et Tylel Tati, venu d\u00e9fendre son co\u00e9quipier, aurait re\u00e7u un l\u00e9ger coup de t\u00eate du Toulousain sur l\u2019\u00e9paule. C\u2019est en tout cas ce qu\u2019a racont\u00e9 Anthony Lopes aux journalistes, micros \u00e9teints, lui qui \u00e9tait aux premi\u00e8res loges et qui a r\u00e9colt\u00e9 un carton jaune pour s\u2019\u00eatre brouill\u00e9 avec Donnum. Probl\u00e8me, le litige n\u2019a jamais \u00e9t\u00e9 remontr\u00e9 au ralenti par le diffuseur (Ligue 1 +).<\/p>\n<p><strong>Lire aussi\u00a0: <\/strong> <a href=\"https:\/\/nantes.maville.com\/sport\/detail_-toulouse-fc-nantes.-les-notes-des-nantais-lahdo-leroux-et-amian-en-clair-obscur-_8-6996304_actu.Htm\" target=\"_self\" rel=\"nofollow noopener\">Toulouse &#8211; FC Nantes. Les notes des Nantais\u00a0: Lahdo, Leroux et Amian en clair-obscur<\/a><\/p>\n<p>\u00ab\u00a0La t\u00e9l\u00e9 doit montrer les m\u00eames images pour tout le monde\u00a0\u00bb<\/p>\n<p>Et Castro de poursuivre, en \u00e9voquant une autre situation\u00a0: <strong>\u00ab\u00a0Il faut aussi regarder ce qui se passe quand Mayckel<\/strong> (Lahdo)<strong> tombe dans la surface sur un centre alors que son adversaire ne saute pas du tout. La t\u00e9l\u00e9 doit montrer les m\u00eames images pour tout le monde. Ce n\u2019est pas le premier match o\u00f9 il y a des diff\u00e9rences de traitement dans les d\u00e9tails, m\u00eame si je n\u2019aime pas parler beaucoup de l\u2019arbitrage. Quand il y a des erreurs de chaque c\u00f4t\u00e9, \u00e7a passe, mais l\u00e0\u2026 Dans des situations identiques, il faudrait les m\u00eames sanctions.\u00a0\u00bb<\/strong><\/p>\n<p>\u00a0<\/p>\n","protected":false},"excerpt":{"rendered":"Luis Castro avait un message \u00e0 faire passer en se pr\u00e9sentant devant les micros des journalistes, ce samedi&hellip;\n","protected":false},"author":2,"featured_media":422521,"comment_status":"","ping_status":"","sticky":false,"template":"","format":"standard","meta":{"footnotes":""},"categories":[2818],"tags":[1111,11,2063,1777,674,1011,27,1922,1393,2487,766,12,2636,3319,1404,25,2923,4251,853],"class_list":{"0":"post-422856","1":"post","2":"type-post","3":"status-publish","4":"format-standard","5":"has-post-thumbnail","7":"category-nantes","8":"tag-actu","9":"tag-actualites","10":"tag-annonces","11":"tag-eu","12":"tag-europe","13":"tag-fr","14":"tag-france","15":"tag-info","16":"tag-loisirs","17":"tag-meteo","18":"tag-nantes","19":"tag-news","20":"tag-pays-de-la-loire","21":"tag-quimper","22":"tag-quotidien","23":"tag-republique-francaise","24":"tag-restaurants","25":"tag-sortir","26":"tag-spectacles"},"share_on_mastodon":{"url":"https:\/\/pubeurope.com\/@fr\/115279807385583026","error":""},"_links":{"self":[{"href":"https:\/\/www.europesays.com\/fr\/wp-json\/wp\/v2\/posts\/422856","targetHints":{"allow":["GET"]}}],"collection":[{"href":"https:\/\/www.europesays.com\/fr\/wp-json\/wp\/v2\/posts"}],"about":[{"href":"https:\/\/www.europesays.com\/fr\/wp-json\/wp\/v2\/types\/post"}],"author":[{"embeddable":true,"href":"https:\/\/www.europesays.com\/fr\/wp-json\/wp\/v2\/users\/2"}],"replies":[{"embeddable":true,"href":"https:\/\/www.europesays.com\/fr\/wp-json\/wp\/v2\/comments?post=422856"}],"version-history":[{"count":0,"href":"https:\/\/www.europesays.com\/fr\/wp-json\/wp\/v2\/posts\/422856\/revisions"}],"wp:featuredmedia":[{"embeddable":true,"href":"https:\/\/www.europesays.com\/fr\/wp-json\/wp\/v2\/media\/422521"}],"wp:attachment":[{"href":"https:\/\/www.europesays.com\/fr\/wp-json\/wp\/v2\/media?parent=422856"}],"wp:term":[{"taxonomy":"category","embeddable":true,"href":"https:\/\/www.europesays.com\/fr\/wp-json\/wp\/v2\/categories?post=422856"},{"taxonomy":"post_tag","embeddable":true,"href":"https:\/\/www.europesays.com\/fr\/wp-json\/wp\/v2\/tags?post=422856"}],"curies":[{"name":"wp","href":"https:\/\/api.w.org\/{rel}","templated":true}]}}