{"id":422857,"date":"2025-09-28T03:30:37","date_gmt":"2025-09-28T03:30:37","guid":{"rendered":"https:\/\/www.europesays.com\/fr\/422857\/"},"modified":"2025-09-28T03:30:37","modified_gmt":"2025-09-28T03:30:37","slug":"la-tournee-evenement-de-dorothee-passera-par-bordeaux-en-2026","status":"publish","type":"post","link":"https:\/\/www.europesays.com\/fr\/422857\/","title":{"rendered":"La tourn\u00e9e \u00e9v\u00e9nement de Doroth\u00e9e passera par Bordeaux en 2026"},"content":{"rendered":"<p>Les fans de l\u2019ic\u00f4ne des ann\u00e9es 1980-1990 peuvent se r\u00e9jouir : Doroth\u00e9e, la chanteuse et animatrice embl\u00e9matique des programmes jeunesse, reprend le chemin des sc\u00e8nes apr\u00e8s plusieurs ann\u00e9es d\u2019absence. <\/p>\n<p style=\"font-size:16px\">Apr\u00e8s avoir annonc\u00e9 son grand retour \u00e0 <strong><a href=\"http:\/\/paris.fr\" target=\"_blank\" rel=\"noreferrer noopener nofollow\">Paris<\/a><\/strong> en<strong> avril 2026 <\/strong>avec le spectacle\u00a0<strong>\u00ab Se retrouver \u00bb<\/strong>, l\u2019artiste a \u00e9largi sa tourn\u00e9e, et <strong><a href=\"http:\/\/bordeaux.fr\" target=\"_blank\" rel=\"noreferrer noopener nofollow\">Bordeaux <\/a><\/strong>fait partie des villes qui auront la chance de l\u2019accueillir.<\/p>\n<p style=\"font-size:16px\">Le concert bordelais se tiendra \u00e0 l\u2019<strong><a href=\"https:\/\/www.arkeaarena.com\" target=\"_blank\" rel=\"noreferrer noopener nofollow\">Ark\u00e9a Arena<\/a> de Floirac le 22 avril 2026<\/strong>, plus de quinze ans apr\u00e8s sa derni\u00e8re venue dans la r\u00e9gion. Les nostalgiques auront ainsi l\u2019occasion de revivre l\u2019ambiance des ann\u00e9es Doroth\u00e9e, entour\u00e9s de musiciens et de danseurs, pour un spectacle qui promet \u00e9motions et surprises.<\/p>\n<p><img fetchpriority=\"high\" decoding=\"async\" width=\"1024\" height=\"682\" src=\"https:\/\/www.europesays.com\/fr\/wp-content\/uploads\/2025\/09\/dr-1024x682.jpeg\" alt=\"\" class=\"wp-image-84039\"  \/>Doroth\u00e9e signe son grand retour sur sc\u00e8ne : rendez-vous \u00e0 l\u2019Ark\u00e9a Arena de Bordeaux le 22 avril 2026 pour un concert plein de nostalgie et d\u2019\u00e9motion.\u00a9Paris Match<\/p>\n<p style=\"font-size:16px\"><strong>En 2010, pr\u00e8s de 700 000 spectateurs<\/strong> avaient assist\u00e9 \u00e0 ses derniers concerts, un record qui t\u00e9moigne de l\u2019attachement durable du public \u00e0 cette<strong> figure incontournable de la t\u00e9l\u00e9vision jeunesse<\/strong>. Cette nouvelle tourn\u00e9e s\u2019annonce tout aussi marquante, avec un programme centr\u00e9 sur ses tubes embl\u00e9matiques, mais \u00e9galement ponctu\u00e9 de moments in\u00e9dits.<\/p>\n<p style=\"font-size:16px\"><strong>Ce retour sur sc\u00e8ne marque un moment attendu par plusieurs g\u00e9n\u00e9rations <\/strong>: celles qui ont grandi devant les \u00e9missions comme\u00a0<strong>R\u00e9cr\u00e9 A2\u00a0ou\u00a0Club Doroth\u00e9e<\/strong>, mais aussi les plus jeunes,<strong> curieux de d\u00e9couvrir en live l\u2019artiste<\/strong> qui a rythm\u00e9 l\u2019enfance de millions de Fran\u00e7ais.<\/p>\n<p style=\"font-size:16px\">Avec cette tourn\u00e9e,<strong> Doroth\u00e9e signe un nouveau chapitre de sa carri\u00e8re<\/strong>, entre <strong>nostalgie, performance sc\u00e9nique<\/strong> et<strong> complicit\u00e9 avec le public<\/strong>. Bordeaux, avec sa salle moderne et ses infrastructures adapt\u00e9es, devient ainsi un passage oblig\u00e9 pour les amateurs de concerts m\u00e9morables.<\/p>\n<p class=\"has-text-align-center\" style=\"font-size:16px\"><strong>On y va ? <\/strong><br \/>\ud83d\udccdArk\u00e9a Arena, Floirac, Bordeaux<br \/>\ud83d\udcc5Mercredi 22 avril 2026<br \/>\ud83d\udc9bOuvert \u00e0 tous.tes<br \/>\u27a1\ufe0f<a href=\"https:\/\/billetterie.arkeaarena.com\/fr\/manifestation\/dorothee-billet\/idmanif\/634765\/idseance\/4162244\" target=\"_blank\" rel=\"noreferrer noopener nofollow\">Billetterie<\/a><br \/>\ud83d\udcf2<a href=\"https:\/\/www.arkeaarena.com\" target=\"_blank\" rel=\"noreferrer noopener nofollow\">Site Web<\/a> <\/p>\n<p style=\"font-size:16px\">Alors, note bien la date :\u00a022 avril 2026, Ark\u00e9a Arena, Floirac. <\/p>\n<p style=\"font-size:16px\">\u00c0 lire aussi : <a href=\"https:\/\/www.bougerabordeaux.com\/actu\/des-avions-rafale-survoleront-la-gironde-pendant-un-mois\/\" target=\"_blank\" rel=\"noreferrer noopener nofollow\">Des avions Rafale survoleront la Gironde pendant un mois<\/a><\/p>\n","protected":false},"excerpt":{"rendered":"Les fans de l\u2019ic\u00f4ne des ann\u00e9es 1980-1990 peuvent se r\u00e9jouir : Doroth\u00e9e, la chanteuse et animatrice embl\u00e9matique des&hellip;\n","protected":false},"author":2,"featured_media":422858,"comment_status":"","ping_status":"","sticky":false,"template":"","format":"standard","meta":{"footnotes":""},"categories":[2817],"tags":[1111,11,1997,1777,674,1011,27,12,2219,25],"class_list":{"0":"post-422857","1":"post","2":"type-post","3":"status-publish","4":"format-standard","5":"has-post-thumbnail","7":"category-bordeaux","8":"tag-actu","9":"tag-actualites","10":"tag-bordeaux","11":"tag-eu","12":"tag-europe","13":"tag-fr","14":"tag-france","15":"tag-news","16":"tag-nouvelle-aquitaine","17":"tag-republique-francaise"},"share_on_mastodon":{"url":"https:\/\/pubeurope.com\/@fr\/115279811344332334","error":""},"_links":{"self":[{"href":"https:\/\/www.europesays.com\/fr\/wp-json\/wp\/v2\/posts\/422857","targetHints":{"allow":["GET"]}}],"collection":[{"href":"https:\/\/www.europesays.com\/fr\/wp-json\/wp\/v2\/posts"}],"about":[{"href":"https:\/\/www.europesays.com\/fr\/wp-json\/wp\/v2\/types\/post"}],"author":[{"embeddable":true,"href":"https:\/\/www.europesays.com\/fr\/wp-json\/wp\/v2\/users\/2"}],"replies":[{"embeddable":true,"href":"https:\/\/www.europesays.com\/fr\/wp-json\/wp\/v2\/comments?post=422857"}],"version-history":[{"count":0,"href":"https:\/\/www.europesays.com\/fr\/wp-json\/wp\/v2\/posts\/422857\/revisions"}],"wp:featuredmedia":[{"embeddable":true,"href":"https:\/\/www.europesays.com\/fr\/wp-json\/wp\/v2\/media\/422858"}],"wp:attachment":[{"href":"https:\/\/www.europesays.com\/fr\/wp-json\/wp\/v2\/media?parent=422857"}],"wp:term":[{"taxonomy":"category","embeddable":true,"href":"https:\/\/www.europesays.com\/fr\/wp-json\/wp\/v2\/categories?post=422857"},{"taxonomy":"post_tag","embeddable":true,"href":"https:\/\/www.europesays.com\/fr\/wp-json\/wp\/v2\/tags?post=422857"}],"curies":[{"name":"wp","href":"https:\/\/api.w.org\/{rel}","templated":true}]}}