{"id":422859,"date":"2025-09-28T03:31:22","date_gmt":"2025-09-28T03:31:22","guid":{"rendered":"https:\/\/www.europesays.com\/fr\/422859\/"},"modified":"2025-09-28T03:31:22","modified_gmt":"2025-09-28T03:31:22","slug":"top-14-ce-nest-pas-acceptable-yannick-bru-manager-de-bordeaux-begles-en-colere-apres-la-defaite-de-lubb-a-paris","status":"publish","type":"post","link":"https:\/\/www.europesays.com\/fr\/422859\/","title":{"rendered":"Top 14 &#8211; \u00ab\u00a0Ce n\u2019est pas acceptable\u00a0\u00bb : Yannick Bru (manager de Bordeaux-B\u00e8gles) en col\u00e8re apr\u00e8s la d\u00e9faite de l&rsquo;UBB \u00e0 Paris"},"content":{"rendered":"<p>\n                Le visage sombre, le manager de l\u2019Union Bordeaux-B\u00e8gles Yannick Bru n\u2019a pas m\u00e2ch\u00e9 ses mots en conf\u00e9rence de presse. Il s\u2019est dit d\u00e9\u00e7u et pr\u00e9occup\u00e9 par la performance de son \u00e9quipe, facilement battu par le Stade fran\u00e7ais (28-7).\n            <\/p>\n<p>Apr\u00e8s la claque re\u00e7ue au Racing il y a quinze jours, l&rsquo;Union Bordeaux B\u00e8gles a de nouveau sombr\u00e9 ce samedi au Stade fran\u00e7ais. Une deuxi\u00e8me sortie manqu\u00e9e en \u00cele-de-France qui inqui\u00e8te Yannick Bru, d\u00e9\u00e7u du manque de vigilance et de concentration de ses joueurs, et lucide sur la n\u00e9cessit\u00e9 d\u2019une remise en question collective.<\/p>\n<p>\u00ab\u00a0Je suis d\u00e9\u00e7u de notre engagement, de notre r\u00e9activit\u00e9, de notre vigilance. Tout simplement. On perd le coup d\u2019envoi du match, on conc\u00e8de une petite dizaine de p\u00e9nalit\u00e9s en premi\u00e8re mi-temps, on est battu au sol, on fait des fautes de main inhabituelles. Tout \u00e7a traduit un manque de concentration, de vigilance, ce qui n\u2019est pas acceptable. Je ne pense pas que l\u2019\u00e9quipe manque d\u2019envie. Je crois qu\u2019on avait fait, bizarrement, une bonne semaine de travail. Comme je dis souvent, on gagne ensemble, on rigole ensemble et on perd ensemble. Il faut donc analyser tout \u00e7a ensemble. Certainement pas \u00e0 chaud, mais ce qui est certain, c\u2019est que ce n\u2019est pas acceptable. \u00c7a me pr\u00e9occupe. On est \u00e0 la quatri\u00e8me journ\u00e9e de championnat, on a gagn\u00e9 deux matchs, on en a perdu deux, sans bonus d\u00e9fensif. On a \u00e9t\u00e9 distanc\u00e9 deux fois \u00e0 l\u2019ext\u00e9rieur. Les m\u00eames causes produisent les m\u00eames effets, donc \u00e7a nous interroge\u00a0\u00bb, a indiqu\u00e9 Yannick Bru.<\/p>\n<p>Bordeaux accueillera la semaine prochaine, Lyon et son gros paquet d&rsquo;avants, avant deux d\u00e9placements \u00e0 Toulouse puis \u00e0 Perpignan.\u00a0<\/p>\n","protected":false},"excerpt":{"rendered":"Le visage sombre, le manager de l\u2019Union Bordeaux-B\u00e8gles Yannick Bru n\u2019a pas m\u00e2ch\u00e9 ses mots en conf\u00e9rence de&hellip;\n","protected":false},"author":2,"featured_media":422860,"comment_status":"","ping_status":"","sticky":false,"template":"","format":"standard","meta":{"footnotes":""},"categories":[2817],"tags":[1111,11,1997,1777,674,1011,27,12,2219,25],"class_list":{"0":"post-422859","1":"post","2":"type-post","3":"status-publish","4":"format-standard","5":"has-post-thumbnail","7":"category-bordeaux","8":"tag-actu","9":"tag-actualites","10":"tag-bordeaux","11":"tag-eu","12":"tag-europe","13":"tag-fr","14":"tag-france","15":"tag-news","16":"tag-nouvelle-aquitaine","17":"tag-republique-francaise"},"share_on_mastodon":{"url":"https:\/\/pubeurope.com\/@fr\/115279815224168309","error":""},"_links":{"self":[{"href":"https:\/\/www.europesays.com\/fr\/wp-json\/wp\/v2\/posts\/422859","targetHints":{"allow":["GET"]}}],"collection":[{"href":"https:\/\/www.europesays.com\/fr\/wp-json\/wp\/v2\/posts"}],"about":[{"href":"https:\/\/www.europesays.com\/fr\/wp-json\/wp\/v2\/types\/post"}],"author":[{"embeddable":true,"href":"https:\/\/www.europesays.com\/fr\/wp-json\/wp\/v2\/users\/2"}],"replies":[{"embeddable":true,"href":"https:\/\/www.europesays.com\/fr\/wp-json\/wp\/v2\/comments?post=422859"}],"version-history":[{"count":0,"href":"https:\/\/www.europesays.com\/fr\/wp-json\/wp\/v2\/posts\/422859\/revisions"}],"wp:featuredmedia":[{"embeddable":true,"href":"https:\/\/www.europesays.com\/fr\/wp-json\/wp\/v2\/media\/422860"}],"wp:attachment":[{"href":"https:\/\/www.europesays.com\/fr\/wp-json\/wp\/v2\/media?parent=422859"}],"wp:term":[{"taxonomy":"category","embeddable":true,"href":"https:\/\/www.europesays.com\/fr\/wp-json\/wp\/v2\/categories?post=422859"},{"taxonomy":"post_tag","embeddable":true,"href":"https:\/\/www.europesays.com\/fr\/wp-json\/wp\/v2\/tags?post=422859"}],"curies":[{"name":"wp","href":"https:\/\/api.w.org\/{rel}","templated":true}]}}