{"id":422863,"date":"2025-09-28T03:33:13","date_gmt":"2025-09-28T03:33:13","guid":{"rendered":"https:\/\/www.europesays.com\/fr\/422863\/"},"modified":"2025-09-28T03:33:13","modified_gmt":"2025-09-28T03:33:13","slug":"meteo-les-temperatures-remontent-un-peu-a-toulouse-et-en-occitanie-ce-dimanche-malgre-la-grisaille","status":"publish","type":"post","link":"https:\/\/www.europesays.com\/fr\/422863\/","title":{"rendered":"M\u00e9t\u00e9o. Les temp\u00e9ratures remontent (un peu) \u00e0 Toulouse et en Occitanie ce dimanche, malgr\u00e9 la grisaille"},"content":{"rendered":"<p>            Par<br \/>\n        <strong><br \/>\n            <a href=\"https:\/\/actu.fr\/auteur\/lea-afonso\" title=\"Consulter tous les articles de L\u00e9a Afonso\" target=\"_blank\" rel=\"noopener\">L\u00e9a Afonso<\/a><br \/>\n        <\/strong><\/p>\n<p>        Publi\u00e9 le<\/p>\n<p>            28 sept. 2025 \u00e0 5h04        <\/p>\n<p>Quoi de mieux pour finir la semaine que des <strong>temp\u00e9ratures en hausse<\/strong> \u00e0 <a href=\"https:\/\/actu.fr\/toulouse\/\" target=\"_blank\" rel=\"noopener\">Toulouse<\/a> et en <a href=\"https:\/\/actu.fr\/occitanie\/\" target=\"_blank\" rel=\"noopener\">Occitanie<\/a>\u2009? Voici les pr\u00e9visions de m\u00e9t\u00e9o France pour ce dimanche 28\u00a0septembre 2025.<\/p>\n<p>Toulouse sous les nuages<br \/>\n    <img   decoding=\"async\" loading=\"lazy\" src=\"https:\/\/www.europesays.com\/fr\/wp-content\/uploads\/2025\/09\/capture-decran-2025-09-27-a-113737-960x560.png\" alt=\"Un ciel nuageux, mais des temp\u00e9ratures en hausse ce dimanche \u00e0 Toulouse. \" width=\"960\" height=\"560\"\/><br \/>\n    Un ciel nuageux, mais des temp\u00e9ratures en hausse ce dimanche \u00e0 Toulouse. (\u00a9Capture d\u2019\u00e9cran m\u00e9t\u00e9o France)<\/p>\n<p class=\" wall-content\">Le ciel bleu n\u2019est pas pour aujourd\u2019hui \u00e0 Toulouse\u2026 Effectivement, le <strong>ciel sera tr\u00e8s nuageux<\/strong> toute la journ\u00e9e accompagn\u00e9 d\u2019un <strong>vent<\/strong> constant. Mais bonne nouvelle, il fait moins froid ce matin\u2009! Si les derniers jours, moins de 10 degr\u00e9s accompagnaient le r\u00e9veil des Toulousains, ce dimanche n\u2019est pas pareil avec des temp\u00e9ratures en hausse\u2009!<\/p>\n<p class=\" wall-content\">Comptez <strong>14\u00b0C pour les minimales et 22\u00a0\u00b0C pour les maximales<\/strong>. 17\u00b0C en moyenne le matin et 21\u00b0C en moyenne l\u2019apr\u00e8s-midi.<\/p>\n<p>Pas moins de 20\u00b0C en Occitanie\u2026<br \/>\n    <img   decoding=\"async\" loading=\"lazy\" src=\"https:\/\/www.europesays.com\/fr\/wp-content\/uploads\/2025\/09\/capture-decran-2025-09-27-a-114416-960x640.png\" alt=\"Une Occitanie sous 20\u00b0C cette apr\u00e8s-midi.\" width=\"960\" height=\"640\"\/><br \/>\n    Une Occitanie sous 20\u00b0C cette apr\u00e8s-midi. (\u00a9Capture d\u2019\u00e9cran m\u00e9t\u00e9o France)Vid\u00e9os : en ce moment sur Actu<\/p>\n<p class=\" wall-content\">Le temps en Occitanie est identique \u00e0 celui de Toulouse aujourd\u2019hui. Vous l\u2019aurez remarqu\u00e9, depuis le lever du soleil, il y a des <strong>nuages<\/strong>\u2026 partout dans la r\u00e9gion. Et cela ne va pas s\u2019am\u00e9liorer cette apr\u00e8s-midi.<\/p>\n<p class=\" wall-content\">Mais dans tous les d\u00e9partements, les temp\u00e9ratures sont aussi en hausse de mani\u00e8re g\u00e9n\u00e9rale. Pour les <strong>minimales<\/strong>, comptez <strong>12\u00b0C \u00e0 Albi, Auch et Foix, 9\u00b0C \u00e0 B\u00e9ziers, 7\u00b0C \u00e0 Castres<\/strong>, mais tout de m\u00eame, un petit <strong>4\u00b0C \u00e0 Rodez.<\/strong><\/p>\n<p>Votre r\u00e9gion, votre actu !<\/p>\n<p>Recevez chaque jour les infos qui comptent pour vous.<\/p>\n<p>\t<a href=\"https:\/\/actu.fr\/newsletter\" class=\"ac-btn ac-btn--corner ac-btn--medium ac-btn--blue800\" target=\"_blank\" rel=\"noopener\">S&rsquo;incrire<\/a><\/p>\n<p class=\" wall-content\">Pour les <strong>maximales, 22\u00b0C \u00e0 Montauban, 24\u00b0C \u00e0 Cahors, et 23\u00b0C \u00e0 Foix et Tarbes.<\/strong><\/p>\n<p class=\" wall-content\">Personnalisez votre actualit\u00e9 en ajoutant vos villes et m\u00e9dias en favori avec <a href=\"https:\/\/moncompte.actu.fr\" title=\"D\u00e9couvez Mon Actu\" rel=\"nofollow noopener\" data-trk=\"{&quot;cta&quot;:{&quot;action&quot;:&quot;https:\\\/\\\/moncompte.actu.fr&quot;,&quot;category&quot;:&quot;mon compte&quot;,&quot;from&quot;:&quot;article footer&quot;,&quot;name&quot;:&quot;Mon actu&quot;,&quot;type&quot;:&quot;cta&quot;}}\" target=\"_blank\">Mon Actu<\/a>.<\/p>\n","protected":false},"excerpt":{"rendered":"Par L\u00e9a Afonso Publi\u00e9 le 28 sept. 2025 \u00e0 5h04 Quoi de mieux pour finir la semaine que&hellip;\n","protected":false},"author":2,"featured_media":422864,"comment_status":"","ping_status":"","sticky":false,"template":"","format":"standard","meta":{"footnotes":""},"categories":[2816],"tags":[1111,11,1777,674,1011,27,2487,2357,12,2680,25,2312],"class_list":{"0":"post-422863","1":"post","2":"type-post","3":"status-publish","4":"format-standard","5":"has-post-thumbnail","7":"category-toulouse","8":"tag-actu","9":"tag-actualites","10":"tag-eu","11":"tag-europe","12":"tag-fr","13":"tag-france","14":"tag-meteo","15":"tag-meteo-france","16":"tag-news","17":"tag-occitanie","18":"tag-republique-francaise","19":"tag-toulouse"},"share_on_mastodon":{"url":"https:\/\/pubeurope.com\/@fr\/115279823519761284","error":""},"_links":{"self":[{"href":"https:\/\/www.europesays.com\/fr\/wp-json\/wp\/v2\/posts\/422863","targetHints":{"allow":["GET"]}}],"collection":[{"href":"https:\/\/www.europesays.com\/fr\/wp-json\/wp\/v2\/posts"}],"about":[{"href":"https:\/\/www.europesays.com\/fr\/wp-json\/wp\/v2\/types\/post"}],"author":[{"embeddable":true,"href":"https:\/\/www.europesays.com\/fr\/wp-json\/wp\/v2\/users\/2"}],"replies":[{"embeddable":true,"href":"https:\/\/www.europesays.com\/fr\/wp-json\/wp\/v2\/comments?post=422863"}],"version-history":[{"count":0,"href":"https:\/\/www.europesays.com\/fr\/wp-json\/wp\/v2\/posts\/422863\/revisions"}],"wp:featuredmedia":[{"embeddable":true,"href":"https:\/\/www.europesays.com\/fr\/wp-json\/wp\/v2\/media\/422864"}],"wp:attachment":[{"href":"https:\/\/www.europesays.com\/fr\/wp-json\/wp\/v2\/media?parent=422863"}],"wp:term":[{"taxonomy":"category","embeddable":true,"href":"https:\/\/www.europesays.com\/fr\/wp-json\/wp\/v2\/categories?post=422863"},{"taxonomy":"post_tag","embeddable":true,"href":"https:\/\/www.europesays.com\/fr\/wp-json\/wp\/v2\/tags?post=422863"}],"curies":[{"name":"wp","href":"https:\/\/api.w.org\/{rel}","templated":true}]}}