{"id":422881,"date":"2025-09-28T03:48:17","date_gmt":"2025-09-28T03:48:17","guid":{"rendered":"https:\/\/www.europesays.com\/fr\/422881\/"},"modified":"2025-09-28T03:48:17","modified_gmt":"2025-09-28T03:48:17","slug":"nikol-pachinian-jattache-de-limportance-au-format-33-qui-constitue-egalement-une-plateforme-pour-le-developpement-du-dialogue-traditionnel-avec-la-federation-de-russie","status":"publish","type":"post","link":"https:\/\/www.europesays.com\/fr\/422881\/","title":{"rendered":"Nikol Pachinian : J&rsquo;attache de l&rsquo;importance au format \u00ab 3+3 \u00bb, qui constitue \u00e9galement une plateforme pour le d\u00e9veloppement du dialogue traditionnel avec la F\u00e9d\u00e9ration de Russie"},"content":{"rendered":"<p>\u00ab\u00a0La R\u00e9publique d\u2019Arm\u00e9nie a \u00e9tabli des relations diplomatiques avec l\u2019Arabie saoudite et le Pakistan, un partenariat strat\u00e9gique avec la Chine, et nous entretenons des relations politiques, commerciales et \u00e9conomiques avec l\u2019Inde\u00a0\u00bb.<\/p>\n<p>D\u00e9claration du Premier ministre arm\u00e9nien, Nikol Pachinian, lors de son discours \u00e0 la 80e session de l\u2019Assembl\u00e9e g\u00e9n\u00e9rale des Nations Unies \u00e0 New York.<\/p>\n<p>\u00ab Notre dialogue et notre fraternit\u00e9 avec l\u2019Iran et la G\u00e9orgie gagnent en visibilit\u00e9, ce qui est essentiel pour que le Caucase du Sud devienne un environnement pacifique, stable et en d\u00e9veloppement.<\/p>\n<p>\u00c0 cet \u00e9gard, j\u2019attache de l\u2019importance au format \u00ab 3+3 \u00bb, qui constitue \u00e9galement une plateforme importante pour le d\u00e9veloppement du dialogue traditionnel avec la F\u00e9d\u00e9ration de Russie, m\u00eame si nous entretenons des contacts actifs au format bilat\u00e9ral \u00bb, a-t-il indiqu\u00e9.<\/p>\n<p><strong>Un dialogue positif sans pr\u00e9c\u00e9dent s\u2019est instaur\u00e9 entre l\u2019Arm\u00e9nie et la Turquie<\/strong><\/p>\n<p>\u00ab Un dialogue positif sans pr\u00e9c\u00e9dent s\u2019est instaur\u00e9 entre l\u2019Arm\u00e9nie et la Turquie \u00bb a \u00e9galement d\u00e9clar\u00e9 le Premier ministre arm\u00e9nien lors de son discours en ajouta \u00ab dans un avenir proche, cela apportera des r\u00e9sultats positifs : l\u2019\u00e9tablissement de relations diplomatiques et l\u2019ouverture compl\u00e8te de la fronti\u00e8re inter\u00e9tatique \u00bb affirma \u00e9galement Nikol Pachinian.<\/p>\n<p>\u00a0<\/p>\n<p>Krikor Amirzayan<\/p>\n","protected":false},"excerpt":{"rendered":"\u00ab\u00a0La R\u00e9publique d\u2019Arm\u00e9nie a \u00e9tabli des relations diplomatiques avec l\u2019Arabie saoudite et le Pakistan, un partenariat strat\u00e9gique avec&hellip;\n","protected":false},"author":2,"featured_media":422882,"comment_status":"","ping_status":"","sticky":false,"template":"","format":"standard","meta":{"footnotes":""},"categories":[1591],"tags":[11,5950,312,1887,12,1885,1886,132,3496],"class_list":{"0":"post-422881","1":"post","2":"type-post","3":"status-publish","4":"format-standard","5":"has-post-thumbnail","7":"category-russie","8":"tag-actualites","9":"tag-armenie","10":"tag-diplomatie","11":"tag-federation-de-russie","12":"tag-news","13":"tag-russia","14":"tag-russian-federation","15":"tag-russie","16":"tag-turquie"},"share_on_mastodon":{"url":"https:\/\/pubeurope.com\/@fr\/115279882054614889","error":""},"_links":{"self":[{"href":"https:\/\/www.europesays.com\/fr\/wp-json\/wp\/v2\/posts\/422881","targetHints":{"allow":["GET"]}}],"collection":[{"href":"https:\/\/www.europesays.com\/fr\/wp-json\/wp\/v2\/posts"}],"about":[{"href":"https:\/\/www.europesays.com\/fr\/wp-json\/wp\/v2\/types\/post"}],"author":[{"embeddable":true,"href":"https:\/\/www.europesays.com\/fr\/wp-json\/wp\/v2\/users\/2"}],"replies":[{"embeddable":true,"href":"https:\/\/www.europesays.com\/fr\/wp-json\/wp\/v2\/comments?post=422881"}],"version-history":[{"count":0,"href":"https:\/\/www.europesays.com\/fr\/wp-json\/wp\/v2\/posts\/422881\/revisions"}],"wp:featuredmedia":[{"embeddable":true,"href":"https:\/\/www.europesays.com\/fr\/wp-json\/wp\/v2\/media\/422882"}],"wp:attachment":[{"href":"https:\/\/www.europesays.com\/fr\/wp-json\/wp\/v2\/media?parent=422881"}],"wp:term":[{"taxonomy":"category","embeddable":true,"href":"https:\/\/www.europesays.com\/fr\/wp-json\/wp\/v2\/categories?post=422881"},{"taxonomy":"post_tag","embeddable":true,"href":"https:\/\/www.europesays.com\/fr\/wp-json\/wp\/v2\/tags?post=422881"}],"curies":[{"name":"wp","href":"https:\/\/api.w.org\/{rel}","templated":true}]}}