{"id":422887,"date":"2025-09-28T03:51:13","date_gmt":"2025-09-28T03:51:13","guid":{"rendered":"https:\/\/www.europesays.com\/fr\/422887\/"},"modified":"2025-09-28T03:51:13","modified_gmt":"2025-09-28T03:51:13","slug":"nigel-farage-une-obsession-britannique","status":"publish","type":"post","link":"https:\/\/www.europesays.com\/fr\/422887\/","title":{"rendered":"Nigel Farage, une obsession britannique"},"content":{"rendered":"<p>Par Matthieu Le Gall<\/p>\n<p>Nigel Farage au 10 Downing Street. Farfelue il y a encore quelques mois, cette hypoth\u00e8se p\u00e9trifie les parlementaires britanniques, fig\u00e9s par les sondages accordant au leader souverainiste une quasi-majorit\u00e9 absolue \u00e0 la Chambre des communes, en cas d\u2019\u00e9lections anticip\u00e9es. Parti n\u00e9 sur <a target=\"_self\" href=\"https:\/\/www.lanouvellerepublique.fr\/a-la-une\/serie-nr-comment-loin-de-londres-le-royaume-uni-vit-il-cinq-ans-apres-le-brexit-1738084997\" rel=\"noopener\">les d\u00e9combres du Brexit<\/a>, Reform UK pourrait ainsi passer de cinq \u00e9lus aujourd\u2019hui, \u00e0 plus de 300 demain. Un raz-de-mar\u00e9e.<\/p>\n<p>La fascination qu\u2019exerce Nigel Farage sur de nombreux m\u00e9dias outre-Manche lui a permis de mener une OPA sur l\u2019identit\u00e9 britannique, sa croix de Saint-Georges et son Union Jack. Nourri des col\u00e8res populaires, port\u00e9 par une opinion publique \u00e0 qui l\u2019on ne parle plus, matin, midi et soir, que d\u2019immigration, le populiste de sa majest\u00e9 \u00e9crase la concurrence sans le moindre effort. Kemi Badenoch, la patronne des Conservateurs, enregistre chaque semaine une nouvelle d\u00e9fection au b\u00e9n\u00e9fice de l\u2019extr\u00eame droite.<\/p>\n<p>Si l\u2019on s\u2019en tient au calendrier \u00e9lectoral, les prochaines l\u00e9gislatives n\u2019ont lieu qu\u2019en 2029. Mais Keir Starmer en parle d\u00e9j\u00e0 comme d\u2019une \u00ab\u00a0bataille pour l\u2019\u00e2me du pays\u00a0\u00bb, \u00ab\u00a0le choix politique d\u00e9cisif de notre \u00e9poque\u00a0\u00bb. D\u2019un c\u00f4t\u00e9, le centre gauche, raisonnable, de l\u2019autre, le mauvais g\u00e9nie d\u2019une nation flegmatique, \u00e9lev\u00e9e au bipartisme. Promoteur d\u2019une politique migratoire s\u00e9v\u00e8re, \u00e0 la t\u00eate d\u2019un gouvernement, qui s\u2019est attir\u00e9 les foudres de son propre camp en taillant dans les aides sociales, l\u2019actuel premier ministre semble pourtant incapable d\u2019enrayer la progression de Nigel Farage, dont tout un pays regarde d\u00e9sormais l\u2019ascension comme un lapin pris dans les phares.<\/p>\n","protected":false},"excerpt":{"rendered":"Par Matthieu Le Gall Nigel Farage au 10 Downing Street. Farfelue il y a encore quelques mois, cette&hellip;\n","protected":false},"author":2,"featured_media":106089,"comment_status":"","ping_status":"","sticky":false,"template":"","format":"standard","meta":{"footnotes":""},"categories":[1588],"tags":[328,11,2518,1777,674,329,74,12,316,473,1853,1851,1850,1852],"class_list":{"0":"post-422887","1":"post","2":"type-post","3":"status-publish","4":"format-standard","5":"has-post-thumbnail","7":"category-royaume-uni","8":"tag-a-la-une","9":"tag-actualites","10":"tag-edito","11":"tag-eu","12":"tag-europe","13":"tag-france-monde","14":"tag-monde","15":"tag-news","16":"tag-politique","17":"tag-royaume-uni","18":"tag-royaume-uni-de-grande-bretagne-et-dirlande-du-nord","19":"tag-uk","20":"tag-united-kingdom","21":"tag-united-kingdom-of-great-britain-and-northern-ireland"},"share_on_mastodon":{"url":"https:\/\/pubeurope.com\/@fr\/115279893913417120","error":""},"_links":{"self":[{"href":"https:\/\/www.europesays.com\/fr\/wp-json\/wp\/v2\/posts\/422887","targetHints":{"allow":["GET"]}}],"collection":[{"href":"https:\/\/www.europesays.com\/fr\/wp-json\/wp\/v2\/posts"}],"about":[{"href":"https:\/\/www.europesays.com\/fr\/wp-json\/wp\/v2\/types\/post"}],"author":[{"embeddable":true,"href":"https:\/\/www.europesays.com\/fr\/wp-json\/wp\/v2\/users\/2"}],"replies":[{"embeddable":true,"href":"https:\/\/www.europesays.com\/fr\/wp-json\/wp\/v2\/comments?post=422887"}],"version-history":[{"count":0,"href":"https:\/\/www.europesays.com\/fr\/wp-json\/wp\/v2\/posts\/422887\/revisions"}],"wp:featuredmedia":[{"embeddable":true,"href":"https:\/\/www.europesays.com\/fr\/wp-json\/wp\/v2\/media\/106089"}],"wp:attachment":[{"href":"https:\/\/www.europesays.com\/fr\/wp-json\/wp\/v2\/media?parent=422887"}],"wp:term":[{"taxonomy":"category","embeddable":true,"href":"https:\/\/www.europesays.com\/fr\/wp-json\/wp\/v2\/categories?post=422887"},{"taxonomy":"post_tag","embeddable":true,"href":"https:\/\/www.europesays.com\/fr\/wp-json\/wp\/v2\/tags?post=422887"}],"curies":[{"name":"wp","href":"https:\/\/api.w.org\/{rel}","templated":true}]}}