{"id":422916,"date":"2025-09-28T04:09:10","date_gmt":"2025-09-28T04:09:10","guid":{"rendered":"https:\/\/www.europesays.com\/fr\/422916\/"},"modified":"2025-09-28T04:09:10","modified_gmt":"2025-09-28T04:09:10","slug":"decouvrez-le-lieu-denfance-de-melissa-da-costa-qui-a-ete-une-de-ses-sources-dinspiration","status":"publish","type":"post","link":"https:\/\/www.europesays.com\/fr\/422916\/","title":{"rendered":"D\u00e9couvrez le lieu d&rsquo;enfance de M\u00e9lissa Da Costa qui a \u00e9t\u00e9 une de ses sources d&rsquo;inspiration"},"content":{"rendered":"<p itemprop=\"description\">M\u00e9lissa Da Costa a d\u00e9cid\u00e9 de se confier<br \/>\nsur son lieu d&rsquo;enfance qui a \u00e9t\u00e9 une de ses sources d&rsquo;inspiration<br \/>\npour ses livres.<\/p>\n<p>M\u00e9lissa Da Costa est aujourd\u2019hui l\u2019une des <a href=\"https:\/\/www.bibamagazine.fr\/culture\/livres\/quelle-claque-je-ne-pouvais-pas-le-lacher-sorti-il-y-a-un-mois-le-dernier-livre-de-melissa-da-costa-depasse-deja-les-50-000-exemplaires-vendus-488701.html\" target=\"_blank\" rel=\"noopener\"><br \/>\nromanci\u00e8res fran\u00e7aises les plus lues,<\/a> port\u00e9e par le succ\u00e8s<br \/>\nph\u00e9nom\u00e9nal de ses ouvrages tels que Tout le bleu du ciel ou encore<br \/>\nLes lendemains. En cette rentr\u00e9e litt\u00e9raire, elle fait vibrer ses<br \/>\nlecteurs avec son nouveau roman Tenir debout (paru le 20<br \/>\nao\u00fbt 2025), une histoire intime et bouleversante qui interroge la<br \/>\nforce de l\u2019amour et la r\u00e9silience face aux \u00e9preuves.<\/p>\n<p>Dans ce livre d\u00e9j\u00e0 pl\u00e9biscit\u00e9 par le public, <a href=\"https:\/\/www.bibamagazine.fr\/culture\/livres\/coup-de-coeur-sublime-ce-nouveau-livre-de-melissa-da-costa-se-hisse-dans-le-top-3-des-meilleures-ventes-488371.html\" target=\"_blank\" rel=\"noopener\"><br \/>\nM\u00e9lissa Da Costa<\/a> raconte l\u2019histoire d\u2019\u00c9l\u00e9onore et Fran\u00e7ois,<br \/>\ndeux \u00eatres que tout oppose, s\u00e9par\u00e9s par 19 ans d\u2019\u00e9cart mais r\u00e9unis<br \/>\npar un amour intense. Lorsque le handicap vient bouleverser leur<br \/>\nquotidien, leur couple doit affronter une r\u00e9alit\u00e9 plus dure qu\u2019ils<br \/>\nne l\u2019avaient imagin\u00e9e. Entre d\u00e9sespoir, courage et d\u00e9sir de<br \/>\ncontinuer \u00e0 avancer, l\u2019autrice d\u00e9ploie une fois encore cette<br \/>\n\u00e9criture sensible et lumineuse qui s\u00e9duit des milliers de<br \/>\nlecteurs.<\/p>\n<p>Tenir debout : un roman qui touche droit au c\u0153ur<\/p>\n<p>Les premiers avis sont unanimes : \u00ab\u00a0Sublime et touchant<br \/>\n!\u00a0\u00bb, peut-on lire \u00e0 la Fnac. D\u2019autres parlent d\u2019un roman qui<br \/>\n\u00ab\u00a0montre les difficult\u00e9s que peut rencontrer un couple, m\u00eame si<br \/>\nl\u2019amour est plus fort que tout\u00a0\u00bb, un r\u00e9cit qui met en avant<br \/>\n\u00ab\u00a0la r\u00e9silience, l\u2019espoir et le courage\u00a0\u00bb. L\u2019Ain, un terreau<br \/>\nlitt\u00e9raire et \u00e9motionnel Si l\u2019imaginaire de M\u00e9lissa Da Costa s\u2019est<br \/>\nnourri de nombreux horizons, une r\u00e9gion revient souvent comme une<br \/>\n\u00e9vidence dans ses romans.<\/p>\n<p><strong>L\u2019Ain<\/strong>, d\u00e9partement o\u00f9 elle a grandi et qu\u2019elle<br \/>\nn\u2019a jamais cess\u00e9 de ch\u00e9rir. Dans une interview accord\u00e9e au <a href=\"https:\/\/www.ain.fr\/melissa-da-costa\/\" target=\"_blank\" rel=\"noopener\">site officiel du d\u00e9partement,<\/a> elle confiait :<br \/>\n\u00ab\u00a0Ma famille est dans l\u2019Ain, je reviens r\u00e9guli\u00e8rement. Ce sont<br \/>\nmes racines, la maison, le berceau, le lieu de mes \u00e9tudes, j\u2019ai de<br \/>\ntr\u00e8s bons souvenirs ici. Dans plusieurs de mes romans, j\u2019ai fait<br \/>\ndes clins d\u2019\u0153il \u00e0 la r\u00e9gion.\u00a0\u00bb<\/p>\n<p>M\u00e9lissa Da Costa : une autrice ancr\u00e9e<br \/>\ndans son \u00e9poque<\/p>\n<p>Pour l\u2019\u00e9crivaine, cette terre n\u2019est pas seulement un souvenir<br \/>\nd\u2019enfance, mais aussi une source d\u2019inspiration continue. Elle salue<br \/>\nles nombreuses initiatives locales : \u00ab\u00a0Gr\u00e2ce \u00e0 l\u2019Acad\u00e9mie de la<br \/>\nBresse, j\u2019ai rencontr\u00e9 de nombreux talents dans l\u2019Ain. Il existe un<br \/>\nnombre incalculable d\u2019initiatives et de talents dans les milieux du<br \/>\ncin\u00e9ma, de la culture\u2026 Peut-\u00eatre que mon parcours peut donner \u00e0<br \/>\n<strong>tous ces talents de l\u2019ombre<\/strong> l\u2019envie d\u2019oser et de<br \/>\nfaire rayonner le D\u00e9partement.\u00a0\u00bb<\/p>\n<p>Si ses racines nourrissent sa plume, M\u00e9lissa Da Costa insiste<br \/>\nsur le fait que son inspiration vient aussi de son rapport direct \u00e0<br \/>\nla soci\u00e9t\u00e9 et aux autres. \u00ab\u00a0J\u2019essaie de m\u2019\u00e9vader, de sortir de<br \/>\nmon quotidien, de parler aux gens avec une \u00e9criture simple.<br \/>\nJ\u2019imagine que je suis impr\u00e9gn\u00e9e par mon \u00e9poque et la<br \/>\nsoci\u00e9t\u00e9.\u00a0\u00bb. Refusant de se limiter aux attentes de ses<br \/>\nlecteurs, elle n\u2019h\u00e9site pas \u00e0 explorer des territoires plus<br \/>\nsombres, comme dans La Doublure, qui avait <a href=\"https:\/\/www.bibamagazine.fr\/culture\/livres\/sorti-en-poche-ce-roman-de-melissa-da-costa-se-hisse-dans-le-top-5-des-meilleures-ventes-485372.html\" target=\"_blank\" rel=\"noopener\"><br \/>\nsurpris par son audace.<\/a> Qu\u2019elle \u00e9voque l\u2019amour, la douleur ou<br \/>\nl\u2019espoir, l\u2019autrice revendique une ambition : explorer toutes les<br \/>\nfacettes de la vie humaine, <strong>\u00ab\u00a0du plus lumineux au plus<br \/>\nsombre\u00a0\u00bb<\/strong>.<\/p>\n","protected":false},"excerpt":{"rendered":"M\u00e9lissa Da Costa a d\u00e9cid\u00e9 de se confier sur son lieu d&rsquo;enfance qui a \u00e9t\u00e9 une de ses&hellip;\n","protected":false},"author":2,"featured_media":422917,"comment_status":"","ping_status":"","sticky":false,"template":"","format":"standard","meta":{"footnotes":""},"categories":[1357],"tags":[1379,58,59,1011,27,1380],"class_list":{"0":"post-422916","1":"post","2":"type-post","3":"status-publish","4":"format-standard","5":"has-post-thumbnail","7":"category-livres","8":"tag-books","9":"tag-divertissement","10":"tag-entertainment","11":"tag-fr","12":"tag-france","13":"tag-livres"},"share_on_mastodon":{"url":"https:\/\/pubeurope.com\/@fr\/115279964613087392","error":""},"_links":{"self":[{"href":"https:\/\/www.europesays.com\/fr\/wp-json\/wp\/v2\/posts\/422916","targetHints":{"allow":["GET"]}}],"collection":[{"href":"https:\/\/www.europesays.com\/fr\/wp-json\/wp\/v2\/posts"}],"about":[{"href":"https:\/\/www.europesays.com\/fr\/wp-json\/wp\/v2\/types\/post"}],"author":[{"embeddable":true,"href":"https:\/\/www.europesays.com\/fr\/wp-json\/wp\/v2\/users\/2"}],"replies":[{"embeddable":true,"href":"https:\/\/www.europesays.com\/fr\/wp-json\/wp\/v2\/comments?post=422916"}],"version-history":[{"count":0,"href":"https:\/\/www.europesays.com\/fr\/wp-json\/wp\/v2\/posts\/422916\/revisions"}],"wp:featuredmedia":[{"embeddable":true,"href":"https:\/\/www.europesays.com\/fr\/wp-json\/wp\/v2\/media\/422917"}],"wp:attachment":[{"href":"https:\/\/www.europesays.com\/fr\/wp-json\/wp\/v2\/media?parent=422916"}],"wp:term":[{"taxonomy":"category","embeddable":true,"href":"https:\/\/www.europesays.com\/fr\/wp-json\/wp\/v2\/categories?post=422916"},{"taxonomy":"post_tag","embeddable":true,"href":"https:\/\/www.europesays.com\/fr\/wp-json\/wp\/v2\/tags?post=422916"}],"curies":[{"name":"wp","href":"https:\/\/api.w.org\/{rel}","templated":true}]}}