{"id":422922,"date":"2025-09-28T04:12:39","date_gmt":"2025-09-28T04:12:39","guid":{"rendered":"https:\/\/www.europesays.com\/fr\/422922\/"},"modified":"2025-09-28T04:12:39","modified_gmt":"2025-09-28T04:12:39","slug":"un-acteur-de-x-men-annonce-par-megarde-la-presence-dune-heroine-dans-avengers-doomsday","status":"publish","type":"post","link":"https:\/\/www.europesays.com\/fr\/422922\/","title":{"rendered":"Un acteur de X-Men annonce par m\u00e9garde la pr\u00e9sence d&rsquo;une h\u00e9ro\u00efne dans Avengers : Doomsday"},"content":{"rendered":"<p><img fetchpriority=\"high\" decoding=\"async\" width=\"1024\" height=\"576\" src=\"https:\/\/www.europesays.com\/fr\/wp-content\/uploads\/2025\/09\/une-x-men-2-1024x576.jpg\" alt=\"X-Men\" class=\"wp-image-991563\"  \/>\u24b8 Twentieth Century Fox<\/p>\n<p><strong>Difficile de garder le secret d\u2019un film pour certains acteurs. Alan Cumming, figure phare de X-Men, en fait partie. Il vient peut-\u00eatre de r\u00e9v\u00e9ler l\u2019arriv\u00e9e d\u2019une mutante dans le prochain Avengers.\u00a0\u00a0<\/strong><\/p>\n<p>Une star de <a href=\"https:\/\/dailygeekshow.com\/ryan-reynolds-deadpool\/\" target=\"_blank\" rel=\"noreferrer noopener nofollow\">X-Men<\/a> vient-elle de r\u00e9v\u00e9ler la pr\u00e9sence d\u2019un autre mutant dans Avengers : Doomsday ? Alan Cumming, l\u2019interpr\u00e8te de Diablo dans X-Men 2, aurait potentiellement r\u00e9v\u00e9l\u00e9 par m\u00e9garde l\u2019arriv\u00e9e de Tornade dans le film <a href=\"https:\/\/dailygeekshow.com\/pedro-pascal-les-4-fantastiques\/\" target=\"_blank\" rel=\"noreferrer noopener nofollow\">Marvel<\/a>.<\/p>\n<p>Lire aussi <a href=\"https:\/\/dailygeekshow.com\/kpop-demon-hunters-netflix\/\" rel=\"nofollow noopener\" target=\"_blank\">Avis aux fans de KPop Demon Hunters : un autre film est d\u00e9j\u00e0 pr\u00eat pour Netflix !<\/a><\/p>\n<p>Jusqu\u2019\u00e0 maintenant, on savait que Cyclope, <a href=\"https:\/\/dailygeekshow.com\/mystique-xmen-marvel\/\" target=\"_blank\" rel=\"noreferrer noopener nofollow\">Mystique<\/a>, Fauve, <a href=\"https:\/\/dailygeekshow.com\/portrait-magneto-xmen\/\" target=\"_blank\" rel=\"noreferrer noopener nofollow\">Magneto<\/a>, <a href=\"https:\/\/dailygeekshow.com\/schism-x-men-separation\/\" target=\"_blank\" rel=\"noreferrer noopener nofollow\">Professeur X<\/a>, Gambit et bien s\u00fbr Diablo seraient de la partie. Aussi, on se doutait bien que Marvel gardait encore quelques surprises sous le coude. Sauf que l\u2019une d\u2019entre elles a peut-\u00eatre \u00e9t\u00e9 g\u00e2ch\u00e9e par Alan Cumming.\u00a0<\/p>\n<p>Dans un entretien avec ET, l\u2019acteur a \u00e9voqu\u00e9 la possible pr\u00e9sence de Tornade au casting : \u00ab Eh bien, peut-\u00eatre, lance-t-il avant de rapidement ajouter Je ne sais pas\u2026 mais honn\u00eatement, je suis la derni\u00e8re personne \u00e0 qui il faut poser la question. \u00bb<\/p>\n<p>La m\u00e8che vient-elle d\u2019\u00eatre vendue ? Il se pourrait bien. Ce n\u2019est pas la premi\u00e8re gaffe de l\u2019acteur. Plus t\u00f4t cette ann\u00e9e, il avait racont\u00e9 qu\u2019il s\u2019entra\u00eenait pour une sc\u00e8ne d\u2019action avec Pedro Pascal, le Reed Richards des <a href=\"https:\/\/dailygeekshow.com\/amanda-seyfried\/\" target=\"_blank\" rel=\"noreferrer noopener nofollow\">4 Fantastiques : Premiers pas<\/a>. Cette r\u00e9v\u00e9lation avait lanc\u00e9 une vague de sp\u00e9culations de la part des fans autour de l\u2019intrigue du film. Alan Cumming avait ensuite tent\u00e9 de se rattraper en disant : \u00ab J\u2019ai cass\u00e9 Internet en \u00e9voquant un vague truc une fois, mais honn\u00eatement, je me suis peut-\u00eatre tromp\u00e9. \u00bb Finalement non, Pedro Pascal est confirm\u00e9 au casting d\u2019Avengers : Doomsday.\u00a0<\/p>\n<p>Lire aussi <a href=\"https:\/\/dailygeekshow.com\/glen-powell-chris-pratt\/\" rel=\"nofollow noopener\" target=\"_blank\">Glen Powell cr\u00e9dite Chris Pratt pour avoir chang\u00e9 les premiers r\u00f4les masculins \u00e0 Hollywood<\/a><\/p>\n<p>Pour d\u00e9couvrir si Alan Cumming disait vrai sur Tornade, il va falloir patienter jusqu\u2019au 16 d\u00e9cembre 2026, date de sortie d\u2019Avengers : Doomsday en France.\u00a0Par ailleurs, <a href=\"https:\/\/dailygeekshow.com\/quiz-pouvoirs-xmen\/\" target=\"_blank\" rel=\"noreferrer noopener nofollow\">trouverez-vous les pouvoirs de chacun de ces X-Men<\/a> ?<\/p>\n","protected":false},"excerpt":{"rendered":"\u24b8 Twentieth Century Fox Difficile de garder le secret d\u2019un film pour certains acteurs. Alan Cumming, figure phare&hellip;\n","protected":false},"author":2,"featured_media":422923,"comment_status":"","ping_status":"","sticky":false,"template":"","format":"standard","meta":{"footnotes":""},"categories":[1354],"tags":[11320,58,59,1346,1011,27,1360,26589],"class_list":{"0":"post-422922","1":"post","2":"type-post","3":"status-publish","4":"format-standard","5":"has-post-thumbnail","7":"category-films","8":"tag-avengers","9":"tag-divertissement","10":"tag-entertainment","11":"tag-films","12":"tag-fr","13":"tag-france","14":"tag-movies","15":"tag-x-men"},"share_on_mastodon":{"url":"https:\/\/pubeurope.com\/@fr\/115279976455600614","error":""},"_links":{"self":[{"href":"https:\/\/www.europesays.com\/fr\/wp-json\/wp\/v2\/posts\/422922","targetHints":{"allow":["GET"]}}],"collection":[{"href":"https:\/\/www.europesays.com\/fr\/wp-json\/wp\/v2\/posts"}],"about":[{"href":"https:\/\/www.europesays.com\/fr\/wp-json\/wp\/v2\/types\/post"}],"author":[{"embeddable":true,"href":"https:\/\/www.europesays.com\/fr\/wp-json\/wp\/v2\/users\/2"}],"replies":[{"embeddable":true,"href":"https:\/\/www.europesays.com\/fr\/wp-json\/wp\/v2\/comments?post=422922"}],"version-history":[{"count":0,"href":"https:\/\/www.europesays.com\/fr\/wp-json\/wp\/v2\/posts\/422922\/revisions"}],"wp:featuredmedia":[{"embeddable":true,"href":"https:\/\/www.europesays.com\/fr\/wp-json\/wp\/v2\/media\/422923"}],"wp:attachment":[{"href":"https:\/\/www.europesays.com\/fr\/wp-json\/wp\/v2\/media?parent=422922"}],"wp:term":[{"taxonomy":"category","embeddable":true,"href":"https:\/\/www.europesays.com\/fr\/wp-json\/wp\/v2\/categories?post=422922"},{"taxonomy":"post_tag","embeddable":true,"href":"https:\/\/www.europesays.com\/fr\/wp-json\/wp\/v2\/tags?post=422922"}],"curies":[{"name":"wp","href":"https:\/\/api.w.org\/{rel}","templated":true}]}}