{"id":422924,"date":"2025-09-28T04:14:10","date_gmt":"2025-09-28T04:14:10","guid":{"rendered":"https:\/\/www.europesays.com\/fr\/422924\/"},"modified":"2025-09-28T04:14:10","modified_gmt":"2025-09-28T04:14:10","slug":"om-psg-tensions-insultes-et-colere-la-verite-eclate-sur-les-incidents-a-la-mi-temps","status":"publish","type":"post","link":"https:\/\/www.europesays.com\/fr\/422924\/","title":{"rendered":"OM &#8211; PSG : tensions, insultes et col\u00e8re\u2026 la v\u00e9rit\u00e9 \u00e9clate sur les incidents \u00e0 la mi-temps"},"content":{"rendered":"<p><strong>\u00c7a a chauff\u00e9 \u00e0 la mi-temps du Classique entre l\u2019OM et le PSG lundi dernier. Le film publi\u00e9 par la Ligue 1 a d\u2019ailleurs permis d\u2019en savoir un peu plus \u00e0 ce sujet.<\/strong><\/p>\n<p>Lundi soir, alors que <a href=\"https:\/\/www.butfootballclub.fr\/619797-om-psg-marseille-fait-chuter-paris-les-notes-dun-classico-historique\/\" rel=\"noreferrer noopener\" target=\"_blank\">l\u2019Olympique de Marseille venait de l\u2019emporter face au PSG<\/a> (1-0), le v\u00e9ritable spectacle ne se d\u00e9roulait pas seulement sur la pelouse. La Ligue 1 a d\u00e9voil\u00e9 samedi <a href=\"https:\/\/www.youtube.com\/watch?v=7pCJf-z3P_E\" rel=\"noreferrer noopener\" target=\"_blank\">sur YouTube<\/a> un documentaire r\u00e9v\u00e9lant <a href=\"https:\/\/www.butfootballclub.fr\/620049-om-psg-medhi-benatia-brise-le-silence-sur-la-rumeur-daltercation-avec-luis-campos\/\" rel=\"noreferrer noopener\" target=\"_blank\">les tensions dans les couloirs du V\u00e9lodrome<\/a>, \u00e0 la mi-temps.<\/p>\n<p>\u00ab\u00a0Sors d\u2019ici connard\u00a0\u00bb<\/p>\n<p>Luis Campos, le directeur sportif du PSG, descend soudainement dans les couloirs. Son visage trahit une col\u00e8re contenue, son objectif : parler \u00e0 l\u2019arbitre J\u00e9r\u00f4me Brisard. Mais avant m\u00eame d\u2019atteindre sa cible, il se heurte \u00e0 l\u2019incident qui allait enflammer la pause. \u00ab D\u00e9j\u00e0 \u00e0 la mi-temps, il y en a un qui est arriv\u00e9 et qui a dit \u00a0\u00bbsors d\u2019ici connard.\u00a0\u00bb Un mec de la s\u00e9curit\u00e9 qui arrive ici et qui dit : \u00a0\u00bbsors d\u2019ici connard\u00a0\u00bb. Je ne peux pas admettre \u00e7a\u2026 \u00c9coutez ce qu\u2019il nous a dit, il n\u2019a pas le droit de faire \u00e7a, je n\u2019ai rien dit hein. \u00bb<\/p>\n<p>Campos parle ici d\u2019Azyz Mady Mogne, le coordinateur sportif marseillais, mais la situation d\u00e9rape rapidement. Pierre-Emile H\u00f8jbjerg, le milieu danois de l\u2019OM, croise le Portugais et lui lance, sans d\u00e9tours : \u00ab Eh toujours toi, toujours toi. Toujours lui. Tous les week-ends, on te voit, toi. \u00bb<\/p>\n<p>Benatia s\u2019est interpos\u00e9<\/p>\n<p>L\u2019atmosph\u00e8re est \u00e9lectrique. Achraf Hakimi intervient, sa voix ferme coupant le tumulte : \u00ab Va \u00e0 l\u2019int\u00e9rieur, pourquoi tu parles ? \u00bb Medhi Benatia, directeur sportif de l\u2019OM, tente de contenir son compatriote marocain : \u00ab Achraf ! Calme\u2026 \u00bb<\/p>\n<p>Au bout de quelques minutes, l\u2019agitation retombe, mais Campos n\u2019a jamais pu approcher Brisard. La mi-temps se termine dans une tension palpable, et les vestiaires, derri\u00e8re les projecteurs, r\u00e9v\u00e8lent un monde o\u00f9 les \u00e9changes verbaux peuvent \u00eatre tout aussi d\u00e9cisifs qu\u2019un but sur le terrain.<\/p>\n<p>Ce Classique hors des terrains montre que la passion, l\u2019ego et la rivalit\u00e9 ne se limitent pas aux 90 minutes de jeu. Dans les couloirs du V\u00e9lodrome, chaque mot compte, chaque geste peut d\u00e9clencher une r\u00e9action en cha\u00eene.<\/p>\n","protected":false},"excerpt":{"rendered":"\u00c7a a chauff\u00e9 \u00e0 la mi-temps du Classique entre l\u2019OM et le PSG lundi dernier. Le film publi\u00e9&hellip;\n","protected":false},"author":2,"featured_media":422925,"comment_status":"","ping_status":"","sticky":false,"template":"","format":"standard","meta":{"footnotes":""},"categories":[9],"tags":[11,448,63,1011,27,66,3388,12,60,10662],"class_list":{"0":"post-422924","1":"post","2":"type-post","3":"status-publish","4":"format-standard","5":"has-post-thumbnail","7":"category-sports","8":"tag-actualites","9":"tag-champions-league","10":"tag-football","11":"tag-fr","12":"tag-france","13":"tag-ligue-1","14":"tag-matchs","15":"tag-news","16":"tag-sports","17":"tag-transferts"},"share_on_mastodon":{"url":"https:\/\/pubeurope.com\/@fr\/115279984530287089","error":""},"_links":{"self":[{"href":"https:\/\/www.europesays.com\/fr\/wp-json\/wp\/v2\/posts\/422924","targetHints":{"allow":["GET"]}}],"collection":[{"href":"https:\/\/www.europesays.com\/fr\/wp-json\/wp\/v2\/posts"}],"about":[{"href":"https:\/\/www.europesays.com\/fr\/wp-json\/wp\/v2\/types\/post"}],"author":[{"embeddable":true,"href":"https:\/\/www.europesays.com\/fr\/wp-json\/wp\/v2\/users\/2"}],"replies":[{"embeddable":true,"href":"https:\/\/www.europesays.com\/fr\/wp-json\/wp\/v2\/comments?post=422924"}],"version-history":[{"count":0,"href":"https:\/\/www.europesays.com\/fr\/wp-json\/wp\/v2\/posts\/422924\/revisions"}],"wp:featuredmedia":[{"embeddable":true,"href":"https:\/\/www.europesays.com\/fr\/wp-json\/wp\/v2\/media\/422925"}],"wp:attachment":[{"href":"https:\/\/www.europesays.com\/fr\/wp-json\/wp\/v2\/media?parent=422924"}],"wp:term":[{"taxonomy":"category","embeddable":true,"href":"https:\/\/www.europesays.com\/fr\/wp-json\/wp\/v2\/categories?post=422924"},{"taxonomy":"post_tag","embeddable":true,"href":"https:\/\/www.europesays.com\/fr\/wp-json\/wp\/v2\/tags?post=422924"}],"curies":[{"name":"wp","href":"https:\/\/api.w.org\/{rel}","templated":true}]}}