{"id":422930,"date":"2025-09-28T04:17:14","date_gmt":"2025-09-28T04:17:14","guid":{"rendered":"https:\/\/www.europesays.com\/fr\/422930\/"},"modified":"2025-09-28T04:17:14","modified_gmt":"2025-09-28T04:17:14","slug":"comment-la-fin-de-la-2g-pourrait-vous-impacter-meme-avec-un-telephone-4g-ou-5g","status":"publish","type":"post","link":"https:\/\/www.europesays.com\/fr\/422930\/","title":{"rendered":"Comment la fin de la 2G pourrait vous impacter m\u00eame avec un t\u00e9l\u00e9phone 4G ou 5G"},"content":{"rendered":"<p>        <img decoding=\"async\" loading=\"lazy\" src=\"https:\/\/www.europesays.com\/fr\/wp-content\/uploads\/2025\/09\/5f57a10_upload-1-gqpht6ax1ebw-gettyimages-1642923755.jpg\"  width=\"728\" height=\"409\" alt=\"Les syst\u00e8mes d\u2019alarme des ascenseurs utilisent notamment le r\u00e9seau 2G ou 3G\"\/>  <\/p>\n<p>aire images \/ Getty Images<\/p>\n<p>Les syst\u00e8mes d\u2019alarme des ascenseurs utilisent notamment le r\u00e9seau 2G ou 3G<\/p>\n<p class=\"asset asset-text\">TECH &amp;\u00a0FUTURS &#8211; Lorsqu\u2019on parle des <a href=\"https:\/\/www.huffingtonpost.fr\/france\/article\/la-panne-sfr-provoque-une-belle-pagaille-dans-l-hexagone-des-pompiers-aux-restaurants_251434.html\" target=\"_blank\" rel=\"noopener\">r\u00e9seaux<\/a> 2G ou 3G, on pense tout de suite \u00e0 notre <a href=\"https:\/\/www.huffingtonpost.fr\/tech-futurs\/article\/cette-ville-veut-limiter-a-deux-heures-quotidiennes-l-utilisation-des-telephones_253865.html\" target=\"_blank\" rel=\"noopener\">portable<\/a>. Il est donc facile de ne pas se sentir directement concern\u00e9 par l\u2019annonce de la fin de la 2G en 2026, puis de la 3G fin 2028.<\/p>\n<p class=\"asset asset-text\">Pourtant, de nombreux objets du quotidien auxquels on ne pense pas forc\u00e9ment utilisent encore ces r\u00e9seaux d\u00e9j\u00e0 obsol\u00e8tes pour l\u2019usage de nos <a href=\"https:\/\/www.huffingtonpost.fr\/tech-futurs\/article\/comment-google-a-importe-son-ia-dans-ses-nouveaux-smartphones_253824.html\" target=\"_blank\" rel=\"noopener\" title=\"Nouvelle fen\u00eatre\">smartphones<\/a>. En juin\u00a02025, l\u2019autorit\u00e9 de r\u00e9gulation des communications \u00e9lectroniques, des postes et de la distribution de la presse (<a href=\"https:\/\/www.arcep.fr\/actualites\/actualites-et-communiques\/detail\/n\/extinction-des-reseaux-mobiles-2g-et-3g-190925.html\" target=\"_blank\" rel=\"noopener\" title=\"Nouvelle fen\u00eatre\">Arcep<\/a>) a comptabilis\u00e9 plus de 5,9\u00a0millions de <a href=\"https:\/\/www.huffingtonpost.fr\/technologie\/article\/derriere-le-piratage-du-patron-de-twitter-les-dangers-des-arnaques-a-la-carte-sim_150963.html\" target=\"_blank\" rel=\"noopener\" title=\"Nouvelle fen\u00eatre\">cartes SIM<\/a> utilisables avec la 2G uniquement ou avec la 2G et la 3G uniquement, en France m\u00e9tropolitaine. Un chiffre qui alerte aux vues des prochaines \u00e9ch\u00e9ances.<\/p>\n<p class=\"asset asset-text\">Ascenseurs, syst\u00e8me d\u2019alarmes connect\u00e9es, t\u00e9l\u00e9assistance pour les personnes \u00e2g\u00e9es ou encore interphones, voici quelques exemples d\u2019\u00e9quipement du quotidien utilisant la 2G ou la 3G en France. Or, \u00e0 partir du 31\u00a0mars\u00a02026, <a href=\"https:\/\/www.huffingtonpost.fr\/justice\/article\/arbitrage-tapie-credit-lyonnais-l-ex-patron-d-orange-stephane-richard-condamne_252009.html\" target=\"_blank\" rel=\"noopener\">Orange<\/a> commencera \u00e0 couper le r\u00e9seau 2G dans certains d\u00e9partements, jusqu\u2019\u00e0 l\u2019arr\u00eat total fin d\u00e9cembre. L\u2019op\u00e9rateur sera suivi par SFR et <a href=\"https:\/\/www.huffingtonpost.fr\/france\/article\/clients-de-bouygues-si-vous-avez-eu-des-galeres-de-connexion-vous-n-etiez-pas-seuls_247283.html\" target=\"_blank\" rel=\"noopener\">Bouygues Telecom<\/a> \u00e0 la fin de cette m\u00eame ann\u00e9e.<\/p>\n<p>    Alerte des professionnels du secteur    <\/p>\n<p class=\"asset asset-text\">En ao\u00fbt dernier, la f\u00e9d\u00e9ration des ascenseurs a appel\u00e9 les copropri\u00e9t\u00e9s et les bailleurs sociaux \u00e0 \u00ab\u00a0se d\u00e9p\u00eacher\u00a0\u00bb de changer le syst\u00e8me de t\u00e9l\u00e9alarme de ces appareils dans les immeubles. Alain Meslier, pr\u00e9sident de la f\u00e9d\u00e9ration, rappelait sur <a href=\"https:\/\/rmc.bfmtv.com\/actualites\/societe\/disparition-de-la-2g-en-2026-230-000-ascenseurs-menaces-de-panne-d-alarme-selon-alain-meslier_AV-202508190282.html\" target=\"_blank\" rel=\"noopener\" title=\"Nouvelle fen\u00eatre\">RMC<\/a> que, pass\u00e9 cette \u00e9ch\u00e9ance, lorsque quelqu\u2019un bloqu\u00e9 dans un ascenseur appellera de l\u2019aide via le bouton du syst\u00e8me de t\u00e9l\u00e9alarme, \u00ab\u00a0il (ne) se passera plus rien\u00a0\u00bb puisque la connexion aura \u00ab\u00a0\u00e9t\u00e9 coup\u00e9e\u00a0\u00bb.<\/p>\n<p class=\"asset asset-text\">Or, selon lui, \u00ab\u00a0aujourd\u2019hui, plus de 230\u00a0000 ascenseurs (&#8230;) sont encore \u00e9quip\u00e9s en t\u00e9l\u00e9alarme avec un syst\u00e8me 2G\u00a0\u00bb, sur quelque 650\u00a0000 appareils en France. \u00ab\u00a0L\u2019ascensoriste ne sera pas tenu responsable si une personne reste bloqu\u00e9e sans avoir de syst\u00e8me de t\u00e9l\u00e9alarme op\u00e9rationnel. Nous sommes juste exploitants\u00a0\u00bb, a assur\u00e9 \u00e0 l\u2019AFP Alain Meslier.<\/p>\n<p class=\"asset asset-text\">En revanche, la t\u00e9l\u00e9alarme est bien une exigence essentielle de s\u00e9curit\u00e9, selon la l\u00e9gislation, et les copropri\u00e9t\u00e9s ou bailleurs sociaux seront th\u00e9oriquement oblig\u00e9s de mettre \u00e0 l\u2019arr\u00eat les appareils qui n\u2019auraient pas de syst\u00e8me pour appeler \u00e0 l\u2019aide, selon lui.<\/p>\n<p class=\"asset asset-text\">La f\u00e9d\u00e9ration des ascenseurs et plusieurs organismes ont appel\u00e9 \u00e0 un report de deux ans pour l\u2019\u00e9ch\u00e9ance du r\u00e9seau 2G, mais ont d\u00fb essuyer un refus des op\u00e9rateurs et des pouvoirs publics, <a href=\"https:\/\/www.lesechos.fr\/tech-medias\/hightech\/ascenseurs-alarmes-telephones-ces-millions-dequipements-menaces-par-la-fin-des-reseaux-2g-et-3g-2188085\" target=\"_blank\" rel=\"noopener\" title=\"Nouvelle fen\u00eatre\">d\u2019apr\u00e8s Les \u00c9chos<\/a>. Tous deux invoquent des raisons d\u2019efficacit\u00e9 \u00e9nerg\u00e9tique et de cybers\u00e9curit\u00e9s soutenues <a href=\"https:\/\/www.arcep.fr\/mes-demarches-et-services\/consommateurs\/fiches-pratiques\/extinction-reseaux-mobiles-2g-3g.html#c38974\" target=\"_blank\" rel=\"noopener\" title=\"Nouvelle fen\u00eatre\">par ce communiqu\u00e9<\/a> de l\u2019Arcep.<\/p>\n","protected":false},"excerpt":{"rendered":"aire images \/ Getty Images Les syst\u00e8mes d\u2019alarme des ascenseurs utilisent notamment le r\u00e9seau 2G ou 3G TECH&hellip;\n","protected":false},"author":2,"featured_media":417928,"comment_status":"","ping_status":"","sticky":false,"template":"","format":"standard","meta":{"footnotes":""},"categories":[6],"tags":[35,33,34,1011,27,31919,19436,24551],"class_list":{"0":"post-422930","1":"post","2":"type-post","3":"status-publish","4":"format-standard","5":"has-post-thumbnail","7":"category-economie","8":"tag-business","9":"tag-economie","10":"tag-economy","11":"tag-fr","12":"tag-france","13":"tag-operateurs-telephoniques","14":"tag-reseaux","15":"tag-tech-futurs"},"share_on_mastodon":{"url":"https:\/\/pubeurope.com\/@fr\/115279996095119204","error":""},"_links":{"self":[{"href":"https:\/\/www.europesays.com\/fr\/wp-json\/wp\/v2\/posts\/422930","targetHints":{"allow":["GET"]}}],"collection":[{"href":"https:\/\/www.europesays.com\/fr\/wp-json\/wp\/v2\/posts"}],"about":[{"href":"https:\/\/www.europesays.com\/fr\/wp-json\/wp\/v2\/types\/post"}],"author":[{"embeddable":true,"href":"https:\/\/www.europesays.com\/fr\/wp-json\/wp\/v2\/users\/2"}],"replies":[{"embeddable":true,"href":"https:\/\/www.europesays.com\/fr\/wp-json\/wp\/v2\/comments?post=422930"}],"version-history":[{"count":0,"href":"https:\/\/www.europesays.com\/fr\/wp-json\/wp\/v2\/posts\/422930\/revisions"}],"wp:featuredmedia":[{"embeddable":true,"href":"https:\/\/www.europesays.com\/fr\/wp-json\/wp\/v2\/media\/417928"}],"wp:attachment":[{"href":"https:\/\/www.europesays.com\/fr\/wp-json\/wp\/v2\/media?parent=422930"}],"wp:term":[{"taxonomy":"category","embeddable":true,"href":"https:\/\/www.europesays.com\/fr\/wp-json\/wp\/v2\/categories?post=422930"},{"taxonomy":"post_tag","embeddable":true,"href":"https:\/\/www.europesays.com\/fr\/wp-json\/wp\/v2\/tags?post=422930"}],"curies":[{"name":"wp","href":"https:\/\/api.w.org\/{rel}","templated":true}]}}