{"id":422937,"date":"2025-09-28T04:21:22","date_gmt":"2025-09-28T04:21:22","guid":{"rendered":"https:\/\/www.europesays.com\/fr\/422937\/"},"modified":"2025-09-28T04:21:22","modified_gmt":"2025-09-28T04:21:22","slug":"le-renouvellement-des-ascenseurs-a-la-gare-agace","status":"publish","type":"post","link":"https:\/\/www.europesays.com\/fr\/422937\/","title":{"rendered":"le renouvellement des ascenseurs \u00e0 la gare agace"},"content":{"rendered":"<p>La SNCF a commenc\u00e9 des travaux visant \u00e0 am\u00e9liorer ses installations dans diverses gares. Dans ce cadre, les trois ascenseurs de la gare de Firminy vont \u00eatre remplac\u00e9s, ce qui entra\u00eene une p\u00e9riode de travaux de 6 mois qui devrait se terminer en janvier. L\u2019acc\u00e8s aux quais n\u2019est donc possible que par les escaliers, ce qui entra\u00eene \u00e9videmment quelques d\u00e9sagr\u00e9ments. La compagnie ferroviaire a certes pens\u00e9 aux probl\u00e8mes qu\u2019allaient rencontrer les personnes \u00e0 mobilit\u00e9 r\u00e9duite (PMR) mais les ascenseurs sont aussi tr\u00e8s souvent utilis\u00e9s par des personnes porteuses d\u2019un handicap moins visible, par des parents avec des poussettes ou par des cyclistes avec leurs v\u00e9los.<\/p>\n<p>\u00ab\u00a0Merci pour la muscu\u2019gratuite\u00a0\u00bb<\/p>\n<p>Justement, les repr\u00e9sentants de ce mode de d\u00e9placement doux se sont regroup\u00e9s en collectif\u00a0: O2\u00a0: de l\u2019Oxyg\u00e8ne\u00a0!!!, Place aux pi\u00e9tons Loire-Sud, Ociv\u00e9lo et ADTLS (Am\u00e9liorer les d\u00e9placements et les transports en Loire sud). Le Collectif des mobilit\u00e9s pour une ville apais\u00e9e est une entit\u00e9 qui leur permet&#8230;<\/p>\n","protected":false},"excerpt":{"rendered":"La SNCF a commenc\u00e9 des travaux visant \u00e0 am\u00e9liorer ses installations dans diverses gares. Dans ce cadre, les&hellip;\n","protected":false},"author":2,"featured_media":422938,"comment_status":"","ping_status":"","sticky":false,"template":"","format":"standard","meta":{"footnotes":""},"categories":[9653],"tags":[1111,11,2430,7539,1777,674,10282,10283,1011,27,12,25,4001,2803],"class_list":{"0":"post-422937","1":"post","2":"type-post","3":"status-publish","4":"format-standard","5":"has-post-thumbnail","7":"category-saint-etienne","8":"tag-actu","9":"tag-actualites","10":"tag-auvergne-rhone-alpes","11":"tag-edition-loire-sud","12":"tag-eu","13":"tag-europe","14":"tag-firminy","15":"tag-firminy-ville","16":"tag-fr","17":"tag-france","18":"tag-news","19":"tag-republique-francaise","20":"tag-saint-etienne","21":"tag-transport"},"share_on_mastodon":{"url":"https:\/\/pubeurope.com\/@fr\/115280011806124917","error":""},"_links":{"self":[{"href":"https:\/\/www.europesays.com\/fr\/wp-json\/wp\/v2\/posts\/422937","targetHints":{"allow":["GET"]}}],"collection":[{"href":"https:\/\/www.europesays.com\/fr\/wp-json\/wp\/v2\/posts"}],"about":[{"href":"https:\/\/www.europesays.com\/fr\/wp-json\/wp\/v2\/types\/post"}],"author":[{"embeddable":true,"href":"https:\/\/www.europesays.com\/fr\/wp-json\/wp\/v2\/users\/2"}],"replies":[{"embeddable":true,"href":"https:\/\/www.europesays.com\/fr\/wp-json\/wp\/v2\/comments?post=422937"}],"version-history":[{"count":0,"href":"https:\/\/www.europesays.com\/fr\/wp-json\/wp\/v2\/posts\/422937\/revisions"}],"wp:featuredmedia":[{"embeddable":true,"href":"https:\/\/www.europesays.com\/fr\/wp-json\/wp\/v2\/media\/422938"}],"wp:attachment":[{"href":"https:\/\/www.europesays.com\/fr\/wp-json\/wp\/v2\/media?parent=422937"}],"wp:term":[{"taxonomy":"category","embeddable":true,"href":"https:\/\/www.europesays.com\/fr\/wp-json\/wp\/v2\/categories?post=422937"},{"taxonomy":"post_tag","embeddable":true,"href":"https:\/\/www.europesays.com\/fr\/wp-json\/wp\/v2\/tags?post=422937"}],"curies":[{"name":"wp","href":"https:\/\/api.w.org\/{rel}","templated":true}]}}