{"id":422946,"date":"2025-09-28T04:31:24","date_gmt":"2025-09-28T04:31:24","guid":{"rendered":"https:\/\/www.europesays.com\/fr\/422946\/"},"modified":"2025-09-28T04:31:24","modified_gmt":"2025-09-28T04:31:24","slug":"enercoop-languedoc-roussillon-lance-une-levee-de-fonds","status":"publish","type":"post","link":"https:\/\/www.europesays.com\/fr\/422946\/","title":{"rendered":"Enercoop Languedoc-Roussillon lance une lev\u00e9e de fonds"},"content":{"rendered":"<p><img decoding=\"async\" class=\"\" style=\"width:100%\" src=\"https:\/\/www.europesays.com\/fr\/wp-content\/uploads\/2025\/09\/zzez1758869597784.jpg\" alt=\"Une lev\u00e9e de fonds pour acc\u00e9l\u00e9rer l\u2019autonomie \u00e9nerg\u00e9tique des territoires\"\/><\/p>\n<p>Cr\u00e9dit : Enercoop Languedoc roussillon <\/p>\n<p>La coop\u00e9rative Enercoop Languedoc-Roussillon lance une lev\u00e9e de fonds de <strong>300 000 euros<\/strong> pour financer de nouveaux projets d\u2019\u00e9nergie renouvelable en Occitanie. Objectif : renforcer son mod\u00e8le coop\u00e9ratif citoyen et soutenir des initiatives locales port\u00e9es par les habitants, les collectivit\u00e9s et les entreprises.<\/p>\n<p><strong>Une \u00e9nergie citoyenne et locale<\/strong><\/p>\n<p>Enercoop se distingue des fournisseurs d\u2019\u00e9lectricit\u00e9 traditionnels par son <strong>mod\u00e8le coop\u00e9ratif<\/strong> : chaque soci\u00e9taire a voix au chapitre et participe aux d\u00e9cisions. L\u2019\u00e9lectricit\u00e9 fournie est <strong>100 % renouvelable<\/strong>, issue de producteurs locaux engag\u00e9s dans une d\u00e9marche \u00e9thique.<\/p>\n<blockquote>\n<p>\u00ab Nous voulons permettre aux citoyens de reprendre la main sur leur consommation d\u2019\u00e9nergie \u00bb, explique Simon COSSUS BA\u0178, directeur d\u2019Enercoop LR.<\/p>\n<\/blockquote>\n<p>Des projets comme ceux de <strong>Belv\u00e8ze-du-Raz\u00e8s<\/strong> ou <strong>Caux<\/strong> incarnent cette vision : des parcs solaires ou \u00e9oliens d\u00e9velopp\u00e9s avec un <strong>ancrage territorial fort<\/strong>, o\u00f9 les habitants sont acteurs du changement.<\/p>\n<p><strong>Sobri\u00e9t\u00e9 \u00e9nerg\u00e9tique : consommer moins et mieux<\/strong><\/p>\n<p>Au c\u0153ur du mod\u00e8le Enercoop, la <strong>sobri\u00e9t\u00e9 \u00e9nerg\u00e9tique<\/strong> : ici, pas de logique commerciale incitant \u00e0 consommer plus. L\u2019objectif est de <strong>consommer mieux<\/strong>, en r\u00e9duisant les usages superflus et en favorisant l\u2019efficacit\u00e9 \u00e9nerg\u00e9tique. Un positionnement rare dans le secteur, qui fait d\u2019Enercoop un acteur engag\u00e9 de la transition.<\/p>\n<p><strong>Une collecte ouverte \u00e0 tous<\/strong><\/p>\n<p>La lev\u00e9e de fonds est accessible via des <strong>titres participatifs<\/strong> ou des <strong>parts sociales<\/strong>, permettant \u00e0 chacun de contribuer \u00e0 l\u2019autonomie \u00e9nerg\u00e9tique des territoires. Enercoop esp\u00e8re ainsi mobiliser largement pour faire de l\u2019Occitanie un <strong>territoire pilote<\/strong> en mati\u00e8re de transition \u00e9nerg\u00e9tique.<\/p>\n","protected":false},"excerpt":{"rendered":"Cr\u00e9dit : Enercoop Languedoc roussillon La coop\u00e9rative Enercoop Languedoc-Roussillon lance une lev\u00e9e de fonds de 300 000 euros&hellip;\n","protected":false},"author":2,"featured_media":422947,"comment_status":"","ping_status":"","sticky":false,"template":"","format":"standard","meta":{"footnotes":""},"categories":[9599],"tags":[1111,11,55232,55231,1777,674,1011,27,6325,55234,2208,12,2680,25,55233],"class_list":{"0":"post-422946","1":"post","2":"type-post","3":"status-publish","4":"format-standard","5":"has-post-thumbnail","7":"category-montpellier","8":"tag-actu","9":"tag-actualites","10":"tag-cooperative","11":"tag-enercoop-languedoc-roussillon","12":"tag-eu","13":"tag-europe","14":"tag-fr","15":"tag-france","16":"tag-levee-de-fonds","17":"tag-modele-cooperatif","18":"tag-montpellier","19":"tag-news","20":"tag-occitanie","21":"tag-republique-francaise","22":"tag-simon-cossus-bay"},"share_on_mastodon":{"url":"https:\/\/pubeurope.com\/@fr\/115280051502051603","error":""},"_links":{"self":[{"href":"https:\/\/www.europesays.com\/fr\/wp-json\/wp\/v2\/posts\/422946","targetHints":{"allow":["GET"]}}],"collection":[{"href":"https:\/\/www.europesays.com\/fr\/wp-json\/wp\/v2\/posts"}],"about":[{"href":"https:\/\/www.europesays.com\/fr\/wp-json\/wp\/v2\/types\/post"}],"author":[{"embeddable":true,"href":"https:\/\/www.europesays.com\/fr\/wp-json\/wp\/v2\/users\/2"}],"replies":[{"embeddable":true,"href":"https:\/\/www.europesays.com\/fr\/wp-json\/wp\/v2\/comments?post=422946"}],"version-history":[{"count":0,"href":"https:\/\/www.europesays.com\/fr\/wp-json\/wp\/v2\/posts\/422946\/revisions"}],"wp:featuredmedia":[{"embeddable":true,"href":"https:\/\/www.europesays.com\/fr\/wp-json\/wp\/v2\/media\/422947"}],"wp:attachment":[{"href":"https:\/\/www.europesays.com\/fr\/wp-json\/wp\/v2\/media?parent=422946"}],"wp:term":[{"taxonomy":"category","embeddable":true,"href":"https:\/\/www.europesays.com\/fr\/wp-json\/wp\/v2\/categories?post=422946"},{"taxonomy":"post_tag","embeddable":true,"href":"https:\/\/www.europesays.com\/fr\/wp-json\/wp\/v2\/tags?post=422946"}],"curies":[{"name":"wp","href":"https:\/\/api.w.org\/{rel}","templated":true}]}}