{"id":42295,"date":"2025-04-21T20:12:17","date_gmt":"2025-04-21T20:12:17","guid":{"rendered":"https:\/\/www.europesays.com\/fr\/42295\/"},"modified":"2025-04-21T20:12:17","modified_gmt":"2025-04-21T20:12:17","slug":"ball-prenationale-masculine-le-val-dajol-a-fait-valoir-son-experience-face-au-sluc-nancy","status":"publish","type":"post","link":"https:\/\/www.europesays.com\/fr\/42295\/","title":{"rendered":"ball &#8211; Pr\u00e9nationale masculine. Le Val-d\u2019Ajol a fait valoir son exp\u00e9rience face au SLUC Nancy"},"content":{"rendered":"<p> SLUC Nancy 3 \u2013 Le Val-d\u2019Ajol 70-84 <\/p>\n<p>En d\u00e9placement \u00e0 Nancy, \u00e0 l\u2019occasion d\u2019un match avanc\u00e9, les Ajolais trouvaient en face d\u2019eux une \u00e9quipe 3 du SLUC largement \u00e0 leur port\u00e9e.<\/p>\n<p>Il suffisait pour cela de se r\u00e9f\u00e9rer \u00e0 son classement\u00a0: avant-dernier du groupe avec seulement 4 victoires au compteur\u00a0! N\u00e9anmoins, les absences conjugu\u00e9es de Moureau, Kaufmann et Cordier invitaient Arthur Grosjean&#8230;<\/p>\n","protected":false},"excerpt":{"rendered":"SLUC Nancy 3 \u2013 Le Val-d\u2019Ajol 70-84 En d\u00e9placement \u00e0 Nancy, \u00e0 l\u2019occasion d\u2019un match avanc\u00e9, les Ajolais&hellip;\n","protected":false},"author":2,"featured_media":42296,"comment_status":"","ping_status":"","sticky":false,"template":"","format":"standard","meta":{"footnotes":""},"categories":[9635],"tags":[1111,11,1791,1777,674,1011,27,775,1702,12,25,517,1700],"class_list":{"0":"post-42295","1":"post","2":"type-post","3":"status-publish","4":"format-standard","5":"has-post-thumbnail","7":"category-nancy","8":"tag-actu","9":"tag-actualites","10":"tag-basket-ball","11":"tag-eu","12":"tag-europe","13":"tag-fr","14":"tag-france","15":"tag-grand-est","16":"tag-nancy","17":"tag-news","18":"tag-republique-francaise","19":"tag-sport","20":"tag-sport-lorrain"},"share_on_mastodon":{"url":"https:\/\/pubeurope.com\/@fr\/114377781656958165","error":""},"_links":{"self":[{"href":"https:\/\/www.europesays.com\/fr\/wp-json\/wp\/v2\/posts\/42295","targetHints":{"allow":["GET"]}}],"collection":[{"href":"https:\/\/www.europesays.com\/fr\/wp-json\/wp\/v2\/posts"}],"about":[{"href":"https:\/\/www.europesays.com\/fr\/wp-json\/wp\/v2\/types\/post"}],"author":[{"embeddable":true,"href":"https:\/\/www.europesays.com\/fr\/wp-json\/wp\/v2\/users\/2"}],"replies":[{"embeddable":true,"href":"https:\/\/www.europesays.com\/fr\/wp-json\/wp\/v2\/comments?post=42295"}],"version-history":[{"count":0,"href":"https:\/\/www.europesays.com\/fr\/wp-json\/wp\/v2\/posts\/42295\/revisions"}],"wp:featuredmedia":[{"embeddable":true,"href":"https:\/\/www.europesays.com\/fr\/wp-json\/wp\/v2\/media\/42296"}],"wp:attachment":[{"href":"https:\/\/www.europesays.com\/fr\/wp-json\/wp\/v2\/media?parent=42295"}],"wp:term":[{"taxonomy":"category","embeddable":true,"href":"https:\/\/www.europesays.com\/fr\/wp-json\/wp\/v2\/categories?post=42295"},{"taxonomy":"post_tag","embeddable":true,"href":"https:\/\/www.europesays.com\/fr\/wp-json\/wp\/v2\/tags?post=42295"}],"curies":[{"name":"wp","href":"https:\/\/api.w.org\/{rel}","templated":true}]}}