{"id":422953,"date":"2025-09-28T04:37:09","date_gmt":"2025-09-28T04:37:09","guid":{"rendered":"https:\/\/www.europesays.com\/fr\/422953\/"},"modified":"2025-09-28T04:37:09","modified_gmt":"2025-09-28T04:37:09","slug":"une-seance-deducation-canine-gratuite-bientot-proposee-aux-prairies-saint-martin","status":"publish","type":"post","link":"https:\/\/www.europesays.com\/fr\/422953\/","title":{"rendered":"une s\u00e9ance d&rsquo;\u00e9ducation canine gratuite bient\u00f4t propos\u00e9e aux prairies Saint-Martin"},"content":{"rendered":"<p>            Par<br \/>\n        <strong><br \/>\n            <a href=\"https:\/\/actu.fr\/auteur\/laurene-fertin\" title=\"Consulter tous les articles de Laur\u00e8ne Fertin\" target=\"_blank\" rel=\"noopener\">Laur\u00e8ne Fertin<\/a><br \/>\n        <\/strong><\/p>\n<p>        Publi\u00e9 le<\/p>\n<p>            28 sept. 2025 \u00e0 6h32        <\/p>\n<p>La Ville de Rennes propose, <strong>samedi 11\u00a0octobre 2025, une s\u00e9ance d\u2019\u00e9ducation canine gratuite<\/strong> pour les propri\u00e9taires de chien(s).<\/p>\n<p class=\" wall-content\">Cette s\u00e9ance, organis\u00e9e par le service Sant\u00e9 Environnement de la Ville de Rennes, se fait en collaboration avec <strong>un \u00e9ducateur canin<\/strong>.<strong>\u00a0<\/strong>Celle-ci se d\u00e9roulera <strong>aux prairies Saint-Martin<\/strong> de Rennes.<\/p>\n<p>\u00ab\u2009Une premi\u00e8re \u00e9tape de sensibilisation\u2009\u00bb<\/p>\n<p class=\" wall-content\">Cette s\u00e9ance est <strong>une s\u00e9ance d\u2019initiation<\/strong> permettant de pr\u00e9senter <strong>\u00ab\u2009les bases d\u2019une \u00e9ducation positive et bienveillante\u2009\u00bb<\/strong> afin \u00ab\u2009d\u2019instaurer une relation de confiance entre le ma\u00eetre et son chien\u2009\u00bb, indique la Ville de Rennes.<\/p>\n<p class=\" wall-content\">L\u2019\u00e9ducateur canin sera par ailleurs pr\u00e9sent pour\u2009:<\/p>\n<ul class=\" wall-content\">\n<li>donner <strong>des rep\u00e8res simples<\/strong> sur les comportements adapt\u00e9s et les besoins fondamentaux du chien\u2009;<\/li>\n<li>rappeler <strong>les enjeux collectifs<\/strong> pour favoriser une cohabitation harmonieuse et respectueuse entre habitants avec ou sans animal\u2009;<\/li>\n<li>orienter les propri\u00e9taires vers des \u00e9ducateurs canins professionnels pour <strong>un suivi complet.<\/strong><\/li>\n<\/ul>\n<p>S\u2019inscrire<\/p>\n<p class=\" wall-content\">Pour y participer, il faut s\u2019inscrire par ce mail\u2009: animaux&amp;<a href=\"https:\/\/actu.fr\/cdn-cgi\/l\/email-protection\" class=\"__cf_email__\" data-cfemail=\"731d1c060033051a1f1f165e01161d1d16005d1501\" target=\"_blank\" rel=\"noopener\">[email\u00a0protected]<\/a>. La municipalit\u00e9 informe par ailleurs que <strong>la priorit\u00e9<\/strong> sera donn\u00e9e aux habitants et habitantes de la ville, \u00ab\u2009en cas de forte demande\u2009\u00bb.<\/p>\n<p>Votre r\u00e9gion, votre actu !<\/p>\n<p>Recevez chaque jour les infos qui comptent pour vous.<\/p>\n<p>\t<a href=\"https:\/\/actu.fr\/newsletter\" class=\"ac-btn ac-btn--corner ac-btn--medium ac-btn--blue800\" target=\"_blank\" rel=\"noopener\">S&rsquo;incrire<\/a><\/p>\n<p class=\" wall-content\">Le service Sant\u00e9 Environnement de la Ville de Rennes souhaite proposer, d\u00e8s 2026, <strong>des s\u00e9ances \u00ab\u2009plus r\u00e9guli\u00e8res\u2009\u00bb et \u00ab\u2009diversifi\u00e9es\u2009\u00bb.<\/strong><\/p>\n<p class=\" wall-content\">Personnalisez votre actualit\u00e9 en ajoutant vos villes et m\u00e9dias en favori avec <a href=\"https:\/\/moncompte.actu.fr\" title=\"D\u00e9couvez Mon Actu\" rel=\"nofollow noopener\" data-trk=\"{&quot;cta&quot;:{&quot;action&quot;:&quot;https:\\\/\\\/moncompte.actu.fr&quot;,&quot;category&quot;:&quot;mon compte&quot;,&quot;from&quot;:&quot;article footer&quot;,&quot;name&quot;:&quot;Mon actu&quot;,&quot;type&quot;:&quot;cta&quot;}}\" target=\"_blank\">Mon Actu<\/a>.<\/p>\n","protected":false},"excerpt":{"rendered":"Par Laur\u00e8ne Fertin Publi\u00e9 le 28 sept. 2025 \u00e0 6h32 La Ville de Rennes propose, samedi 11\u00a0octobre 2025,&hellip;\n","protected":false},"author":2,"featured_media":422954,"comment_status":"","ping_status":"","sticky":false,"template":"","format":"standard","meta":{"footnotes":""},"categories":[2821],"tags":[1111,11,829,4850,1057,1777,674,1011,27,1652,12,584,25],"class_list":{"0":"post-422953","1":"post","2":"type-post","3":"status-publish","4":"format-standard","5":"has-post-thumbnail","7":"category-rennes","8":"tag-actu","9":"tag-actualites","10":"tag-bretagne","11":"tag-chien","12":"tag-education","13":"tag-eu","14":"tag-europe","15":"tag-fr","16":"tag-france","17":"tag-loisirs-culture","18":"tag-news","19":"tag-rennes","20":"tag-republique-francaise"},"share_on_mastodon":{"url":"https:\/\/pubeurope.com\/@fr\/115280074802221178","error":""},"_links":{"self":[{"href":"https:\/\/www.europesays.com\/fr\/wp-json\/wp\/v2\/posts\/422953","targetHints":{"allow":["GET"]}}],"collection":[{"href":"https:\/\/www.europesays.com\/fr\/wp-json\/wp\/v2\/posts"}],"about":[{"href":"https:\/\/www.europesays.com\/fr\/wp-json\/wp\/v2\/types\/post"}],"author":[{"embeddable":true,"href":"https:\/\/www.europesays.com\/fr\/wp-json\/wp\/v2\/users\/2"}],"replies":[{"embeddable":true,"href":"https:\/\/www.europesays.com\/fr\/wp-json\/wp\/v2\/comments?post=422953"}],"version-history":[{"count":0,"href":"https:\/\/www.europesays.com\/fr\/wp-json\/wp\/v2\/posts\/422953\/revisions"}],"wp:featuredmedia":[{"embeddable":true,"href":"https:\/\/www.europesays.com\/fr\/wp-json\/wp\/v2\/media\/422954"}],"wp:attachment":[{"href":"https:\/\/www.europesays.com\/fr\/wp-json\/wp\/v2\/media?parent=422953"}],"wp:term":[{"taxonomy":"category","embeddable":true,"href":"https:\/\/www.europesays.com\/fr\/wp-json\/wp\/v2\/categories?post=422953"},{"taxonomy":"post_tag","embeddable":true,"href":"https:\/\/www.europesays.com\/fr\/wp-json\/wp\/v2\/tags?post=422953"}],"curies":[{"name":"wp","href":"https:\/\/api.w.org\/{rel}","templated":true}]}}