{"id":422957,"date":"2025-09-28T04:39:51","date_gmt":"2025-09-28T04:39:51","guid":{"rendered":"https:\/\/www.europesays.com\/fr\/422957\/"},"modified":"2025-09-28T04:39:51","modified_gmt":"2025-09-28T04:39:51","slug":"strasbourg-un-colloque-sur-lintelligence-artificielle-et-la-creation-musicale-vers-de-nouvelles-pratiques","status":"publish","type":"post","link":"https:\/\/www.europesays.com\/fr\/422957\/","title":{"rendered":"Strasbourg. Un colloque sur l\u2019intelligence artificielle et la cr\u00e9ation musicale\u00a0: vers de nouvelles pratiques\u00a0?"},"content":{"rendered":"<p>En soulevant p\u00eale-m\u00eale fantasmes technophiles, psychoses technophobes et prudence l\u00e9gitime, l\u2019intelligence artificielle (IA) est-elle le signe d\u2019une r\u00e9elle rupture, d\u2019une r\u00e9volution culturelle\u00a0?<\/p>\n<p>Dans le domaine de la musique, les outils d\u2019IA se d\u00e9veloppent \u00e0 tr\u00e8s grande vitesse. Que ce soit au sein de la recherche, aupr\u00e8s des artistes et du grand public. L\u2019Institut de recherche et coordination acoustique\/musique (Ircam) a reconstitu\u00e9 par le biais de l\u2019IA, la voix du c\u00e9l\u00e8bre castrat du XVIIIe \u00a0si\u00e8cle, Farinelli. Les applications telles que Suno et Udio, permettent aux amateurs de g\u00e9n\u00e9rer des musiques, des chansons de plus en plus cr\u00e9dibles et en quelques minutes.<\/p>\n<p>20\u00a0% des titres livr\u00e9s chaque jour sur Deezer sont g\u00e9n\u00e9r\u00e9s par l\u2019IA<\/p>\n<p>La soci\u00e9t\u00e9 fran\u00e7aise Deezer est la seule&#8230;<\/p>\n","protected":false},"excerpt":{"rendered":"En soulevant p\u00eale-m\u00eale fantasmes technophiles, psychoses technophobes et prudence l\u00e9gitime, l\u2019intelligence artificielle (IA) est-elle le signe d\u2019une r\u00e9elle&hellip;\n","protected":false},"author":2,"featured_media":422958,"comment_status":"","ping_status":"","sticky":false,"template":"","format":"standard","meta":{"footnotes":""},"categories":[2820],"tags":[1111,11,2389,1687,2880,1777,674,107,1011,27,775,873,12,25,640,2879],"class_list":{"0":"post-422957","1":"post","2":"type-post","3":"status-publish","4":"format-standard","5":"has-post-thumbnail","7":"category-strasbourg","8":"tag-actu","9":"tag-actualites","10":"tag-alsace","11":"tag-culture-loisirs","12":"tag-edition-strasbourg","13":"tag-eu","14":"tag-europe","15":"tag-fil-info","16":"tag-fr","17":"tag-france","18":"tag-grand-est","19":"tag-musique","20":"tag-news","21":"tag-republique-francaise","22":"tag-strasbourg","23":"tag-strasbourg-ville"},"share_on_mastodon":{"url":"https:\/\/pubeurope.com\/@fr\/115280086818166999","error":""},"_links":{"self":[{"href":"https:\/\/www.europesays.com\/fr\/wp-json\/wp\/v2\/posts\/422957","targetHints":{"allow":["GET"]}}],"collection":[{"href":"https:\/\/www.europesays.com\/fr\/wp-json\/wp\/v2\/posts"}],"about":[{"href":"https:\/\/www.europesays.com\/fr\/wp-json\/wp\/v2\/types\/post"}],"author":[{"embeddable":true,"href":"https:\/\/www.europesays.com\/fr\/wp-json\/wp\/v2\/users\/2"}],"replies":[{"embeddable":true,"href":"https:\/\/www.europesays.com\/fr\/wp-json\/wp\/v2\/comments?post=422957"}],"version-history":[{"count":0,"href":"https:\/\/www.europesays.com\/fr\/wp-json\/wp\/v2\/posts\/422957\/revisions"}],"wp:featuredmedia":[{"embeddable":true,"href":"https:\/\/www.europesays.com\/fr\/wp-json\/wp\/v2\/media\/422958"}],"wp:attachment":[{"href":"https:\/\/www.europesays.com\/fr\/wp-json\/wp\/v2\/media?parent=422957"}],"wp:term":[{"taxonomy":"category","embeddable":true,"href":"https:\/\/www.europesays.com\/fr\/wp-json\/wp\/v2\/categories?post=422957"},{"taxonomy":"post_tag","embeddable":true,"href":"https:\/\/www.europesays.com\/fr\/wp-json\/wp\/v2\/tags?post=422957"}],"curies":[{"name":"wp","href":"https:\/\/api.w.org\/{rel}","templated":true}]}}