{"id":422981,"date":"2025-09-28T04:51:25","date_gmt":"2025-09-28T04:51:25","guid":{"rendered":"https:\/\/www.europesays.com\/fr\/422981\/"},"modified":"2025-09-28T04:51:25","modified_gmt":"2025-09-28T04:51:25","slug":"marseille-ce-quartier-fait-partie-des-plus-cool-du-monde-selon-ce-classement-voici-pourquoi","status":"publish","type":"post","link":"https:\/\/www.europesays.com\/fr\/422981\/","title":{"rendered":"Marseille. Ce quartier fait partie des plus cool du monde selon ce classement, voici pourquoi"},"content":{"rendered":"<p>            Par<br \/>\n        <strong><br \/>\n            <a href=\"https:\/\/actu.fr\/auteur\/thibault-nadal-actu-fr\" title=\"Consulter tous les articles de Thibault Nadal\" rel=\"nofollow noopener\" target=\"_blank\">Thibault Nadal<\/a><br \/>\n        <\/strong><\/p>\n<p>        Publi\u00e9 le<\/p>\n<p>            28 sept. 2025 \u00e0 6h14        <\/p>\n<p><a href=\"https:\/\/actu.fr\/marseille\/\" rel=\"nofollow noopener\" target=\"_blank\">Marseille<\/a> \u00e0 nouveau mise \u00e0 l\u2019honneur. Comme chaque ann\u00e9e depuis huit ans, le magazine anglais <a href=\"https:\/\/www.timeout.com\/travel\/coolest-neighbourhoods-in-the-world-2025\" rel=\"nofollow noopener\" target=\"_blank\">Time Out<\/a> publie son classement des quartiers \u00ab\u2009les plus cool du monde\u2009\u00bb.<\/p>\n<p class=\" wall-content\">Et apr\u00e8s <a href=\"https:\/\/actu.fr\/tag\/cours-julien\" rel=\"nofollow noopener\" target=\"_blank\">le Cours Julien<\/a> (1er et 6e) <a href=\"https:\/\/actu.fr\/provence-alpes-cote-d-azur\/marseille_13055\/selon-ce-classement-ce-quartier-de-marseille-fait-partie-des-plus-cools-du-monde_60242204.html\" rel=\"nofollow noopener\" target=\"_blank\">pr\u00e9sent plusieurs ann\u00e9es de suite<\/a>, c\u2019est autour d\u2019un autre quartier de faire son entr\u00e9e dans le classement ce mercredi 24\u00a0septembre 2025\u2009: <strong>Endoume<\/strong> dans le 7e arrondissement qui prend <strong>la 21e place<\/strong>.<\/p>\n<p>Une diversit\u00e9 qui a s\u00e9duit les auteurs du classement<\/p>\n<p class=\" wall-content\">Pour \u00e9tablir son classement, le magazine culturel travaille avec un r\u00e9seau d\u2019experts et se base \u00ab\u2009sur des crit\u00e8res aussi concrets que l\u2019offre culturelle, les bars et restos, la vie nocturne, le sens de la communaut\u00e9, l\u2019ambiance g\u00e9n\u00e9rale ou encore l\u2019accessibilit\u00e9 des prix\u2009\u00bb.<\/p>\n<p class=\" wall-content\">Ce qui a s\u00e9duit \u00e0 Endoume, ce sont <strong>ses \u00ab\u2009ruelles escarp\u00e9es, bastides proven\u00e7ales<\/strong> et commerces plus branch\u00e9s les uns que les autres\u2009\u00bb.<\/p>\n<p>    <img   decoding=\"async\" loading=\"lazy\" src=\"https:\/\/www.europesays.com\/fr\/wp-content\/uploads\/2025\/09\/design-sans-titre-16-960x640.png\" alt=\"Le Vallon des Auffes (Marseille, 7e) est tr\u00e8s pris\u00e9 des touristes lors de la p\u00e9riode estivale.\" width=\"960\" height=\"640\"\/><br \/>\n    Le Vallon des Auffes (Marseille, 7e) est tr\u00e8s pris\u00e9 des touristes lors de la p\u00e9riode estivale. (\u00a9TN \/ actu Marseille)<\/p>\n<p class=\" wall-content\">Le quartier se compose du Vallon des Auffes, d\u2019une partie de la <a href=\"https:\/\/actu.fr\/tag\/corniche\" rel=\"nofollow noopener\" target=\"_blank\">Corniche<\/a>, mais aussi de plusieurs petites plages avec des eaux cristallines.<\/p>\n<blockquote class=\"ac-article-quote wall-content\">\n<p>De la calanque de Malmousque \u00e0 la crique de la Fausse-Monnaie, une douzaine de petites criques et de lieux de baignade fa\u00e7onnent ce littoral en plein c\u0153ur de la ville, o\u00f9 tongs et restaurants cohabitent, et o\u00f9 il fait bon se restaurer entre deux baignades.<\/p>\n<p>    <strong>Time Out<\/strong>\n            <\/p><\/blockquote>\n<p>Votre r\u00e9gion, votre actu !<\/p>\n<p>Recevez chaque jour les infos qui comptent pour vous.<\/p>\n<p>\t<a href=\"https:\/\/actu.fr\/newsletter\" class=\"ac-btn ac-btn--corner ac-btn--medium ac-btn--blue800\" rel=\"nofollow noopener\" target=\"_blank\">S&rsquo;incrire<\/a><br \/>\nUn quartier de Parisiens\u2009?<\/p>\n<p class=\" wall-content\">Les auteurs de l\u2019article proposent <strong>plusieurs activit\u00e9s pour d\u00e9couvrir le quartier<\/strong>\u2009: une p\u00e2tisserie de Sophie Lovergne chez Encore, un sandwich \u00e0 <a href=\"https:\/\/actu.fr\/provence-alpes-cote-d-azur\/marseille_13055\/marseille-cette-enseigne-qui-cartonne-ouvre-une-nouvelle-boutique-voici-ou-et-quand_62915978.html\" rel=\"nofollow noopener\" target=\"_blank\">La Meulerie<\/a> ou encore \u00ab\u2009la l\u00e9gendaire pizza \u2018moit-moit\u2019 de L\u2019Eau \u00e0 la bouche\u2009\u00bb.<\/p>\n<p>    <img   decoding=\"async\" loading=\"lazy\" src=\"https:\/\/www.europesays.com\/fr\/wp-content\/uploads\/2025\/09\/whatsapp-image-2025-09-25-at-145157-960x640.jpeg\" alt=\"L'anse de la Fausse-Monnaie est un lieu privil\u00e9gi\u00e9 pour se baigner dans le centre-ville de Marseille.\" width=\"960\" height=\"640\"\/><br \/>\n    L\u2019anse de la Fausse-Monnaie est un lieu privil\u00e9gi\u00e9 pour se baigner dans le centre-ville de Marseille. (\u00a9TN \/ actu Marseille)<\/p>\n<p class=\" wall-content\">Des noms qui vont sans doute faire sourire les \u00ab\u2009vrais\u2009\u00bb Marseillais qui <strong>reprochent r\u00e9guli\u00e8rement \u00e0 Endoume d\u2019accueillir beaucoup de Parisiens<\/strong>. Ces derni\u00e8res ann\u00e9es, plusieurs concepts venus tout droit de la capitale comme les coffee-shop s\u2019installent notamment sur la Corniche.<\/p>\n<p class=\" wall-content\">Les auteurs de l\u2019article invitent d\u2019ailleurs \u00e0 ne pas venir l\u2019\u00e9t\u00e9 en raison de <a href=\"https:\/\/actu.fr\/provence-alpes-cote-d-azur\/marseille_13055\/c-etait-la-cohue-dans-ce-quartier-de-marseille-des-mesures-pour-limiter-l-afflux-de-touristes_62793886.html\" rel=\"nofollow noopener\" target=\"_blank\">la sur-fr\u00e9quentation des lieux<\/a>.<\/p>\n<p class=\" wall-content\"><a href=\"https:\/\/www.instagram.com\/p\/DO_Q8ZvDckV\/embed\" title=\"Ouvrir le lien sur Instagram\" rel=\"nofollow noopener\" target=\"_blank\">Visualiser le contenu sur Instagram<\/a><\/p>\n<p class=\" wall-content\">Sophie Camard, la maire (DVG) du secteur, a <strong>salu\u00e9 ce classement<\/strong> en lan\u00e7ant une (grosse pique) \u00e0 ces adversaires qui taclent sans arr\u00eat la politique de la Ville. \u00ab\u2009Encore ce fameux d\u00e9clin marseillais\u2009\u00bb, a-t-elle \u00e9crit sur son compte X avec un \u00e9moji de f\u00eate.<\/p>\n<p class=\" wall-content\">\n<p class=\" wall-content\"><a href=\"https:\/\/actu.fr\/tag\/benoit-payan\" rel=\"nofollow noopener\" target=\"_blank\">Beno\u00eet Payan<\/a>, lui, s\u2019est content\u00e9 de relayer plusieurs fois des articles mentionnant le classement.<\/p>\n<p class=\" wall-content\">Personnalisez votre actualit\u00e9 en ajoutant vos villes et m\u00e9dias en favori avec <a href=\"https:\/\/moncompte.actu.fr\" title=\"D\u00e9couvez Mon Actu\" rel=\"nofollow noopener\" data-trk=\"{&quot;cta&quot;:{&quot;action&quot;:&quot;https:\\\/\\\/moncompte.actu.fr&quot;,&quot;category&quot;:&quot;mon compte&quot;,&quot;from&quot;:&quot;article footer&quot;,&quot;name&quot;:&quot;Mon actu&quot;,&quot;type&quot;:&quot;cta&quot;}}\" target=\"_blank\">Mon Actu<\/a>.<\/p>\n<p>                    <script async src=\"\/\/www.instagram.com\/embed.js\"><\/script><\/p>\n","protected":false},"excerpt":{"rendered":"Par Thibault Nadal Publi\u00e9 le 28 sept. 2025 \u00e0 6h14 Marseille \u00e0 nouveau mise \u00e0 l\u2019honneur. Comme chaque&hellip;\n","protected":false},"author":2,"featured_media":422982,"comment_status":"","ping_status":"","sticky":false,"template":"","format":"standard","meta":{"footnotes":""},"categories":[2814],"tags":[1111,11,215,1777,674,1011,27,1757,884,12,882,25,104],"class_list":{"0":"post-422981","1":"post","2":"type-post","3":"status-publish","4":"format-standard","5":"has-post-thumbnail","7":"category-marseille","8":"tag-actu","9":"tag-actualites","10":"tag-commerce","11":"tag-eu","12":"tag-europe","13":"tag-fr","14":"tag-france","15":"tag-insolite","16":"tag-marseille","17":"tag-news","18":"tag-provence-alpes-cote-dazur","19":"tag-republique-francaise","20":"tag-societe"},"share_on_mastodon":{"url":"https:\/\/pubeurope.com\/@fr\/115280130214295516","error":""},"_links":{"self":[{"href":"https:\/\/www.europesays.com\/fr\/wp-json\/wp\/v2\/posts\/422981","targetHints":{"allow":["GET"]}}],"collection":[{"href":"https:\/\/www.europesays.com\/fr\/wp-json\/wp\/v2\/posts"}],"about":[{"href":"https:\/\/www.europesays.com\/fr\/wp-json\/wp\/v2\/types\/post"}],"author":[{"embeddable":true,"href":"https:\/\/www.europesays.com\/fr\/wp-json\/wp\/v2\/users\/2"}],"replies":[{"embeddable":true,"href":"https:\/\/www.europesays.com\/fr\/wp-json\/wp\/v2\/comments?post=422981"}],"version-history":[{"count":0,"href":"https:\/\/www.europesays.com\/fr\/wp-json\/wp\/v2\/posts\/422981\/revisions"}],"wp:featuredmedia":[{"embeddable":true,"href":"https:\/\/www.europesays.com\/fr\/wp-json\/wp\/v2\/media\/422982"}],"wp:attachment":[{"href":"https:\/\/www.europesays.com\/fr\/wp-json\/wp\/v2\/media?parent=422981"}],"wp:term":[{"taxonomy":"category","embeddable":true,"href":"https:\/\/www.europesays.com\/fr\/wp-json\/wp\/v2\/categories?post=422981"},{"taxonomy":"post_tag","embeddable":true,"href":"https:\/\/www.europesays.com\/fr\/wp-json\/wp\/v2\/tags?post=422981"}],"curies":[{"name":"wp","href":"https:\/\/api.w.org\/{rel}","templated":true}]}}