{"id":422991,"date":"2025-09-28T04:56:09","date_gmt":"2025-09-28T04:56:09","guid":{"rendered":"https:\/\/www.europesays.com\/fr\/422991\/"},"modified":"2025-09-28T04:56:09","modified_gmt":"2025-09-28T04:56:09","slug":"ratp-sncf-a-quoi-sattendre-pour-la-greve-du-jeudi-2-octobre-a-paris-et-en-ile-de-france","status":"publish","type":"post","link":"https:\/\/www.europesays.com\/fr\/422991\/","title":{"rendered":"RATP, SNCF&#8230; A quoi s&rsquo;attendre pour la gr\u00e8ve du jeudi 2 octobre \u00e0 Paris et en \u00cele-de-France\u00a0?"},"content":{"rendered":"<p>            Par<br \/>\n        <strong><br \/>\n            <a href=\"https:\/\/actu.fr\/auteur\/thomas-martin\" title=\"Consulter tous les articles de Thomas Martin\" target=\"_blank\" rel=\"noopener\">Thomas Martin<\/a><br \/>\n        <\/strong><\/p>\n<p>        Publi\u00e9 le<\/p>\n<p>            28 sept. 2025 \u00e0 6h20        <\/p>\n<p>De nouvelles <a href=\"https:\/\/actu.fr\/tag\/greve\" target=\"_blank\" rel=\"noopener\">gr\u00e8ves<\/a> et <a href=\"https:\/\/actu.fr\/tag\/manifestations\" target=\"_blank\" rel=\"noopener\">manifestations<\/a> en vue \u00e0 Paris. Apr\u00e8s le 18 septembre, les syndicats ont coch\u00e9 la case du <a href=\"https:\/\/actu.fr\/societe\/une-nouvelle-greve-prevue-le-2-octobre-vers-une-mobilisation-plus-dure_63211137.html\" target=\"_blank\" rel=\"noopener\">jeudi 2 octobre<\/a> sur leur agenda et ce n\u2019est pas l\u2019interview donn\u00e9e par <a href=\"https:\/\/actu.fr\/politique\/impots-taxe-zucman-retraites-sebastien-lecornu-sort-du-silence-et-presente-les-premieres-pistes-d-un-budget_63221908.html\" target=\"_blank\" rel=\"noopener\">S\u00e9bastien Lecornu<\/a> au Parisien qui les aura fait changer d\u2019avis. Au contraire. \u00ab\u00a0Le compte n\u2019y est pas\u00a0\u00bb, ont estim\u00e9 \u00a0vendredi soir des syndicats, dont la CFDT, apr\u00e8s le refus du Premier ministre de suspendre la r\u00e9forme des retraites et l\u2019absence, selon eux, de propositions sur la justice fiscale. L\u2019intersyndicale (CFDT, CGT, FO, CFE-CGC, CFTC, Unsa, FSU et Solidaires), qui lui avait pos\u00e9 un \u00ab\u00a0ultimatum\u00a0\u00bb, r\u00e9clamait l\u2019abandon de plusieurs mesures : le \u00ab\u00a0doublement des franchises m\u00e9dicales, l\u2019ann\u00e9e blanche (\u2026), la suppression de 3.000 postes de fonctionnaires et la r\u00e9forme de l\u2019assurance ch\u00f4mage\u00a0\u00bb, ainsi que le \u00ab\u00a0recul de l\u2019\u00e2ge l\u00e9gal de d\u00e9part\u00a0\u00bb \u00e0 64 ans. En vain pour l\u2019instant.\u00a0<\/p>\n<p>Les transports \u00e0 nouveau touch\u00e9s en \u00cele-de-France<\/p>\n<p class=\" wall-content\">D\u00e9\u00e7ue apr\u00e8s sa rencontre mercredi \u00e0 Matignon, l\u2019intersyndicale a donc appel\u00e9 \u00e0 une nouvelle journ\u00e9e de gr\u00e8ves et manifestations le 2 octobre. Avec des cons\u00e9quences \u00e0 attendre en \u00cele-de-France, notamment dans les transports.\u00a0<\/p>\n<p class=\" wall-content\">Concernant les trains, les quatre f\u00e9d\u00e9rations qui composent la <a href=\"https:\/\/actu.fr\/tag\/sncf\" target=\"_blank\" rel=\"noopener\">SNCF<\/a> (CGT-Cheminots, Unsa-ferroviaire, Sud-Rail et CFDT Cheminots) appellent de nouveau, de fa\u00e7on unie, \u00e0 la gr\u00e8ve.\u00a0 Les quatre syndicats majoritaires \u00e0 la <a href=\"https:\/\/actu.fr\/tag\/ratp\" target=\"_blank\" rel=\"noopener\">RATP<\/a> (CGT, Force Ouvri\u00e8re, Unsa-Mobilit\u00e9 et CFE-CGC) devraient \u00e9galement remettre \u00e7a. Les pr\u00e9visions de trafic seront pr\u00e9sent\u00e9es en d\u00e9tail mardi apr\u00e8s-midi. Le 18 septembre, seules les lignes automatiques 1, 4 et 14 avaient maintenu un service normal.<\/p>\n<p>Enseignement, sant\u00e9 \u00e9galement mobilis\u00e9s<\/p>\n<p class=\" wall-content\">Les parents peuvent d\u00e9j\u00e0 r\u00e9fl\u00e9chir \u00e0 comment ils vont s\u2019organiser. Les syndicats FSU-SNUipp et SNES-FSU, dont l\u2019un regroupe les enseignants du primaire et l\u2019autre les enseignants du secondaire, ont d\u2019ores et d\u00e9j\u00e0 appel\u00e9 les personnels de l\u2019\u00c9ducation nationale a se mettre en gr\u00e8ve jeudi.<\/p>\n<p class=\" wall-content\">Le secteur de la sant\u00e9 sera certainement aussi touch\u00e9e. Les organisations syndicales de la fonction publique appellent les personnels \u00e0 se mobiliser encore plus fortement<\/p>\n<p class=\" wall-content\">Les pharmaciens ne devraient pas en \u00eatre cette fois puisque le gouvernement vient de suspendre l\u2019arr\u00eat\u00e9 controvers\u00e9 sur les m\u00e9dicaments g\u00e9n\u00e9riques. Ils \u00e9taient mobilis\u00e9s depuis plusieurs mois (gr\u00e8ves des gardes avec refus du tiers payant en cas de r\u00e9quisition, fermeture le 16 ao\u00fbt puis gr\u00e8ve massive le 18 septembre) pour alerter sur les cons\u00e9quences sur l\u2019emploi de la mesure concernant les prix des g\u00e9n\u00e9riques, pointant des risques de fermetures des officines les plus fragiles, particuli\u00e8rement en zone rurale.<\/p>\n<p class=\" wall-content\">Le collectif Sant\u00e9 en danger\u00a0appelle syndicats, collectifs professionnels m\u00e9dicaux et param\u00e9dicaux, citoyens, usagers et acteurs du secteur m\u00e9dicosocial \u00e0 une marche pour\u00a0\u00ab\u00a0sanctuariser les budgets sant\u00e9\u00a0\u00bb. Mais ce sera le 4\u00a0octobre, \u00e0 Paris.<\/p>\n<p>Votre r\u00e9gion, votre actu !<\/p>\n<p>Recevez chaque jour les infos qui comptent pour vous.<\/p>\n<p>\t<a href=\"https:\/\/actu.fr\/newsletter\" class=\"ac-btn ac-btn--corner ac-btn--medium ac-btn--blue800\" target=\"_blank\" rel=\"noopener\">S&rsquo;incrire<\/a><\/p>\n<p class=\" wall-content\">La mobilisation du 10 septembre avait rassembl\u00e9 200\u2009000 personnes en France, dont 14\u2009000 \u00e0 Paris. Celle du 18 septembre avait mobilis\u00e9 55 000 personnes dans la capitale. Qu\u2019en sera-t-il le 2 octobre ?<\/p>\n<p class=\" wall-content\">Personnalisez votre actualit\u00e9 en ajoutant vos villes et m\u00e9dias en favori avec <a href=\"https:\/\/moncompte.actu.fr\" title=\"D\u00e9couvez Mon Actu\" rel=\"nofollow noopener\" data-trk=\"{&quot;cta&quot;:{&quot;action&quot;:&quot;https:\\\/\\\/moncompte.actu.fr&quot;,&quot;category&quot;:&quot;mon compte&quot;,&quot;from&quot;:&quot;article footer&quot;,&quot;name&quot;:&quot;Mon actu&quot;,&quot;type&quot;:&quot;cta&quot;}}\" target=\"_blank\">Mon Actu<\/a>.<\/p>\n","protected":false},"excerpt":{"rendered":"Par Thomas Martin Publi\u00e9 le 28 sept. 2025 \u00e0 6h20 De nouvelles gr\u00e8ves et manifestations en vue \u00e0&hellip;\n","protected":false},"author":2,"featured_media":422992,"comment_status":"","ping_status":"","sticky":false,"template":"","format":"standard","meta":{"footnotes":""},"categories":[1592],"tags":[1111,11,1777,674,1011,27,6151,54872,662,1272,12,626,25,104],"class_list":{"0":"post-422991","1":"post","2":"type-post","3":"status-publish","4":"format-standard","5":"has-post-thumbnail","7":"category-ile-de-france","8":"tag-actu","9":"tag-actualites","10":"tag-eu","11":"tag-europe","12":"tag-fr","13":"tag-france","14":"tag-greve","15":"tag-greve-du-2-octobre-2025","16":"tag-ile-de-france","17":"tag-manifestations","18":"tag-news","19":"tag-paris","20":"tag-republique-francaise","21":"tag-societe"},"share_on_mastodon":{"url":"https:\/\/pubeurope.com\/@fr\/115280149424292042","error":""},"_links":{"self":[{"href":"https:\/\/www.europesays.com\/fr\/wp-json\/wp\/v2\/posts\/422991","targetHints":{"allow":["GET"]}}],"collection":[{"href":"https:\/\/www.europesays.com\/fr\/wp-json\/wp\/v2\/posts"}],"about":[{"href":"https:\/\/www.europesays.com\/fr\/wp-json\/wp\/v2\/types\/post"}],"author":[{"embeddable":true,"href":"https:\/\/www.europesays.com\/fr\/wp-json\/wp\/v2\/users\/2"}],"replies":[{"embeddable":true,"href":"https:\/\/www.europesays.com\/fr\/wp-json\/wp\/v2\/comments?post=422991"}],"version-history":[{"count":0,"href":"https:\/\/www.europesays.com\/fr\/wp-json\/wp\/v2\/posts\/422991\/revisions"}],"wp:featuredmedia":[{"embeddable":true,"href":"https:\/\/www.europesays.com\/fr\/wp-json\/wp\/v2\/media\/422992"}],"wp:attachment":[{"href":"https:\/\/www.europesays.com\/fr\/wp-json\/wp\/v2\/media?parent=422991"}],"wp:term":[{"taxonomy":"category","embeddable":true,"href":"https:\/\/www.europesays.com\/fr\/wp-json\/wp\/v2\/categories?post=422991"},{"taxonomy":"post_tag","embeddable":true,"href":"https:\/\/www.europesays.com\/fr\/wp-json\/wp\/v2\/tags?post=422991"}],"curies":[{"name":"wp","href":"https:\/\/api.w.org\/{rel}","templated":true}]}}