{"id":422995,"date":"2025-09-28T04:58:37","date_gmt":"2025-09-28T04:58:37","guid":{"rendered":"https:\/\/www.europesays.com\/fr\/422995\/"},"modified":"2025-09-28T04:58:37","modified_gmt":"2025-09-28T04:58:37","slug":"un-homme-tue-par-arme-a-feu-dans-le-19e-arrondissement-de-paris","status":"publish","type":"post","link":"https:\/\/www.europesays.com\/fr\/422995\/","title":{"rendered":"Un homme tu\u00e9 par arme \u00e0 feu dans le 19e arrondissement de Paris"},"content":{"rendered":"\n<p class=\"c-chapo \">\n  Une fusillade s&rsquo;est d\u00e9roul\u00e9e pr\u00e8s de la porte d&rsquo;Aubervilliers dans la nuit de vendredi \u00e0 samedi. La victime a \u00e9t\u00e9 touch\u00e9e par balle au niveau du thorax. Des impacts ont \u00e9t\u00e9 retrouv\u00e9s sur un v\u00e9hicule retrouv\u00e9 \u00e0 proximit\u00e9 par les enqu\u00eateurs.\n<\/p>\n<p>            lire plus tard<\/p>\n<p id=\"dialog__title\" class=\"dialog__title\">Pour sauvegarder cet article, connectez-vous ou cr\u00e9ez un compte franceinfo<\/p>\n<p class=\"dialog__description\">Sans paiement. Sans abonnement.<\/p>\n<p>        Fermer la fen\u00eatre d\u2019activation des notifications France Info<\/p>\n<p>            cr\u00e9er votre compte<\/p>\n<p>            se connecter<\/p>\n<p>        Fermer la fen\u00eatre de pr\u00e9sentation<\/p>\n<p>    <img loading=\"lazy\" decoding=\"async\" class=\"signature__image lazyload\" width=\"100\" height=\"100\" data- alt=\"\" src=\"https:\/\/www.europesays.com\/fr\/wp-content\/uploads\/2025\/05\/64a7df4c5fe71_placeholder-36b69ec8.png\"\/><\/p>\n<p>    Publi\u00e9 le 27\/09\/2025 12:50<\/p>\n<p>        Temps de lecture : 1min<\/p>\n<p>    <img decoding=\"async\"  alt=\"La Brigade criminelle a \u00e9t\u00e9 charg\u00e9e de l'enqu\u00eate sur la mort d'un homme, tu\u00e9 par balle dans la nuit du 26 au 27 septembre \u00e0 Paris (photo d'illustration). (GUILLAUME BONNEFONT \/ MAXPPP)\" width=\"432\" height=\"243\" src=\"https:\/\/www.europesays.com\/fr\/wp-content\/uploads\/2025\/09\/maxnewsfrfour218174-68d7c0b179d4f894933414.jpg\" fetchpriority=\"high\"\/><\/p>\n<p>      La Brigade criminelle a \u00e9t\u00e9 charg\u00e9e de l&rsquo;enqu\u00eate sur la mort d&rsquo;un homme, tu\u00e9 par balle dans la nuit du 26 au 27 septembre \u00e0 Paris (photo d&rsquo;illustration). (GUILLAUME BONNEFONT \/ MAXPPP)<\/p>\n<p>Un homme a \u00e9t\u00e9 tu\u00e9 par arme \u00e0 feu dans le 19e arrondissement de Paris dans la nuit de vendredi \u00e0 samedi, a appris samedi 27 septembre franceinfo de source proche de l&rsquo;enqu\u00eate. Les forces de l&rsquo;ordre ont \u00e9t\u00e9 appel\u00e9es vers 4\u00a0heures ce samedi matin apr\u00e8s des d\u00e9tonations entendues rue \u00c9mile-Bollaert, pr\u00e8s de la porte d&rsquo;Aubervilliers.<\/p>\n<p>La victime est un homme de 28 ans, selon le parquet. Elle a \u00e9t\u00e9 touch\u00e9e par balle au niveau du thorax et \u00e9tait en arr\u00eat cardio-respiratoire \u00e0 l&rsquo;arriv\u00e9e des secours, selon cette m\u00eame source. Elle a \u00e9t\u00e9 d\u00e9clar\u00e9e d\u00e9c\u00e9d\u00e9e peu avant 5\u00a0heures.\u00a0<\/p>\n<p>\u00c0 proximit\u00e9 de la victime, les enqu\u00eateurs ont d\u00e9couvert une arme de poing et un chargeur, dissimul\u00e9s dans des buissons, pr\u00e8s d&rsquo;une voiture immatricul\u00e9e en Pologne. Selon les premiers \u00e9l\u00e9ments de l&rsquo;enqu\u00eate, cette arme est celle de la victime, selon cette m\u00eame source.\u00a0Un peu plus loin, les enqu\u00eateurs ont aussi retrouv\u00e9 une autre voiture, qui pr\u00e9sentait plusieurs impacts de balles, et des douilles de calibre 9\u00a0mm au sol.<\/p>\n<p>Aucune interpellation n&rsquo;a pour l&rsquo;instant eu lieu. Les investigations se poursuivent. Une enqu\u00eate est ouverte pour meurtre et pour des infractions \u00e0 la l\u00e9gislation sur les armes, indique le parquet. Elle a \u00e9t\u00e9 confi\u00e9e \u00e0 la Brigade criminelle.\u00a0<\/p>\n","protected":false},"excerpt":{"rendered":"Une fusillade s&rsquo;est d\u00e9roul\u00e9e pr\u00e8s de la porte d&rsquo;Aubervilliers dans la nuit de vendredi \u00e0 samedi. La victime&hellip;\n","protected":false},"author":2,"featured_media":422996,"comment_status":"","ping_status":"","sticky":false,"template":"","format":"standard","meta":{"footnotes":""},"categories":[1888],"tags":[1111,1928,11,1927,1777,674,1011,27,12,1926,626,1925,25],"class_list":{"0":"post-422995","1":"post","2":"type-post","3":"status-publish","4":"format-standard","5":"has-post-thumbnail","7":"category-paris","8":"tag-actu","9":"tag-actu-paris","10":"tag-actualites","11":"tag-actualites-paris","12":"tag-eu","13":"tag-europe","14":"tag-fr","15":"tag-france","16":"tag-news","17":"tag-news-paris","18":"tag-paris","19":"tag-paris-news","20":"tag-republique-francaise"},"share_on_mastodon":{"url":"https:\/\/pubeurope.com\/@fr\/115280157914316279","error":""},"_links":{"self":[{"href":"https:\/\/www.europesays.com\/fr\/wp-json\/wp\/v2\/posts\/422995","targetHints":{"allow":["GET"]}}],"collection":[{"href":"https:\/\/www.europesays.com\/fr\/wp-json\/wp\/v2\/posts"}],"about":[{"href":"https:\/\/www.europesays.com\/fr\/wp-json\/wp\/v2\/types\/post"}],"author":[{"embeddable":true,"href":"https:\/\/www.europesays.com\/fr\/wp-json\/wp\/v2\/users\/2"}],"replies":[{"embeddable":true,"href":"https:\/\/www.europesays.com\/fr\/wp-json\/wp\/v2\/comments?post=422995"}],"version-history":[{"count":0,"href":"https:\/\/www.europesays.com\/fr\/wp-json\/wp\/v2\/posts\/422995\/revisions"}],"wp:featuredmedia":[{"embeddable":true,"href":"https:\/\/www.europesays.com\/fr\/wp-json\/wp\/v2\/media\/422996"}],"wp:attachment":[{"href":"https:\/\/www.europesays.com\/fr\/wp-json\/wp\/v2\/media?parent=422995"}],"wp:term":[{"taxonomy":"category","embeddable":true,"href":"https:\/\/www.europesays.com\/fr\/wp-json\/wp\/v2\/categories?post=422995"},{"taxonomy":"post_tag","embeddable":true,"href":"https:\/\/www.europesays.com\/fr\/wp-json\/wp\/v2\/tags?post=422995"}],"curies":[{"name":"wp","href":"https:\/\/api.w.org\/{rel}","templated":true}]}}