{"id":422999,"date":"2025-09-28T05:00:44","date_gmt":"2025-09-28T05:00:44","guid":{"rendered":"https:\/\/www.europesays.com\/fr\/422999\/"},"modified":"2025-09-28T05:00:44","modified_gmt":"2025-09-28T05:00:44","slug":"ces-entreprises-lorraines-qui-font-rayonner-le-parc-dattractions","status":"publish","type":"post","link":"https:\/\/www.europesays.com\/fr\/422999\/","title":{"rendered":"ces entreprises lorraines qui font rayonner le parc d&rsquo;attractions"},"content":{"rendered":"<p>  L\u2019excellence du savoir-faire de Collinet pr\u00e9sent depuis 30 ans dans le parc et les h\u00f4tels<\/p>\n<p><strong>Le fabricant de si\u00e8ges et de mobilier haut de gamme Collinet fournit Disneyland Paris depuis son ouverture en 1992. R\u00e9cemment, l\u2019entreprise situ\u00e9e \u00e0 Baudign\u00e9court, dans la Meuse, a \u00e9t\u00e9 s\u00e9lectionn\u00e9e par le g\u00e9ant am\u00e9ricain pour participer\u00a0 \u00e0 la r\u00e9novation de deux des plus beaux h\u00f4tels du site.<\/strong><\/p>\n<p>Beaucoup d\u2019entreprises en r\u00eavent. Collinet l\u2019a fait. Dans son carnet d\u2019adresses, l\u2019entreprise familiale fond\u00e9e en 1887, situ\u00e9e \u00e0 Baudign\u00e9court dans la Meuse, \u00e0 une trentaine de kilom\u00e8tres de Commercy, compte, depuis plus de 30 ans, entre autres (voir par ailleurs), un client \u00e0 faire p\u00e2lir la concurrence\u200a: la plus c\u00e9l\u00e8bre souris du monde, <strong>Mickey<\/strong>.<\/p>\n<p>Le fabricant meusien de si\u00e8ges et de mobilier pour l\u2019h\u00f4tellerie et la restauration de luxe fournit Disneyland Paris depuis son ouverture en 1992 en r\u00e9gion parisienne. \u00ab\u200aC\u2019est le client avec lequel on collabore depuis le plus longtemps et de fa\u00e7on aussi r\u00e9guli\u00e8re\u200a\u00bb, souligne St\u00e9phane Davoli, co-dirigeant de la soci\u00e9t\u00e9 Collinet qui a h\u00e9rit\u00e9, apr\u00e8s le d\u00e9part de son beau-p\u00e8re Jos\u00e9 Collinet, de ce \u00ab\u200amarch\u00e9\u200a\u00bb hors norme.<\/p>\n<p class=\"txt\">C\u2019est le client avec lequel on collabore depuis le plus longtemps mais aussi de fa\u00e7on aussi r\u00e9guli\u00e8re<\/p>\n<p class=\"nom\">St\u00e9phane Davoli, co-dirigeant de Collinet<\/p>\n<p>\u00a0\u00ab\u200aIl n\u2019y a pas une ann\u00e9e o\u00f9 on ne travaille pas avec les \u00e9quipes de Disney\u200a\u00bb soit pour de nouvelles commandes, soit pour de la r\u00e9novation de mobilier, pr\u00e9cise-t-il.<\/p>\n<p>\u00ab\u200a\u00c0 l\u2019ouverture du parc, il y a eu la cr\u00e9ation de chaises pour quasiment tous les h\u00f4tels\u200a\u00bb, se souvient le chef d&rsquo;entreprise. M\u00eame les iconiques chaises hautes pour b\u00e9b\u00e9 avec les oreilles de Mickey, c\u2019\u00e9tait du made in Meuse\u200a!<\/p>\n<ul class=\"galerieContent carousel-wrapper__slides\" id=\"659dfb1d-287e-4fb7-b285-8c1679814bb6\">        &#13;<\/p>\n<li class=\"carousel-wrapper__slides--slide item\" id=\"slide-1\">&#13;<br \/>\n                                    &#13;<br \/>\n                        <a class=\"chocolat-image GA-tracking\" data-ga_type=\"click\" data-ga_category=\"D\u00e9tail\" data-ga_action=\"zoomer\" data-ga_label=\"aggrandir image\" href=\"https:\/\/cdn-s-www.estrepublicain.fr\/images\/ea03db0a-42a6-48eb-b54e-34a2e3aa4d39\/NW_raw\/ici-ce-sont-des-chaises-de-disneyland-paris-qui-sont-envoyees-par-les-equipes-maintenance-de-disney-aux-ateliers-de-collinet-pour-renovation-complete-photo-severine-kichenbrand-1758995870.jpg\" title=\"Ici ce sont des chaises de Disneyland Paris qui sont envoy\u00e9es par les \u00e9quipes maintenance de Disney aux ateliers de Collinet pour r\u00e9novation compl\u00e8te. Photo S\u00e9verine Kichenbrand\" target=\"_blank\" rel=\"noopener\">&#13;<br \/>\n                            <img decoding=\"async\" src=\"https:\/\/www.europesays.com\/fr\/wp-content\/uploads\/2025\/09\/ici-ce-sont-des-chaises-de-disneyland-paris-qui-sont-envoyees-par-les-equipes-maintenance-de-disney-.jpeg\"   alt=\"Ici ce sont des chaises de Disneyland Paris qui sont envoy\u00e9es par les \u00e9quipes maintenance de Disney aux ateliers de Collinet pour r\u00e9novation compl\u00e8te. Photo S\u00e9verine Kichenbrand\" fetchpriority=\"high\" data-mobile=\"NW_listA_M|1758995870\" data-base=\"NW_listA|1758995870\"\/>&#13;<br \/>\n                        <\/a>&#13;<\/p>\n<p>Ici ce sont des chaises de Disneyland Paris qui sont envoy\u00e9es par les \u00e9quipes maintenance de Disney aux ateliers de Collinet pour r\u00e9novation compl\u00e8te. Photo S\u00e9verine Kichenbrand<\/p>\n<p>                        &#13;<br \/>\n                                           &#13;\n                <\/li>\n<p>&#13;<br \/>\n            &#13;<\/p>\n<li class=\"carousel-wrapper__slides--slide item slideWithPub\" id=\"slide-2\">&#13;<br \/>\n                        &#13;<br \/>\n                            <a class=\"chocolat-image\" title=\"Publicit\u00e9\" href=\"data:image\/gif;base64,R0lGODlhAQABAAD\/ACwAAAAAAQABAAACADs=\">&#13;<br \/>\n                                <img decoding=\"async\" src=\"data:image\/gif;base64,R0lGODlhAQABAAD\/ACwAAAAAAQABAAACADs=\" alt=\"Publicit\u00e9\" loading=\"lazy\" fetchpriority=\"low\"\/>&#13;<br \/>\n                            <\/a>&#13;<br \/>\n                        &#13;\n                    <\/li>\n<p>&#13;<\/p>\n<li class=\"carousel-wrapper__slides--slide item\" id=\"slide-3\">&#13;<br \/>\n                                    &#13;<br \/>\n                        <a class=\"chocolat-image GA-tracking\" data-ga_type=\"click\" data-ga_category=\"D\u00e9tail\" data-ga_action=\"zoomer\" data-ga_label=\"aggrandir image\" href=\"https:\/\/cdn-s-www.estrepublicain.fr\/images\/d81a7d1a-1a9d-4036-8361-4083b41e4ed1\/NW_raw\/chaque-annee-collinet-renove-le-mobilier-comme-par-exemple-ces-chaises-situees-au-royal-banquet-un-des-restaurant-du-disneyland-hotel-(5-etoiles)-photo-severine-kichenbrand-1753881465.jpg\" title=\"Chaque ann\u00e9e, Collinet r\u00e9nove le mobilier comme par exemple ces chaises situ\u00e9es au \u00ab\u00a0Royal Banquet\u00a0\u00bb un des restaurant du Disneyland Hotel (5 \u00e9toiles). Photo S\u00e9verine Kichenbrand\" target=\"_blank\" rel=\"noopener\">&#13;<br \/>\n                            <img decoding=\"async\" src=\"https:\/\/www.europesays.com\/fr\/wp-content\/uploads\/2025\/09\/chaque-annee-collinet-renove-le-mobilier-comme-par-exemple-ces-chaises-situees-au-royal-banquet-un-d.jpeg\"   alt=\"Chaque ann\u00e9e, Collinet r\u00e9nove le mobilier comme par exemple ces chaises situ\u00e9es au \u00ab\u00a0Royal Banquet\u00a0\u00bb un des restaurant du Disneyland Hotel (5 \u00e9toiles). Photo S\u00e9verine Kichenbrand\" loading=\"lazy\" fetchpriority=\"low\" data-mobile=\"NW_listA_M|1753881465\" data-base=\"NW_listA|1753881465\"\/>&#13;<br \/>\n                        <\/a>&#13;<\/p>\n<p>Chaque ann\u00e9e, Collinet r\u00e9nove le mobilier comme par exemple ces chaises situ\u00e9es au \u00ab\u00a0Royal Banquet\u00a0\u00bb un des restaurant du Disneyland Hotel (5 \u00e9toiles). Photo S\u00e9verine Kichenbrand<\/p>\n<p>                        &#13;<br \/>\n                                           &#13;\n                <\/li>\n<p>&#13;<br \/>\n            &#13;\n                <\/ul>\n<p>  <strong>\u00ab\u200aEfficacit\u00e9 et r\u00e9activit\u00e9\u200a\u00bb<\/strong><\/p>\n<p>Mais alors en quoi ces \u00e9b\u00e9nistes meusiens, pr\u00e9sents \u00e0 un peu plus de 200 kilom\u00e8tres de Marne-la-Vall\u00e9e, ont-ils tap\u00e9 <a href=\"https:\/\/www.estrepublicain.fr\/magazine-tourisme-et-patrimoine\/2025\/08\/25\/je-resterai-une-fille-de-l-est-a-disneyland-paris-la-doubienne-france-rougeot-gouvernante-5-etoiles\" target=\"_blank\" rel=\"noopener\">dans l\u2019\u0153il du g\u00e9ant am\u00e9ricain<\/a>\u200a? \u00ab\u200aNous appr\u00e9cions le caract\u00e8re familial de l\u2019entreprise, son expertise m\u00e9tier reconnue mais surtout son efficacit\u00e9 et sa r\u00e9activit\u00e9\u200a\u00bb, affirme Sophie Coudr\u00e9, directrice artistique des h\u00f4tels Disney, Walt Disney imagineering Paris qui observe \u00ab\u200aun partenariat commercial qui s\u2019est renforc\u00e9 au fil des ann\u00e9es\u200a\u00bb.<\/p>\n<p class=\"txt\">Nous appr\u00e9cions le caract\u00e8re familial de l\u2019entreprise, son expertise m\u00e9tier reconnue<\/p>\n<p class=\"nom\">Sophie Coudr\u00e9, directrice artistique des h\u00f4tels Disney<\/p>\n<p>Derni\u00e8res coop\u00e9rations en date et pas des moindres, la r\u00e9novation de deux des plus beaux h\u00f4tels de Disneyland Paris\u200a: le <strong>Disneyland Hotel<\/strong> (5 \u00e9toiles) et le <strong>New York &#8211; The Art of Marvel<\/strong> (4 \u00e9toiles). Pour sublimer les lieux, Mickey a fait appel au savoir-faire unique et ancestral de Collinet.<\/p>\n<p><strong>Au Disneyland Hotel<\/strong>, apr\u00e8s trois ann\u00e9es de r\u00e9novation achev\u00e9es en janvier\u00a02024, le mobilier command\u00e9 par Disney \u00e0 l&rsquo;entreprise familiale habille aujourd\u2019hui certaines suites et chambres mais aussi les espaces communs, les restaurants de l\u2019h\u00f4tel 5 \u00e9toiles. Dans le d\u00e9tail, Collinet c\u2019est\u200a: la chaise de la suite signature \u00ab\u200aFrozen\u200a\u00bb (La Reine des Neiges)\u200a; les fauteuils de la suite signature \u00ab\u200aRaiponce\u200a\u00bb\u200a; la berg\u00e8re Louis XV de la suite \u00ab\u200aLa Belle et la B\u00eate\u200a\u00bb\u200a; les chaises du restaurant \u00ab\u200aRoyal Banquet\u200a\u00bb\u200a; les fauteuils, chaises et chauffeuses du \u00ab\u200aFleur de Lys Bar\u200a\u00bb\u200a; les poufs du \u00ab\u200aKids club\u200a\u00bb etc. Autant de cr\u00e9ations, faites sur-mesure \u00e0 partir de planches de bois issues de for\u00eats vosgiennes et achet\u00e9es \u00e0 une scierie pr\u00e8s de Vittel et qui sont \u00ab\u200ades produits exclusifs pour Disney\u200a\u00bb.<\/p>\n<p><strong>A l\u2019h\u00f4tel New York &#8211; The Art of Marvel<\/strong>, dont la r\u00e9habilitation s\u2019est termin\u00e9e \u00e0 l\u2019\u00e9t\u00e9 2021, \u00ab\u200aon a r\u00e9alis\u00e9 pour les chambres environ 500 chaises et 800 chauffeuses et d\u2019autres mobiliers pour les espaces publics\u200a\u00bb, \u00e9num\u00e8re St\u00e9phane Davoli qui explique que lorsqu\u2019un mod\u00e8le de chaise est retenu par Disney, <a href=\"https:\/\/www.estrepublicain.fr\/culture-loisirs\/2025\/07\/28\/dans-les-ateliers-de-disneyland-paris-on-mise-sur-l-immersion-totale-des-visiteurs\" target=\"_blank\" rel=\"noopener\">les \u00e9quipes artistiques<\/a> le personnalisent (choix du bois, hauteur des pieds, taille de l\u2019assise, rev\u00eatement, tissus\u2026). Puis sort de l\u2019atelier un prototype pour validation avant la production finale de la commande.<\/p>\n<ul class=\"galerieContent carousel-wrapper__slides\" id=\"eb0048c5-fe11-4540-b96e-e94098b01d85\">        &#13;<\/p>\n<li class=\"carousel-wrapper__slides--slide item\" id=\"slide-1\">&#13;<br \/>\n                                    &#13;<br \/>\n                        <a class=\"chocolat-image GA-tracking\" data-ga_type=\"click\" data-ga_category=\"D\u00e9tail\" data-ga_action=\"zoomer\" data-ga_label=\"aggrandir image\" href=\"https:\/\/cdn-s-www.estrepublicain.fr\/images\/6f559109-657b-4d8b-aa01-21a902c7a9e9\/NW_raw\/la-renovation-de-l-hotel-new-york-the-art-of-marvel-s-est-achevee-a-l-ete-2021-photo-sipa-1753881465.jpg\" title=\"La r\u00e9novation de l&#039;h\u00f4tel New York - The Art of Marvel s&#039;est achev\u00e9e \u00e0 l&#039;\u00e9t\u00e9 2021. Photo Sipa\" target=\"_blank\" rel=\"noopener\">&#13;<br \/>\n                            <img decoding=\"async\" src=\"https:\/\/www.europesays.com\/fr\/wp-content\/uploads\/2025\/09\/la-renovation-de-l-hotel-new-york-the-art-of-marvel-s-est-achevee-a-l-ete-2021-photo-sipa-1753881465.jpeg\"   alt=\"La r\u00e9novation de l'h\u00f4tel New York - The Art of Marvel s'est achev\u00e9e \u00e0 l'\u00e9t\u00e9 2021. Photo Sipa\" fetchpriority=\"high\" data-mobile=\"NW_listA_M|1753881465\" data-base=\"NW_listA|1753881465\"\/>&#13;<br \/>\n                        <\/a>&#13;<\/p>\n<p>La r\u00e9novation de l&rsquo;h\u00f4tel New York &#8211; The Art of Marvel s&rsquo;est achev\u00e9e \u00e0 l&rsquo;\u00e9t\u00e9 2021. Photo Sipa<\/p>\n<p>                        &#13;<br \/>\n                                           &#13;\n                <\/li>\n<p>&#13;<br \/>\n            &#13;<\/p>\n<li class=\"carousel-wrapper__slides--slide item slideWithPub\" id=\"slide-2\">&#13;<br \/>\n                        &#13;<br \/>\n                            <a class=\"chocolat-image\" title=\"Publicit\u00e9\" href=\"data:image\/gif;base64,R0lGODlhAQABAAD\/ACwAAAAAAQABAAACADs=\">&#13;<br \/>\n                                <img decoding=\"async\" src=\"data:image\/gif;base64,R0lGODlhAQABAAD\/ACwAAAAAAQABAAACADs=\" alt=\"Publicit\u00e9\" loading=\"lazy\" fetchpriority=\"low\"\/>&#13;<br \/>\n                            <\/a>&#13;<br \/>\n                        &#13;\n                    <\/li>\n<p>&#13;<\/p>\n<li class=\"carousel-wrapper__slides--slide item\" id=\"slide-3\">&#13;<br \/>\n                                    &#13;<br \/>\n                        <a class=\"chocolat-image GA-tracking\" data-ga_type=\"click\" data-ga_category=\"D\u00e9tail\" data-ga_action=\"zoomer\" data-ga_label=\"aggrandir image\" href=\"https:\/\/cdn-s-www.estrepublicain.fr\/images\/24b900ea-ba27-450a-b8ea-e017cde6ffb0\/NW_raw\/disney-a-commande-a-l-entreprise-meusienne-collinet-du-mobilier-pour-les-chambres-de-l-hotel-photo-sipa-1753881465.jpg\" title=\"Disney a command\u00e9 \u00e0 l&#039;entreprise meusienne Collinet du mobilier pour les chambres de l&#039;h\u00f4tel. Photo Sipa\" target=\"_blank\" rel=\"noopener\">&#13;<br \/>\n                            <img decoding=\"async\" src=\"https:\/\/www.europesays.com\/fr\/wp-content\/uploads\/2025\/09\/disney-a-commande-a-l-entreprise-meusienne-collinet-du-mobilier-pour-les-chambres-de-l-hotel-photo-s.jpeg\"   alt=\"Disney a command\u00e9 \u00e0 l'entreprise meusienne Collinet du mobilier pour les chambres de l'h\u00f4tel. Photo Sipa\" loading=\"lazy\" fetchpriority=\"low\" data-mobile=\"NW_listA_M|1753881465\" data-base=\"NW_listA|1753881465\"\/>&#13;<br \/>\n                        <\/a>&#13;<\/p>\n<p>Disney a command\u00e9 \u00e0 l&rsquo;entreprise meusienne Collinet du mobilier pour les chambres de l&rsquo;h\u00f4tel. Photo Sipa<\/p>\n<p>                        &#13;<br \/>\n                                           &#13;\n                <\/li>\n<p>&#13;<br \/>\n            &#13;<\/p>\n<li class=\"carousel-wrapper__slides--slide item\" id=\"slide-4\">&#13;<br \/>\n                                    &#13;<br \/>\n                        <a class=\"chocolat-image GA-tracking\" data-ga_type=\"click\" data-ga_category=\"D\u00e9tail\" data-ga_action=\"zoomer\" data-ga_label=\"aggrandir image\" href=\"https:\/\/cdn-s-www.estrepublicain.fr\/images\/93ef1932-b9b4-4008-a689-25af6b03a507\/NW_raw\/le-contrat-pour-le-mobilier-de-l-hotel-new-york-the-art-of-marvel-il-n-y-a-pas-de-client-equivalent-c-etait-notre-plus-gros-contrat-de-l-annee-indique-stephane-davoli-co-dirigeant-de-collinet-photo-sipa-1753881465.jpg\" title=\"Le contrat pour le mobilier de l&#039;h\u00f4tel\u00a0New York - The Art of Marvel : \u00ab\u200aIl n\u2019y a pas de client \u00e9quivalent, c\u2019\u00e9tait notre plus gros contrat de l\u2019ann\u00e9e\u200a\u00bb, indique St\u00e9phane Davoli, co-dirigeant de Collinet. Photo Sipa\" target=\"_blank\" rel=\"noopener\">&#13;<br \/>\n                            <img decoding=\"async\" src=\"https:\/\/www.europesays.com\/fr\/wp-content\/uploads\/2025\/09\/le-contrat-pour-le-mobilier-de-l-hotel-new-york-the-art-of-marvel-il-n-y-a-pas-de-client-equivalent-.jpeg\"   alt=\"Le contrat pour le mobilier de l'h\u00f4tel\u00a0New York - The Art of Marvel : \u00ab\u200aIl n\u2019y a pas de client \u00e9quivalent, c\u2019\u00e9tait notre plus gros contrat de l\u2019ann\u00e9e\u200a\u00bb, indique St\u00e9phane Davoli, co-dirigeant de Collinet. Photo Sipa\" loading=\"lazy\" fetchpriority=\"low\" data-mobile=\"NW_listA_M|1753881465\" data-base=\"NW_listA|1753881465\"\/>&#13;<br \/>\n                        <\/a>&#13;<\/p>\n<p>Le contrat pour le mobilier de l&rsquo;h\u00f4tel\u00a0New York &#8211; The Art of Marvel : \u00ab\u200aIl n\u2019y a pas de client \u00e9quivalent, c\u2019\u00e9tait notre plus gros contrat de l\u2019ann\u00e9e\u200a\u00bb, indique St\u00e9phane Davoli, co-dirigeant de Collinet. Photo Sipa<\/p>\n<p>                        &#13;<br \/>\n                                           &#13;\n                <\/li>\n<p>&#13;<br \/>\n            &#13;\n                <\/ul>\n<p>  <strong>\u00ab\u200aIl n\u2019y a pas de client \u00e9quivalent\u200a\u00bb<\/strong><\/p>\n<p>Montant des contrats\u200a? <a href=\"https:\/\/www.estrepublicain.fr\/culture-loisirs\/2025\/07\/28\/malgre-la-hausse-des-prix-les-parcs-d-attractions-tutoient-les-sommets\" target=\"_blank\" rel=\"noopener\">Mickey, en implacable businessman<\/a>, se refuse \u00e0 toute communication et interdit \u00e0 ses fournisseurs \u00e0 d\u00e9voiler toute somme. Forc\u00e9ment rondelette, comme ses oreilles\u200a!<\/p>\n<p>\u00ab\u200aEn one shot\u200a\u00bb, comprenez en une seule signature &#8211; par exemple, pour la r\u00e9novation de l\u2019h\u00f4tel New York &#8211; The Art of Marvel &#8211; \u00ab\u200ail n\u2019y a pas de client \u00e9quivalent, c\u2019\u00e9tait notre plus gros contrat de l\u2019ann\u00e9e\u200a\u00bb, confie St\u00e9phane Davoli.<\/p>\n<p class=\"txt\">\u200aNous explorons toujours de nouvelles opportunit\u00e9s de collaborer avec Collinet\u200a<\/p>\n<p class=\"nom\">Sophie Coudr\u00e9, directrice artistique des h\u00f4tels Disney<\/p>\n<p>D&rsquo;autres projets \u00e0 venir entre Disney et Collinet\u200a? \u00ab\u200aNous explorons toujours de nouvelles opportunit\u00e9s de collaborer avec Collinet\u200a\u00bb, assure Sophie Coudr\u00e9, la directrice artistique des h\u00f4tels Disney. Des discussions seraient en cours entre les deux partenaires. \u00ab\u200aIl faudra \u00eatre patient pour en savoir plus\u200a\u00bb, conclut-elle.<\/p>\n<p class=\"insetTitle\">St\u00e9phane Davoli, co-digieant de l&rsquo;entreprise Collinet\u200a: \u00ab\u200aOn est mont\u00e9 en gamme\u200a\u00bb<\/p>\n<p>  La savoureuse collaboration entre Disney et la Confiserie des Hautes-Vosges<\/p>\n<p>La CDHV fournit depuis 2021 l&rsquo;h\u00f4tel New-York &#8211; The Art of Marvel en bonbons des Vosges sans sucre, conditionn\u00e9s par six dans une petite bo\u00eete unique et offerte aux clients de l&rsquo;h\u00f4tel.<\/p>\n<p>    &#13;<br \/>\n    &#13;<br \/>\n    &#13;<br \/>\n    <a href=\"https:\/\/cdn-s-www.estrepublicain.fr\/images\/9c3b7d6c-4d43-408d-a681-145c7f6cd3a9\/NW_raw\/fabienne-picard-la-pdg-de-la-confiserie-des-hautes-vosges-a-plainfaing-photo-vosges-matin-jerome-humbrecht-1753884600.jpg\" title=\"Fabienne Picard, la PDG de la confiserie des Hautes-Vosges \u00e0 Plainfaing. Photo Vosges Matin\/J\u00e9r\u00f4me Humbrecht\" class=\"chocolat-image GA-tracking\" data-ga_type=\"click\" data-ga_category=\"D\u00e9tail\" data-ga_action=\"zoomer\" data-ga_label=\"aggrandir image\" target=\"_blank\" rel=\"noopener\">&#13;<br \/>\n        <img src=\"https:\/\/www.europesays.com\/fr\/wp-content\/uploads\/2025\/09\/fabienne-picard-la-pdg-de-la-confiserie-des-hautes-vosges-a-plainfaing-photo-vosges-matin-jerome-hum.jpeg\"   alt=\"Fabienne Picard, la PDG de la confiserie des Hautes-Vosges \u00e0 Plainfaing. Photo Vosges Matin\/J\u00e9r\u00f4me Humbrecht\" fetchpriority=\"high\" decoding=\"async\" data-mobile=\"NW_listA_M|1753884600\" data-base=\"NW_listA|1753884600\"\/>&#13;<br \/>\n    <\/a>&#13;<\/p>\n<p>Fabienne Picard, la PDG de la confiserie des Hautes-Vosges \u00e0 Plainfaing. Photo Vosges Matin\/J\u00e9r\u00f4me Humbrecht<\/p>\n<p>Des bonbons de la CDHV \u00e0 Disney\u200a? Oui, mais pas n\u2019importe quels bonbons\u200a! Depuis 2021, la confiserie vosgienne, bas\u00e9e \u00e0 Plainfaing, est repr\u00e9sent\u00e9e dans les chambres de l\u2019h\u00f4tel New-York &#8211; The Art of Marvel avec ses jolies petites bo\u00eetes \u00ab\u200aInfinity Sweets\u200a\u00bb compos\u00e9es de six bonbons de couleur repr\u00e9sentant les \u00ab\u200apierres de l\u2019infinit\u00e9\u200a\u00bb appel\u00e9es \u00ab\u200agemmes du pouvoir\u200a\u00bb ou \u00ab\u200agemmes de l\u2019\u00e2me\u200a\u00bb, art\u00e9facts pr\u00e9sents dans l\u2019univers Marvel.<\/p>\n<p>\u00ab\u200aC\u2019est une recette unique qui a \u00e9t\u00e9 mise au point avec un cahier des charges tr\u00e8s pr\u00e9cis et des demandes tr\u00e8s sp\u00e9cifiques de la part des \u00e9quipes de Disney\u200a\u00bb, souligne Fabienne Picard, PDG de <a href=\"https:\/\/www.vosgesmatin.fr\/economie\/2025\/06\/10\/la-confiserie-des-hautes-vosges-labellisee-entreprise-du-patrimoine-vivant\" target=\"_blank\" rel=\"noopener\">la Confiserie des Hautes-Vosges<\/a>. En effet, pour cr\u00e9er un aspect de totale brillance des bonbons, les \u00e9quipes de la confiserie ont confectionn\u00e9 une recette sans sucre car ce dernier peut produire une opacit\u00e9 dans et sur le bonbon.<\/p>\n<p><strong>20\u200a000 bo\u00eetes<\/strong><\/p>\n<p>\u00ab\u200aCette collaboration \u00e9tait un challenge\u200a! \u00c7a nous a beaucoup motiv\u00e9s de cr\u00e9er un produit sp\u00e9cifique et atypique. Ce genre de partenariat nous permet de sortir de notre zone de confort et de franchir des \u00e9tapes suppl\u00e9mentaires en production\u200a\u00bb, se r\u00e9jouit la directrice g\u00e9n\u00e9rale. Et la force de ces entreprises locales \u00e0 taille humaine pour Disney \u00ab\u200ac\u2019est leur adaptabilit\u00e9 \u00e0 leurs projets et \u00e0 leur mall\u00e9abilit\u00e9\u200a\u00bb.<\/p>\n<p>Quelque 20\u200a000 bo\u00eetes, offertes aux clients de l\u2019h\u00f4tel New York &#8211; The Art of Marvel d\u00e8s trois nuit\u00e9es, ont \u00e9t\u00e9 livr\u00e9es <a href=\"https:\/\/www.vosgesmatin.fr\/economie\/2024\/02\/25\/la-confiserie-des-hautes-vosges-va-investir-10-m-d-avec-deux-nouveaux-batiments-sur-son-site-de-plainfaing\" target=\"_blank\" rel=\"noopener\">par la CDHV<\/a> en 2024.<\/p>\n<p>    &#13;<br \/>\n    &#13;<br \/>\n    &#13;<br \/>\n    <a href=\"https:\/\/cdn-s-www.estrepublicain.fr\/images\/154c515b-ba6d-49e2-9038-a331ad5620fa\/NW_raw\/la-boite-de-confiserie-reservee-aux-clients-de-l-hotel-new-york-the-art-of-marvel-est-composee-de-six-bonbons-de-couleur-representant-les-pierres-de-l-infinite-appelees-gemmes-du-pouvoir-ou-gemmes-de-l-ame-artefacts-presents-dans-l-univers-marvel-photo-cdhv-1753884600.jpg\" title=\"La bo\u00eete de confiserie r\u00e9serv\u00e9e aux clients de l&#039;h\u00f4tel New York - The Art of Marvel est compos\u00e9e de six bonbons de couleur repr\u00e9sentant les \u00ab\u200apierres de l\u2019infinit\u00e9\u200a\u00bb appel\u00e9es \u00ab\u200agemmes du pouvoir\u200a\u00bb ou \u00ab\u200agemmes de l\u2019\u00e2me\u200a\u00bb, art\u00e9facts pr\u00e9sents dans l\u2019univers Marvel. Photo CDHV\" class=\"chocolat-image GA-tracking\" data-ga_type=\"click\" data-ga_category=\"D\u00e9tail\" data-ga_action=\"zoomer\" data-ga_label=\"aggrandir image\" target=\"_blank\" rel=\"noopener\">&#13;<br \/>\n        <img src=\"https:\/\/www.europesays.com\/fr\/wp-content\/uploads\/2025\/09\/la-boite-de-confiserie-reservee-aux-clients-de-l-hotel-new-york-the-art-of-marvel-est-composee-de-si.jpeg\"   alt=\"La bo\u00eete de confiserie r\u00e9serv\u00e9e aux clients de l'h\u00f4tel New York - The Art of Marvel est compos\u00e9e de six bonbons de couleur repr\u00e9sentant les \u00ab\u200apierres de l\u2019infinit\u00e9\u200a\u00bb appel\u00e9es \u00ab\u200agemmes du pouvoir\u200a\u00bb ou \u00ab\u200agemmes de l\u2019\u00e2me\u200a\u00bb, art\u00e9facts pr\u00e9sents dans l\u2019univers Marvel. Photo CDHV\" fetchpriority=\"high\" decoding=\"async\" data-mobile=\"NW_listA_M|1753884600\" data-base=\"NW_listA|1753884600\"\/>&#13;<br \/>\n    <\/a>&#13;<\/p>\n<p>La bo\u00eete de confiserie r\u00e9serv\u00e9e aux clients de l&rsquo;h\u00f4tel New York &#8211; The Art of Marvel est compos\u00e9e de six bonbons de couleur repr\u00e9sentant les \u00ab\u200apierres de l\u2019infinit\u00e9\u200a\u00bb appel\u00e9es \u00ab\u200agemmes du pouvoir\u200a\u00bb ou \u00ab\u200agemmes de l\u2019\u00e2me\u200a\u00bb, art\u00e9facts pr\u00e9sents dans l\u2019univers Marvel. Photo CDHV<\/p>\n<p>  <strong>Un honneur, une fiert\u00e9<\/strong><\/p>\n<p>M\u00eame si cela ne repr\u00e9sente pas grand chose sur le chiffre d\u2019affaires de la CDHV, \u00ab\u200atravailler pour Disney, c\u2019est un honneur et une fiert\u00e9. On aime ce parc et on a gard\u00e9 notre c\u0153ur d\u2019enfant\u200a\u00bb, confie Fabienne Picard, la PDG. \u00ab\u200aCe sont des march\u00e9s de niche. Le but n\u2019\u00e9tant pas de faire de la quantit\u00e9 mais de la qualit\u00e9\u200a\u00bb, ajoute-t-elle. \u00ab\u200aDisney, c\u2019est un client prestigieux. Quand on y entre, si vous \u00eates bons alors le partenariat peut perdurer. C\u2019est une r\u00e9f\u00e9rence, un gage de s\u00e9rieux pour d\u2019autres personnes qui voudraient travailler avec nous\u200a\u00bb, certifie la dirigeante qui confie que \u00ab\u200ad\u2019autres projets pourraient voir le jour l\u2019ann\u00e9e prochaine\u200a\u00bb avec le g\u00e9ant am\u00e9ricain.<\/p>\n<p>    &#13;<br \/>\n    &#13;<br \/>\n    &#13;<br \/>\n    <a href=\"https:\/\/cdn-s-www.estrepublicain.fr\/images\/8025150e-cec1-4a41-b131-68e559d6c5a7\/NW_raw\/photo-charlotte-overney-1758914263.jpg\" title=\"Photo Charlotte Overney\" class=\"chocolat-image GA-tracking\" data-ga_type=\"click\" data-ga_category=\"D\u00e9tail\" data-ga_action=\"zoomer\" data-ga_label=\"aggrandir image\" target=\"_blank\" rel=\"noopener\">&#13;<br \/>\n        <img src=\"https:\/\/www.europesays.com\/fr\/wp-content\/uploads\/2025\/09\/photo-charlotte-overney-1758914263.jpg\"   alt=\"Photo Charlotte Overney\" fetchpriority=\"high\" decoding=\"async\" data-mobile=\"NW_listA_M|1758914263\" data-base=\"NW_listA|1758914263\"\/>&#13;<br \/>\n    <\/a>&#13;<\/p>\n<p>Photo Charlotte Overney<\/p>\n<p>  La majestueuse r\u00e9novation de Le Bras Fr\u00e8res sur le ch\u00e2teau de la Belle au Bois Dormant<\/p>\n<p>L&rsquo;entreprise de Meurthe-et-Moselle a particip\u00e9 avec d&rsquo;autres artisans fran\u00e7ais \u00e0 la restauration du toit et de la charpente du ch\u00e2teau visible depuis l&rsquo;entr\u00e9e en parc avec les m\u00eames techniques que sur les monuments historiques.<\/p>\n<ul class=\"galerieContent carousel-wrapper__slides\" id=\"ecbf45ea-10aa-4aa0-988f-33b416b22da1\">        &#13;<\/p>\n<li class=\"carousel-wrapper__slides--slide item\" id=\"slide-1\">&#13;<br \/>\n                                    &#13;<br \/>\n                        <a class=\"chocolat-image GA-tracking\" data-ga_type=\"click\" data-ga_category=\"D\u00e9tail\" data-ga_action=\"zoomer\" data-ga_label=\"aggrandir image\" href=\"https:\/\/cdn-s-www.estrepublicain.fr\/images\/992f0096-f2ad-4382-b036-88838587fb07\/NW_raw\/disney-a-fait-appel-a-plusieurs-artisans-francais-pour-restaurer-le-chateau-de-la-belle-au-bois-dormant-photo-disneyland-paris-1753884600.jpg\" title=\"Disney a fait appel \u00e0 plusieurs artisans fran\u00e7ais pour restaurer le ch\u00e2teau de la Belle au Bois Dormant. Photo Disneyland Paris\" target=\"_blank\" rel=\"noopener\">&#13;<br \/>\n                            <img decoding=\"async\" src=\"https:\/\/www.europesays.com\/fr\/wp-content\/uploads\/2025\/09\/disney-a-fait-appel-a-plusieurs-artisans-francais-pour-restaurer-le-chateau-de-la-belle-au-bois-dorm.jpeg\"   alt=\"Disney a fait appel \u00e0 plusieurs artisans fran\u00e7ais pour restaurer le ch\u00e2teau de la Belle au Bois Dormant. Photo Disneyland Paris\" fetchpriority=\"high\" data-mobile=\"NW_listA_M|1753884600\" data-base=\"NW_listA|1753884600\"\/>&#13;<br \/>\n                        <\/a>&#13;<\/p>\n<p>Disney a fait appel \u00e0 plusieurs artisans fran\u00e7ais pour restaurer le ch\u00e2teau de la Belle au Bois Dormant. Photo Disneyland Paris<\/p>\n<p>                        &#13;<br \/>\n                                           &#13;\n                <\/li>\n<p>&#13;<br \/>\n            &#13;<\/p>\n<li class=\"carousel-wrapper__slides--slide item slideWithPub\" id=\"slide-2\">&#13;<br \/>\n                        &#13;<br \/>\n                            <a class=\"chocolat-image\" title=\"Publicit\u00e9\" href=\"data:image\/gif;base64,R0lGODlhAQABAAD\/ACwAAAAAAQABAAACADs=\">&#13;<br \/>\n                                <img decoding=\"async\" src=\"data:image\/gif;base64,R0lGODlhAQABAAD\/ACwAAAAAAQABAAACADs=\" alt=\"Publicit\u00e9\" loading=\"lazy\" fetchpriority=\"low\"\/>&#13;<br \/>\n                            <\/a>&#13;<br \/>\n                        &#13;\n                    <\/li>\n<p>&#13;<\/p>\n<li class=\"carousel-wrapper__slides--slide item\" id=\"slide-3\">&#13;<br \/>\n                                    &#13;<br \/>\n                        <a class=\"chocolat-image GA-tracking\" data-ga_type=\"click\" data-ga_category=\"D\u00e9tail\" data-ga_action=\"zoomer\" data-ga_label=\"aggrandir image\" href=\"https:\/\/cdn-s-www.estrepublicain.fr\/images\/c760af9c-7454-4a09-a9f5-d2f6044a505f\/NW_raw\/l-enteprise-lorraine-le-bras-freres-qui-travaille-regulierement-sur-des-monuments-historiques-a-participe-a-la-renovation-du-chateau-en-2021-photo-disneyland-paris-1753884600.jpg\" title=\"L&#039;enteprise lorraine Le Bras Fr\u00e8res qui travaille r\u00e9guli\u00e8rement sur des monuments historiques a particip\u00e9 \u00e0 la r\u00e9novation du ch\u00e2teau en 2021. Photo Disneyland Paris\" target=\"_blank\" rel=\"noopener\">&#13;<br \/>\n                            <img decoding=\"async\" src=\"https:\/\/www.europesays.com\/fr\/wp-content\/uploads\/2025\/09\/l-enteprise-lorraine-le-bras-freres-qui-travaille-regulierement-sur-des-monuments-historiques-a-part.jpeg\"   alt=\"L'enteprise lorraine Le Bras Fr\u00e8res qui travaille r\u00e9guli\u00e8rement sur des monuments historiques a particip\u00e9 \u00e0 la r\u00e9novation du ch\u00e2teau en 2021. Photo Disneyland Paris\" loading=\"lazy\" fetchpriority=\"low\" data-mobile=\"NW_listA_M|1753884600\" data-base=\"NW_listA|1753884600\"\/>&#13;<br \/>\n                        <\/a>&#13;<\/p>\n<p>L&rsquo;enteprise lorraine Le Bras Fr\u00e8res qui travaille r\u00e9guli\u00e8rement sur des monuments historiques a particip\u00e9 \u00e0 la r\u00e9novation du ch\u00e2teau en 2021. Photo Disneyland Paris<\/p>\n<p>                        &#13;<br \/>\n                                           &#13;\n                <\/li>\n<p>&#13;<br \/>\n            &#13;<\/p>\n<li class=\"carousel-wrapper__slides--slide item\" id=\"slide-4\">&#13;<br \/>\n                                    &#13;<br \/>\n                        <a class=\"chocolat-image GA-tracking\" data-ga_type=\"click\" data-ga_category=\"D\u00e9tail\" data-ga_action=\"zoomer\" data-ga_label=\"aggrandir image\" href=\"https:\/\/cdn-s-www.estrepublicain.fr\/images\/40281a74-4327-45a9-a5d2-9fa84eca936e\/NW_raw\/le-chateau-qui-n-avait-pas-ete-renove-depuis-l-ouveture-du-parc-en-1992-avait-perdu-de-sa-superbe-photo-disneyland-paris-1753884600.jpg\" title=\"Le ch\u00e2teau, qui n&#039;avait pas \u00e9t\u00e9 r\u00e9nov\u00e9 depuis l&#039;ouveture du parc en 1992, avait perdu de sa superbe. Photo Disneyland Paris\" target=\"_blank\" rel=\"noopener\">&#13;<br \/>\n                            <img decoding=\"async\" src=\"https:\/\/www.europesays.com\/fr\/wp-content\/uploads\/2025\/09\/le-chateau-qui-n-avait-pas-ete-renove-depuis-l-ouveture-du-parc-en-1992-avait-perdu-de-sa-superbe-ph.jpeg\"   alt=\"Le ch\u00e2teau, qui n'avait pas \u00e9t\u00e9 r\u00e9nov\u00e9 depuis l'ouveture du parc en 1992, avait perdu de sa superbe. Photo Disneyland Paris\" loading=\"lazy\" fetchpriority=\"low\" data-mobile=\"NW_listA_M|1753884600\" data-base=\"NW_listA|1753884600\"\/>&#13;<br \/>\n                        <\/a>&#13;<\/p>\n<p>Le ch\u00e2teau, qui n&rsquo;avait pas \u00e9t\u00e9 r\u00e9nov\u00e9 depuis l&rsquo;ouveture du parc en 1992, avait perdu de sa superbe. Photo Disneyland Paris<\/p>\n<p>                        &#13;<br \/>\n                                           &#13;\n                <\/li>\n<p>&#13;<br \/>\n            &#13;\n                <\/ul>\n<p>Il n\u2019avait pas \u00e9t\u00e9 r\u00e9nov\u00e9 depuis la cr\u00e9ation de Disneyland Paris en 1992\u200a: le ch\u00e2teau de la Belle au Bois Dormant a b\u00e9n\u00e9fici\u00e9 en 2021 de l\u2019expertise reconnue de l\u2019entreprise Le Bras Fr\u00e8res, situ\u00e9e \u00e0 Jarny (Meurthe-et-Moselle) et sp\u00e9cialis\u00e9e dans la restauration des monuments historiques.<\/p>\n<p>Disney a en effet retenu, entre autres, cette entreprise lorraine pour r\u00e9nover le toit et la charpente de l\u2019embl\u00e9matique ch\u00e2teau qui avait perdu un peu de sa superbe au fil du temps. Avec deux enjeux majeurs\u200a: l\u2019\u00e9tanch\u00e9it\u00e9 et l\u2019esth\u00e9tique du b\u00e2timent.<\/p>\n<p>    &#13;<br \/>\n    &#13;<br \/>\n    &#13;<br \/>\n    <a href=\"https:\/\/cdn-s-www.estrepublicain.fr\/images\/ffdc00b6-00fa-4290-85dc-4c657afbd108\/NW_raw\/photo-charlotte-overney-1753884600.jpg\" title=\"Photo Charlotte Overney\" class=\"chocolat-image GA-tracking\" data-ga_type=\"click\" data-ga_category=\"D\u00e9tail\" data-ga_action=\"zoomer\" data-ga_label=\"aggrandir image\" target=\"_blank\" rel=\"noopener\">&#13;<br \/>\n        <img src=\"https:\/\/www.europesays.com\/fr\/wp-content\/uploads\/2025\/09\/photo-charlotte-overney-1753884600.jpg\"   alt=\"Photo Charlotte Overney\" fetchpriority=\"high\" decoding=\"async\" data-mobile=\"NW_listA_M|1753884600\" data-base=\"NW_listA|1753884600\"\/>&#13;<br \/>\n    <\/a>&#13;<\/p>\n<p>Photo Charlotte Overney<\/p>\n<p>  <strong>\u00abDisney,\u200a ce n\u2019est pas que de l\u2019apparence\u200a\u00bb<\/strong><\/p>\n<p>Le groupe Le Bras Fr\u00e8res, fond\u00e9 en 1954, qui s\u2019est illustr\u00e9 derni\u00e8rement <a href=\"https:\/\/www.estrepublicain.fr\/economie\/2025\/07\/23\/sur-les-toits-de-notre-dame-les-artisans-lorrains-parachevent-leur-oeuvre\" target=\"_blank\" rel=\"noopener\">pour la r\u00e9novation de Notre-Dame de Paris<\/a>, a effectu\u00e9 le m\u00eame travail, utilis\u00e9 les m\u00eames techniques et les m\u00eames mat\u00e9riaux que sur le ch\u00e2teau de Villers-Cotter\u00eats dans l\u2019Aisne, le ch\u00e2teau de Rambouillet dans les Yvelines ou encore sur la chapelle royale du ch\u00e2teau de Versailles. Charpente, calepinage, taille d\u2019ardoise&#8230; Tout est fait comme sur ces ch\u00e2teaux fran\u00e7ais.<\/p>\n<p>\u00ab\u200aDisney, ce n\u2019est pas que de l\u2019apparence. Le ch\u00e2teau de la Belle au Bois Dormant, c\u2019est un ouvrage tr\u00e8s compliqu\u00e9 techniquement\u200a\u00bb, atteste Adrien Beaugendre, meilleur ouvrier de France en 2015 et salari\u00e9 de Le Bras Fr\u00e8res.<\/p>\n<p>\u00ab\u200aIl n\u2019y a pas beaucoup de ch\u00e2teaux comme celui-ci avec autant de tourelles\u200a\u00bb, remarque-t-il. \u00ab\u200aDes ouvrages\u200a\u00bb de ce type \u00ab\u200ac\u2019est royal !\u200a\u00bb<\/p>\n<p class=\"txt\">C\u2019est un ouvrage tr\u00e8s compliqu\u00e9 techniquement\u200a<\/p>\n<p class=\"nom\">Adrien Beaugendre, meilleur ouvrier de France en 2015 en couverture et salari\u00e9 de Le Bras Fr\u00e8res<\/p>\n<p class=\"insetTitle\">De la Marne aux tables de Disney, \u00ab un champagne qui fait voyager \u00bb<\/p>\n<p>Pour l\u2019ann\u00e9e 2023-2024, Disneyland Paris comptait quelque 131 fournisseurs issus du Grand Est dont <a href=\"https:\/\/www.champagne-pierre-mignon.com\/\" target=\"_blank\" rel=\"noopener\">la maison de champagne Pierre Mignon<\/a> situ\u00e9e \u00e0 Le Breuil, commune dans le d\u00e9partement de la Marne, <a href=\"https:\/\/www.estrepublicain.fr\/economie\/2025\/07\/17\/a-epernay-sur-les-champs-elysees-de-la-champagne\" target=\"_blank\" rel=\"noopener\">pr\u00e8s d\u2019\u00c9pernay<\/a>. Une collaboration commerciale entam\u00e9e en 2022.<\/p>\n<p>\u00ab\u200aJ\u2019ai tout de suite vu que cette maison qui se veut familiale proposait \u00e0 la fois des produits de grande qualit\u00e9 mais \u00e9galement qu\u2019ils \u00e9taient capables de nous accompagner sur nos projets exclusifs comme la cuv\u00e9e du Disneyland Hotel\u200a\u00bb, affirme Arnaud Godebin, senior manager en charge de la partie boisson pour Disneyland Paris.<\/p>\n<p>Cuv\u00e9e mill\u00e9sim\u00e9e<\/p>\n<p>Ainsi, la maison de champagne, qui existe depuis cinq g\u00e9n\u00e9rations et dont le domaine est \u00e9tendu sur 20 hectares, a s\u00e9lectionn\u00e9 une cuv\u00e9e mill\u00e9sim\u00e9e (mill\u00e9sime 2013) pour fournir Disney.<\/p>\n<p>\u00ab\u200aOn a vraiment laiss\u00e9 le plus long vieillissement possible pour que ce champagne exprime des notes bien particuli\u00e8res. Nous allons \u00eatre sur des ar\u00f4mes de type miel, des notes brioch\u00e9es. C\u2019est un champagne qui fait voyager\u200a\u00bb, d\u00e9taille C\u00e9line Mignon, fille de Pierre Mignon, responsable de l\u2019export et des relations commerciales.<\/p>\n<p>\u00ab\u200aOn a affaire \u00e0 des passionn\u00e9s qui avaient envie de nous accompagner sur nos projets un peu fous\u200a\u00bb, souligne Arnaud Godebin.<\/p>\n","protected":false},"excerpt":{"rendered":"L\u2019excellence du savoir-faire de Collinet pr\u00e9sent depuis 30 ans dans le parc et les h\u00f4tels Le fabricant de&hellip;\n","protected":false},"author":2,"featured_media":423000,"comment_status":"","ping_status":"","sticky":false,"template":"","format":"standard","meta":{"footnotes":""},"categories":[1888],"tags":[11,1477,55237,31224,1687,33,3602,1777,674,107,13717,1011,27,3457,11209,1702,12,626,3456,25],"class_list":{"0":"post-422999","1":"post","2":"type-post","3":"status-publish","4":"format-standard","5":"has-post-thumbnail","7":"category-paris","8":"tag-actualites","9":"tag-artisanat","10":"tag-baudignecourt","11":"tag-commercy","12":"tag-culture-loisirs","13":"tag-economie","14":"tag-edition-bar-le-duc","15":"tag-eu","16":"tag-europe","17":"tag-fil-info","18":"tag-format","19":"tag-fr","20":"tag-france","21":"tag-meurthe-et-moselle","22":"tag-meuse","23":"tag-nancy","24":"tag-news","25":"tag-paris","26":"tag-region-lorraine","27":"tag-republique-francaise"},"share_on_mastodon":{"url":"https:\/\/pubeurope.com\/@fr\/115280165696492747","error":""},"_links":{"self":[{"href":"https:\/\/www.europesays.com\/fr\/wp-json\/wp\/v2\/posts\/422999","targetHints":{"allow":["GET"]}}],"collection":[{"href":"https:\/\/www.europesays.com\/fr\/wp-json\/wp\/v2\/posts"}],"about":[{"href":"https:\/\/www.europesays.com\/fr\/wp-json\/wp\/v2\/types\/post"}],"author":[{"embeddable":true,"href":"https:\/\/www.europesays.com\/fr\/wp-json\/wp\/v2\/users\/2"}],"replies":[{"embeddable":true,"href":"https:\/\/www.europesays.com\/fr\/wp-json\/wp\/v2\/comments?post=422999"}],"version-history":[{"count":0,"href":"https:\/\/www.europesays.com\/fr\/wp-json\/wp\/v2\/posts\/422999\/revisions"}],"wp:featuredmedia":[{"embeddable":true,"href":"https:\/\/www.europesays.com\/fr\/wp-json\/wp\/v2\/media\/423000"}],"wp:attachment":[{"href":"https:\/\/www.europesays.com\/fr\/wp-json\/wp\/v2\/media?parent=422999"}],"wp:term":[{"taxonomy":"category","embeddable":true,"href":"https:\/\/www.europesays.com\/fr\/wp-json\/wp\/v2\/categories?post=422999"},{"taxonomy":"post_tag","embeddable":true,"href":"https:\/\/www.europesays.com\/fr\/wp-json\/wp\/v2\/tags?post=422999"}],"curies":[{"name":"wp","href":"https:\/\/api.w.org\/{rel}","templated":true}]}}