{"id":423001,"date":"2025-09-28T05:01:13","date_gmt":"2025-09-28T05:01:13","guid":{"rendered":"https:\/\/www.europesays.com\/fr\/423001\/"},"modified":"2025-09-28T05:01:13","modified_gmt":"2025-09-28T05:01:13","slug":"en-direct-guerre-en-ukraine-la-russie-met-en-garde-lotan-kiev-recoit-son-premier-systeme-patriot","status":"publish","type":"post","link":"https:\/\/www.europesays.com\/fr\/423001\/","title":{"rendered":"EN DIRECT &#8211; Guerre en Ukraine : la Russie met en garde l&rsquo;Otan, Kiev re\u00e7oit son premier syst\u00e8me Patriot"},"content":{"rendered":"<ul class=\"jsx-862013697 ArticleChapo__List\">\n<li class=\"jsx-862013697 ArticleChapo__List_Item flex\">Moscou a mis en garde samedi les puissances de l&rsquo;Otan qui envisagent de r\u00e9pondre aux incursions pr\u00e9sum\u00e9es de la Russie sur leur territoire.<\/li>\n<li class=\"jsx-862013697 ArticleChapo__List_Item flex\">L&rsquo;Ukraine, elle, dit avoir re\u00e7u son premier syst\u00e8me antia\u00e9rien Patriot d&rsquo;Isra\u00ebl.<\/li>\n<li class=\"jsx-862013697 ArticleChapo__List_Item flex\">Suivez les derni\u00e8res informations.<\/li>\n<\/ul>\n<p><a href=\"https:\/\/www.tf1info.fr\/actualite\/guerre-ukraine-pologne-estonie-les-provocations-russes-se-multiplient-14340\/\" rel=\"noopener\" class=\"jsx-484472199 Link jsx-1428418400 jsx-554215408\" target=\"_blank\"><\/p>\n<p style=\"font-weight:400\" class=\"jsx-1837267516\">Pologne, Estonie\u2026 Les provocations russes se multiplient<\/p>\n<p style=\"font-weight:800\" class=\"jsx-1837267516\">Pologne, Estonie\u2026 Les provocations russes se multiplient<\/p>\n<p><\/a><\/p>\n<p data-module=\"article-paragraph\" class=\"jsx-3046738180 Paragraph Paragraph__End\">\u00ab\u00a0Toute agression contre mon pays entra\u00eenera une r\u00e9ponse r\u00e9solue\u00a0\u00bb. L&rsquo;avertissement lanc\u00e9, samedi 27 septembre, par le ministre russe des Affaires \u00e9trang\u00e8res est clair. Sergue\u00ef Lavrov a ainsi mis en garde les puissances de l&rsquo;Otan qui envisageraient de <a href=\"https:\/\/www.tf1info.fr\/international\/incursions-russes-des-pays-europeens-planchent-sur-un-mur-anti-drones-2396943.html\" target=\"_blank\" rel=\"noopener\">r\u00e9pondre aux incursions pr\u00e9sum\u00e9es de la Russie sur leur territoire<\/a>. Lors d&rsquo;une conf\u00e9rence de presse tenue peu apr\u00e8s son discours \u00e0 l&rsquo;Assembl\u00e9e g\u00e9n\u00e9rale de l&rsquo;ONU, Sergue\u00ef Lavrov a insist\u00e9 : \u00ab\u00a0Si l&rsquo;on tente d&rsquo;abattre un engin volant, quel qu&rsquo;il soit, au-dessus de notre territoire, dans notre espace a\u00e9rien, alors je pense que les gens le regretteront profond\u00e9ment\u00a0\u00bb.<\/p>\n<p>Minute par minuteQUELLE RIPOSTE ?06:51<\/p>\n<p>Jean-No\u00ebl Barrot a accord\u00e9 une interview \u00e0 LCI ce samedi soir. Au c\u0153ur des discussions, la s\u00e9curit\u00e9 de l&rsquo;Europe face aux provocations russes. Le ministre d\u00e9missionnaire des Affaires \u00e9trang\u00e8res a estim\u00e9 que face aux incursions russes \u00ab\u00a0rien\u00a0\u00bb ne pouvait \u00eatre exclut.<\/p>\n<p>International<\/p>\n<p>VU SUR LCI<\/p>\n<p><img decoding=\"async\" src=\"https:\/\/www.europesays.com\/fr\/wp-content\/uploads\/2025\/09\/quelle-riposte-face-aux-incursions-russes-jean-noel-barrot-repond-sur-lci-87cdbe-0@1x.jpeg\" alt=\"Quelle riposte de l'Europe et de l'Otan face aux incursions russes ? Jean-No\u00ebl Barrot r\u00e9pond sur LCI\" loading=\"lazy\" importance=\"low\" fetchpriority=\"low\" class=\"\" aria-hidden=\"true\"\/>DES BLESS\u00c9S EN UKRAINE 06:49<\/p>\n<p>De nouvelles attaques russes en Ukraine ont fait trois bless\u00e9s \u00e0 Kiev et quatre dans la ville de Zaporijia, indiquent les autorit\u00e9s dans la nuit de samedi \u00e0 dimanche. Le principal conseiller du pr\u00e9sident Zelensky, Andriy Yermak, a \u00e9voqu\u00e9 des assauts avec des drones et des missiles.<\/p>\n<p>BONJOUR06:47<\/p>\n<p>Bonjour, bienvenue sur ce live pour suivre l&rsquo;actualit\u00e9 autour de la guerre en Ukraine.\u00a0<\/p>\n<p data-module=\"article-paragraph\" class=\"jsx-3046738180 Paragraph Paragraph__End\">Dans le m\u00eame temps, le pr\u00e9sident ukrainien, Volodymyr Zelensky, a annonc\u00e9 que l&rsquo;Ukraine avait re\u00e7u d&rsquo;Isra\u00ebl <a href=\"https:\/\/www.tf1info.fr\/international\/video-lci-guerre-ukraine-russie-le-patriot-c-est-la-pire-solution-pour-descendre-un-drone-shahed-estime-marc-chassillan-2383045.html\" target=\"_blank\" rel=\"noopener\">un syst\u00e8me antia\u00e9rien Patriot<\/a>, un armement de fabrication am\u00e9ricaine co\u00fbteux et essentiel pour repousser les attaques de missiles russes visant le pays. \u00ab\u00a0Un syst\u00e8me isra\u00e9lien (Patriot) fonctionne en Ukraine, cela fait un mois qu&rsquo;il fonctionne\u00a0\u00bb, a-t-il d\u00e9clar\u00e9 lors d&rsquo;une conf\u00e9rence de presse, sans pr\u00e9ciser si Kiev l&rsquo;avait achet\u00e9 ou obtenu gratuitement.\u00a0<\/p>\n<p><a href=\"https:\/\/www.tf1info.fr\/international\/video-quelle-riposte-face-aux-incursions-russes-jean-noel-barrot-repond-sur-lci-2397201.html\" rel=\"noopener\" class=\"jsx-3308031228 Link flex\" target=\"_blank\"><img decoding=\"async\" src=\"https:\/\/www.europesays.com\/fr\/wp-content\/uploads\/2025\/09\/quelle-riposte-face-aux-incursions-russes-jean-noel-barrot-repond-sur-lci-ed707a-0@1x.jpeg\" alt=\"Capture vid\u00e9o LCI\" loading=\"lazy\" importance=\"low\" fetchpriority=\"low\" class=\"\" aria-hidden=\"true\"\/><\/p>\n<p class=\"jsx-3657663356 ReadMoreArticle__Title\">Lire aussi<\/p>\n<p class=\"jsx-3657663356\">Quelle riposte de l&rsquo;Europe et de l&rsquo;Otan face aux incursions russes ? Jean-No\u00ebl Barrot r\u00e9pond sur LCI<\/p>\n<p><\/a><\/p>\n<p data-module=\"article-paragraph\" class=\"jsx-3046738180 Paragraph\">Apr\u00e8s le d\u00e9clenchement de l&rsquo;invasion russe de l&rsquo;Ukraine en 2022, Isra\u00ebl avait adopt\u00e9 une position neutre en ne sanctionnant pas la Russie, \u00e0 la diff\u00e9rence de beaucoup d&rsquo;autres pays occidentaux. Mais ses liens avec Moscou se sont ensuite distendus en raison du renforcement de l&rsquo;alliance entre la Russie et l&rsquo;Iran, qui est accus\u00e9 d&rsquo;avoir fourni des drones d&rsquo;attaques au Kremlin, <a href=\"https:\/\/www.tf1info.fr\/international\/palestine-gaza-nos-cliniques-sont-encerclees-medecins-sans-frontieres-suspend-ses-activites-a-gaza-ville-2397126.html\" target=\"_blank\" rel=\"noopener\">mais aussi \u00e0 cause de la guerre men\u00e9e par Isra\u00ebl dans la bande de Gaza<\/a>, condamn\u00e9e par les autorit\u00e9s russes.<\/p>\n<p data-module=\"article-paragraph\" class=\"jsx-3046738180 Paragraph Paragraph__End\">Samedi, la Russie a revendiqu\u00e9 la prise de trois villages dans l&rsquo;est de l&rsquo;Ukraine, o\u00f9 les forces de Moscou ont effectu\u00e9 une perc\u00e9e. L&rsquo;Ukraine a \u00e9galement accus\u00e9 la Russie d&rsquo;avoir coup\u00e9 la centrale nucl\u00e9aire de Zaporijia du r\u00e9seau \u00e9lectrique ukrainien depuis quatre jours et de chercher ainsi \u00e0 la \u00ab\u00a0voler\u00a0\u00bb en la rattachant au r\u00e9seau sous contr\u00f4le russe, en d\u00e9pit de risques pour sa s\u00e9curit\u00e9.<\/p>\n<p>La r\u00e9daction de TF1info<\/p>\n","protected":false},"excerpt":{"rendered":"Moscou a mis en garde samedi les puissances de l&rsquo;Otan qui envisagent de r\u00e9pondre aux incursions pr\u00e9sum\u00e9es de&hellip;\n","protected":false},"author":2,"featured_media":372833,"comment_status":"","ping_status":"","sticky":false,"template":"","format":"standard","meta":{"footnotes":""},"categories":[1591],"tags":[1111,11,1921,5925,54031,1887,1922,12,136,2437,2543,1885,1886,132,220,1917,133,1920],"class_list":{"0":"post-423001","1":"post","2":"type-post","3":"status-publish","4":"format-standard","5":"has-post-thumbnail","7":"category-russie","8":"tag-actu","9":"tag-actualites","10":"tag-article-video","11":"tag-conflits-et-guerre","12":"tag-estonie-les-provocations-russes-se-multiplient","13":"tag-federation-de-russie","14":"tag-info","15":"tag-news","16":"tag-otan","17":"tag-pologne","18":"tag-relations-internationales","19":"tag-russia","20":"tag-russian-federation","21":"tag-russie","22":"tag-ukraine","23":"tag-ukraine-4-annee-de-guerre","24":"tag-video","25":"tag-video-international"},"share_on_mastodon":{"url":"https:\/\/pubeurope.com\/@fr\/115280169235134276","error":""},"_links":{"self":[{"href":"https:\/\/www.europesays.com\/fr\/wp-json\/wp\/v2\/posts\/423001","targetHints":{"allow":["GET"]}}],"collection":[{"href":"https:\/\/www.europesays.com\/fr\/wp-json\/wp\/v2\/posts"}],"about":[{"href":"https:\/\/www.europesays.com\/fr\/wp-json\/wp\/v2\/types\/post"}],"author":[{"embeddable":true,"href":"https:\/\/www.europesays.com\/fr\/wp-json\/wp\/v2\/users\/2"}],"replies":[{"embeddable":true,"href":"https:\/\/www.europesays.com\/fr\/wp-json\/wp\/v2\/comments?post=423001"}],"version-history":[{"count":0,"href":"https:\/\/www.europesays.com\/fr\/wp-json\/wp\/v2\/posts\/423001\/revisions"}],"wp:featuredmedia":[{"embeddable":true,"href":"https:\/\/www.europesays.com\/fr\/wp-json\/wp\/v2\/media\/372833"}],"wp:attachment":[{"href":"https:\/\/www.europesays.com\/fr\/wp-json\/wp\/v2\/media?parent=423001"}],"wp:term":[{"taxonomy":"category","embeddable":true,"href":"https:\/\/www.europesays.com\/fr\/wp-json\/wp\/v2\/categories?post=423001"},{"taxonomy":"post_tag","embeddable":true,"href":"https:\/\/www.europesays.com\/fr\/wp-json\/wp\/v2\/tags?post=423001"}],"curies":[{"name":"wp","href":"https:\/\/api.w.org\/{rel}","templated":true}]}}