{"id":423004,"date":"2025-09-28T05:03:11","date_gmt":"2025-09-28T05:03:11","guid":{"rendered":"https:\/\/www.europesays.com\/fr\/423004\/"},"modified":"2025-09-28T05:03:11","modified_gmt":"2025-09-28T05:03:11","slug":"pourquoi-les-consommateurs-disent-merci-a-trump-provisoirement-liberation","status":"publish","type":"post","link":"https:\/\/www.europesays.com\/fr\/423004\/","title":{"rendered":"pourquoi les consommateurs disent merci \u00e0 Trump, provisoirement \u2013 Lib\u00e9ration"},"content":{"rendered":"<p class=\"sc-cPiKLX AiZTS text-element\">Depuis quelques mois, les Br\u00e9siliens paient leur rituel \u00abcafezinho\u00bb un peu moins cher : le prix au d\u00e9tail des graines torr\u00e9fi\u00e9es a baiss\u00e9 de 5,4 % entre janvier et ao\u00fbt. Gr\u00e2ce d\u2019abord \u00e0 une r\u00e9colte abondante, notent les organismes professionnels, mais aussi au tarifa\u00e7o (m\u00e9gatarif), le nom donn\u00e9 par la presse aux <a href=\"https:\/\/www.liberation.fr\/international\/donald-trump-annonce-une-surtaxe-de-50-sur-le-cuivre-des-aout-et-menace-de-punir-le-bresil-en-soutien-a-bolsonaro-20250710_DTEEIH3O4BHAPFEVEFCR3HT5U4\/\" target=\"_blank\" rel=\"nofollow noopener\" title=\"https:\/\/www.liberation.fr\/international\/donald-trump-annonce-une-surtaxe-de-50-sur-le-cuivre-des-aout-et-menace-de-punir-le-bresil-en-soutien-a-bolsonaro-20250710_DTEEIH3O4BHAPFEVEFCR3HT5U4\/\">\u00e9normes taxes douani\u00e8res d\u00e9cr\u00e9t\u00e9es par Donald Trump<\/a>, qui gr\u00e8vent de 50 % tous les produits du Br\u00e9sil entrant aux Etats-Unis. <\/p>\n<p class=\"sc-cPiKLX AiZTS text-element\">Le m\u00e9canisme est simple, et s\u2019applique \u00e0 d\u2019autres produits et \u00e0 d\u2019autres r\u00e9gions d\u2019Am\u00e9rique latine : les consommateurs \u00e9tasuniens se d\u00e9tournent des denr\u00e9es dont les prix explosent, les importateurs r\u00e9duisent leurs commandes, et les stocks s\u2019accumulent dans le pays d\u2019origine. Pour les \u00e9couler sur les march\u00e9s locaux, les producteurs consentent des r\u00e9ductions de prix mesur\u00e9es. <\/p>\n<p class=\"sc-cPiKLX AiZTS text-element\">C\u2019est un paradoxe inattendu de la politique de <a href=\"https:\/\/www.liberation.fr\/international\/amerique\/relancee-avec-de-nouveaux-droits-de-douane-la-guerre-commerciale-de-donald-trump-bientot-declaree-illegale-20250801_MOB3YUDMYND6BLDUF5USKQB &lt;div style=\" clear:=\"\" both=\"\" rel=\"nofollow noopener\" target=\"_blank\"><\/p>\n","protected":false},"excerpt":{"rendered":"Depuis quelques mois, les Br\u00e9siliens paient leur rituel \u00abcafezinho\u00bb un peu moins cher : le prix au d\u00e9tail&hellip;\n","protected":false},"author":2,"featured_media":423005,"comment_status":"","ping_status":"","sticky":false,"template":"","format":"standard","meta":{"footnotes":""},"categories":[1589],"tags":[11,2548,73,1866,1074,5697,12,1864,1865,1863,308],"class_list":{"0":"post-423004","1":"post","2":"type-post","3":"status-publish","4":"format-standard","5":"has-post-thumbnail","7":"category-etats-unis","8":"tag-actualites","9":"tag-bresil","10":"tag-etats-unis","11":"tag-etats-unis-damerique","12":"tag-guerre-commerciale","13":"tag-mexique","14":"tag-news","15":"tag-united-states","16":"tag-united-states-of-america","17":"tag-us","18":"tag-usa"},"share_on_mastodon":{"url":"https:\/\/pubeurope.com\/@fr\/115280176991262303","error":""},"_links":{"self":[{"href":"https:\/\/www.europesays.com\/fr\/wp-json\/wp\/v2\/posts\/423004","targetHints":{"allow":["GET"]}}],"collection":[{"href":"https:\/\/www.europesays.com\/fr\/wp-json\/wp\/v2\/posts"}],"about":[{"href":"https:\/\/www.europesays.com\/fr\/wp-json\/wp\/v2\/types\/post"}],"author":[{"embeddable":true,"href":"https:\/\/www.europesays.com\/fr\/wp-json\/wp\/v2\/users\/2"}],"replies":[{"embeddable":true,"href":"https:\/\/www.europesays.com\/fr\/wp-json\/wp\/v2\/comments?post=423004"}],"version-history":[{"count":0,"href":"https:\/\/www.europesays.com\/fr\/wp-json\/wp\/v2\/posts\/423004\/revisions"}],"wp:featuredmedia":[{"embeddable":true,"href":"https:\/\/www.europesays.com\/fr\/wp-json\/wp\/v2\/media\/423005"}],"wp:attachment":[{"href":"https:\/\/www.europesays.com\/fr\/wp-json\/wp\/v2\/media?parent=423004"}],"wp:term":[{"taxonomy":"category","embeddable":true,"href":"https:\/\/www.europesays.com\/fr\/wp-json\/wp\/v2\/categories?post=423004"},{"taxonomy":"post_tag","embeddable":true,"href":"https:\/\/www.europesays.com\/fr\/wp-json\/wp\/v2\/tags?post=423004"}],"curies":[{"name":"wp","href":"https:\/\/api.w.org\/{rel}","templated":true}]}}