{"id":423010,"date":"2025-09-28T05:06:13","date_gmt":"2025-09-28T05:06:13","guid":{"rendered":"https:\/\/www.europesays.com\/fr\/423010\/"},"modified":"2025-09-28T05:06:13","modified_gmt":"2025-09-28T05:06:13","slug":"leurope-est-plus-forte-quelle-ne-le-pense","status":"publish","type":"post","link":"https:\/\/www.europesays.com\/fr\/423010\/","title":{"rendered":"\u00ab\u202fL\u2019Europe est plus forte qu\u2019elle ne le pense\u202f\u00bb"},"content":{"rendered":"<p>\u00c0 Kiev, il est celui qui, avec <a href=\"https:\/\/www.latribune.fr\/la-tribune-dimanche\/dans-le-monde\/les-lignes-rouges-de-zelensky-1031388.html\" target=\"_blank\" rel=\"noopener\">Volodymyr Zelensky<\/a>, d\u00e9cide des destin\u00e9es de l\u2019<a href=\"https:\/\/www.latribune.fr\/economie\/international\/ukraine-washington-va-lever-la-suspension-de-l-aide-un-accord-sur-les-minerais-en-vue-1020382.html\" target=\"_blank\" rel=\"noopener\">Ukraine<\/a>. Andriy Yermak n\u2019est pas seulement le chef omnipotent de l\u2019administration pr\u00e9sidentielle, il est aussi celui qui parle \u00e0 l\u2019oreille des Am\u00e9ricains, n\u00e9gocie avec les <a href=\"https:\/\/www.latribune.fr\/article\/economie\/20033190665536\/tensions-russie-otan-une-escalade-dangereuse-selon-moscou\" target=\"_blank\" rel=\"noopener\">Russes<\/a>.<\/p>\n<p>De retour de l\u2019Assembl\u00e9e g\u00e9n\u00e9rale de l\u2019ONU, il s\u2019est confi\u00e9 vendredi \u00e0 un nombre restreint de publications europ\u00e9ennes, dont La Tribune Dimanche.<\/p>\n<p><strong>LA TRIBUNE DIMANCHE \u2014 Quel bilan faites-vous de l\u2019Assembl\u00e9e g\u00e9n\u00e9rale de l\u2019ONU qui s\u2019est d\u00e9roul\u00e9e cette semaine ?<br \/><\/strong><strong>ANDRIY YERMAK \u2014<\/strong> La <a href=\"https:\/\/www.latribune.fr\/la-tribune-dimanche\/dans-le-monde\/le-guet-apens-de-washington-1019573.html\" target=\"_blank\" rel=\"noopener\">visite du pr\u00e9sident Zelensky <\/a>et de notre \u00e9quipe \u00e0 New York a \u00e9t\u00e9 tr\u00e8s fructueuse. Nous avons rencontr\u00e9 un nombre record de dirigeants internationaux. Et puis le pr\u00e9sident, lors de ses diff\u00e9rents discours et \u00e0 la tribune des Nations unies, a pu passer des messages tr\u00e8s clairs, notamment concernant la nouvelle structure europ\u00e9enne de s\u00e9curit\u00e9. Elle correspond parfaitement aux d\u00e9fis auxquels nous faisons face, comme toutes les <a href=\"https:\/\/www.latribune.fr\/la-tribune-dimanche\/dans-le-monde\/en-pologne-la-provocation-des-drones-russes-ont-revele-la-reactivite-de-l-alliance-1032435.html\" target=\"_blank\" rel=\"noopener\">violations r\u00e9centes des espaces a\u00e9riens<\/a> de l\u2019Otan et de l\u2019Europe. La rencontre avec le pr\u00e9sident am\u00e9ricain a aussi \u00e9t\u00e9 un succ\u00e8s. Le monde entier a pu se rendre compte d\u2019un vrai changement dans la rh\u00e9torique de nos partenaires am\u00e9ricains. Nous allons continuer \u00e0 travailler et dialoguer. Il n\u2019a \u00e9chapp\u00e9 \u00e0 personne que nous avons deux accords potentiels tr\u00e8s importants concernant les armes am\u00e9ricaines et <a href=\"https:\/\/www.latribune.fr\/la-tribune-dimanche\/dimanche-eco\/guerre-en-ukraine-les-drones-prennent-enfin-leur-envol-1026742.html\" target=\"_blank\" rel=\"noopener\">les drones ukrainiens<\/a>.<\/p>\n<p><strong>Comment expliquer la volte-face de Donald Trump sur l\u2019Ukraine apr\u00e8s son rendez-vous avec Volodymyr Zelensky\u2009?<br \/><\/strong>Ce que nous avons vu \u00e0 New York est, je pense, le fruit du travail consid\u00e9rable de notre pr\u00e9sident, de nos \u00e9quipes et, bien s\u00fbr, de nos partenaires. Le pr\u00e9sident Trump s\u2019est dit absolument convaincu que l\u2019Ukraine ne perdra pas cette guerre et que la Russie ne la gagnera pas. C\u2019est probablement la premi\u00e8re fois que nous entendons une position aussi ouverte et positive de la part des \u00c9tats-Unis. C\u2019est un progr\u00e8s majeur. Par ailleurs, nous avons eu des discussions plus concr\u00e8tes sur la fa\u00e7on de renforcer l\u2019Ukraine. Je ne peux pas vous donner tous les d\u00e9tails, mais je peux dire que cela a trait \u00e0 certaines armes et \u00e0 certains \u00e9l\u00e9ments n\u00e9cessaires \u00e0 la d\u00e9fense de l\u2019Ukraine.<\/p>\n<p><strong>Mais les d\u00e9clarations de Trump sont assez floues pour signifier aussi un d\u00e9sengagement am\u00e9ricain en Ukraine\u2026<br \/><\/strong>Je ne partage pas cet avis. Au vu des mots de Donald Trump ou des \u00e9changes que nous avons eus avec les responsables am\u00e9ricains, il para\u00eet clair que les \u00c9tats-Unis ne cherchent pas \u00e0 r\u00e9duire leur participation au processus de paix. Bien s\u00fbr, nous devons continuer \u00e0 travailler. Nous devons aussi r\u00e9fl\u00e9chir \u00e0 la mani\u00e8re dont les Europ\u00e9ens peuvent cesser d\u2019acheter du <a href=\"https:\/\/www.latribune.fr\/climat\/energie-environnement\/comment-l-europe-continue-d-acheter-du-petrole-russe-malgre-les-sanctions-1031109.html\" target=\"_blank\" rel=\"noopener\">p\u00e9trole et du gaz russes<\/a>. Sur ce point, l\u2019Ukraine poss\u00e8de l\u2019un des plus grands stocks de gaz naturel d\u2019Europe. Nous sommes pr\u00eats \u00e0 coop\u00e9rer.<\/p>\n<p><strong>Qu\u2019attendez-vous de la r\u00e9union informelle des dirigeants europ\u00e9ens qui se d\u00e9roule \u00e0 Copenhague la semaine prochaine\u2009?<br \/><\/strong>Ce sera une excellente occasion pour le pr\u00e9sident Zelensky, qui y assistera, de discuter avec ses partenaires des prochaines \u00e9tapes, comme la cr\u00e9ation d\u2019un bouclier dans le ciel ukrainien pour prot\u00e9ger notre pays et notre peuple des drones et missiles balistiques russes. Il sera aussi tr\u00e8s important d\u2019examiner <a href=\"https:\/\/www.latribune.fr\/article\/economie\/international\/31415644078984\/survols-mysterieux-de-drones-non-identifies-au-dessus-de-la-principale-base-militaire\" target=\"_blank\" rel=\"noopener\">ce qui se passe dans le ciel du Danemark<\/a>, de la Pologne, de l\u2019Estonie et d\u2019autres pays. Et puis nous discuterons des moyens \u00e0 mettre en \u0153uvre pour contraindre la Russie \u00e0 de v\u00e9ritables n\u00e9gociations. Nous pensons toujours qu\u2019un cessez-le-feu et l\u2019ouverture de n\u00e9gociations constituent la meilleure voie pour parvenir \u00e0 la paix. Malheureusement, nous ne voyons aucun signe positif venir de Moscou. L\u2019intensification des pressions, notamment par les sanctions, et le renforcement des liens entre l\u2019Europe, les \u00c9tats-Unis et l\u2019Ukraine concernant la production militaire sont donc essentiels.<\/p>\n<p><strong>Que pensez-vous de la proposition du\u202fchancelier allemand d\u2019allouer un\u202fpr\u00eat de 140\u202fmilliards de dollars \u00e0\u202fl\u2019Ukraine en mobilisant les avoirs russes gel\u00e9s en\u202fEurope\u00a0?<br \/><\/strong>Nous sommes convaincus que la Russie devra payer pour cette guerre, pour ses crimes, mais nous comprenons aussi parfaitement que l\u2019utilisation de ces avoirs gel\u00e9s n\u2019est pas chose facile. La suggestion du <a href=\"https:\/\/www.latribune.fr\/economie\/international\/guerre-en-ukraine-macron-starmer-et-merz-en-reunion-avec-zelensky-1024611.html\" target=\"_blank\" rel=\"noopener\">chancelier Merz<\/a> constitue une avanc\u00e9e majeure, car la production de nos drones et l\u2019achat d\u2019armes aux \u00c9tats-Unis et \u00e0 d\u2019autres pays n\u00e9cessitent des fonds.<\/p>\n<p><strong>La r\u00e9action de l\u2019Otan aux incursions russes dans le ciel europ\u00e9en n\u2019est-elle pas trop mesur\u00e9e\u2009?<br \/><\/strong>D\u2019abord, il faut comprendre qu\u2019\u00e0 travers ces provocations la Russie essaie de tester l\u2019Otan, de collecter des informations, de localiser certains sites. L\u2019Europe doit donc les consid\u00e9rer de mani\u00e8re tr\u00e8s s\u00e9rieuse. Pour autant, je ne pense pas que <a href=\"https:\/\/www.latribune.fr\/entreprises-finance\/industrie\/aeronautique-defense\/otan-les-pays-europeens-devront-depenser-par-an-1350-milliards-de-dollars-a-partir-de-2035-1028566.html\" target=\"_blank\" rel=\"noopener\">l\u2019Otan ou l\u2019Europe <\/a>soient faibles. Je pense m\u00eame que l\u2019Europe est plus forte qu\u2019elle ne le pense. Il faut s\u2019inspirer de cette c\u00e9l\u00e8bre expression\u2009: \u00ab\u202fsi tu veux la paix, pr\u00e9pare la guerre\u202f\u00bb. Car la Russie, si elle entrevoit une faiblesse, n\u2019h\u00e9sitera pas \u00e0 l\u2019exploiter.<\/p>\n<p><strong>Consid\u00e9rez-vous que l\u2019Europe est d\u00e9j\u00e0 en guerre avec la Russie\u2009?<br \/><\/strong>Si l\u2019on parle de <a href=\"https:\/\/www.latribune.fr\/entreprises-finance\/industrie\/aeronautique-defense\/la-russie-championne-de-la-guerre-hybride-cyber-informationelle-cables-sous-marins-et-spatial-904987.html\" target=\"_blank\" rel=\"noopener\">la guerre hybride<\/a>, alors oui, elle a d\u00e9j\u00e0 commenc\u00e9. J\u2019esp\u00e8re simplement que cela ne deviendra pas une guerre r\u00e9elle. Mais quoi qu\u2019il arrive, nous, Ukrainiens, sommes pr\u00eats \u00e0 vous prot\u00e9ger et si n\u00e9cessaires \u00e0 nous battre \u00e0 vos c\u00f4t\u00e9s. Tout le monde sait que la prochaine g\u00e9n\u00e9ration de conflits sera une guerre des drones. Or l\u2019Ukraine est devenue leader dans ce domaine. Nous avons d\u00e9j\u00e0 commenc\u00e9 \u00e0 collaborer avec certains pays et nous allons intensifier nos efforts. Le pr\u00e9sident est tr\u00e8s ouvert \u00e0 l\u2019ouverture partielle de l\u2019exportation de certaines armes.<\/p>\n","protected":false},"excerpt":{"rendered":"\u00c0 Kiev, il est celui qui, avec Volodymyr Zelensky, d\u00e9cide des destin\u00e9es de l\u2019Ukraine. Andriy Yermak n\u2019est pas&hellip;\n","protected":false},"author":2,"featured_media":423011,"comment_status":"","ping_status":"","sticky":false,"template":"","format":"standard","meta":{"footnotes":""},"categories":[1586],"tags":[17,11,55238,41848,7818,1777,674,1011,27,1808,3102,12,3227,25,23289,55239],"class_list":{"0":"post-423010","1":"post","2":"type-post","3":"status-publish","4":"format-standard","5":"has-post-thumbnail","7":"category-europe","8":"tag-17","9":"tag-actualites","10":"tag-andriy","11":"tag-cabinet","12":"tag-chef","13":"tag-eu","14":"tag-europe","15":"tag-fr","16":"tag-france","17":"tag-leurope","18":"tag-la-tribune-dimanche","19":"tag-news","20":"tag-presidence","21":"tag-republique-francaise","22":"tag-ukrainienne","23":"tag-yermak"},"share_on_mastodon":{"url":"https:\/\/pubeurope.com\/@fr\/115280188782108083","error":""},"_links":{"self":[{"href":"https:\/\/www.europesays.com\/fr\/wp-json\/wp\/v2\/posts\/423010","targetHints":{"allow":["GET"]}}],"collection":[{"href":"https:\/\/www.europesays.com\/fr\/wp-json\/wp\/v2\/posts"}],"about":[{"href":"https:\/\/www.europesays.com\/fr\/wp-json\/wp\/v2\/types\/post"}],"author":[{"embeddable":true,"href":"https:\/\/www.europesays.com\/fr\/wp-json\/wp\/v2\/users\/2"}],"replies":[{"embeddable":true,"href":"https:\/\/www.europesays.com\/fr\/wp-json\/wp\/v2\/comments?post=423010"}],"version-history":[{"count":0,"href":"https:\/\/www.europesays.com\/fr\/wp-json\/wp\/v2\/posts\/423010\/revisions"}],"wp:featuredmedia":[{"embeddable":true,"href":"https:\/\/www.europesays.com\/fr\/wp-json\/wp\/v2\/media\/423011"}],"wp:attachment":[{"href":"https:\/\/www.europesays.com\/fr\/wp-json\/wp\/v2\/media?parent=423010"}],"wp:term":[{"taxonomy":"category","embeddable":true,"href":"https:\/\/www.europesays.com\/fr\/wp-json\/wp\/v2\/categories?post=423010"},{"taxonomy":"post_tag","embeddable":true,"href":"https:\/\/www.europesays.com\/fr\/wp-json\/wp\/v2\/tags?post=423010"}],"curies":[{"name":"wp","href":"https:\/\/api.w.org\/{rel}","templated":true}]}}