{"id":423028,"date":"2025-09-28T05:17:11","date_gmt":"2025-09-28T05:17:11","guid":{"rendered":"https:\/\/www.europesays.com\/fr\/423028\/"},"modified":"2025-09-28T05:17:11","modified_gmt":"2025-09-28T05:17:11","slug":"sur-quelle-chaine-et-a-quelle-heure-voir-la-course-en-direct","status":"publish","type":"post","link":"https:\/\/www.europesays.com\/fr\/423028\/","title":{"rendered":"Sur quelle cha\u00eene et \u00e0 quelle heure voir la course en direct ?"},"content":{"rendered":"<p>Direction le Japon pour la 17e manche de la saison de MotoGP. On vous donne l\u2019heure et la cha\u00eene pour suivre la course en direct.<\/p>\n<p class=\"fig-paragraph\">Premi\u00e8re occasion de conclure la saison pour Marc Marquez. L\u2019Espagnol, leader du classement g\u00e9n\u00e9ral, pourrait \u00eatre sacr\u00e9 d\u00e8s dimanche. Pour cela, la donne est simple. Il doit marquer 3 points de plus que son petit fr\u00e8re, Alex, seul pilote pouvant encore le concurrencer math\u00e9matiquement, pour \u00eatre officiellement champion du monde. En cas de titre, Marc Marquez remporterait son 7e titre de champion. Il \u00e9galerait alors un certain Valentino Rossi. Ironie du sort, Marquez a d\u00e9j\u00e0 \u00e9t\u00e9 sacr\u00e9 ici, au Japon. C\u2019\u00e9tait en 2018. 7 ans plus tard, il a donc l\u2019occasion de r\u00e9cidiver, et d\u2019entrer un peu plus dans l\u2019histoire de ce sport. Rappelons que Marc Marquez n\u2019a plus \u00e9t\u00e9 sacr\u00e9 champion depuis 2019. Il reste sur un succ\u00e8s lors du dernier Moto GP, c\u2019\u00e9tait \u00e0 Saint-Marin. Les Italiens Marco Bezzecchi, Franco Morbidelli ou encore Fabio Di Giannantonio tenteront de g\u00e2cher la f\u00eate.<\/p>\n<p class=\"fig-paragraph\"><a href=\"https:\/\/ad.doubleclick.net\/ddm\/trackclk\/N6600.270462.LEFIGARO1\/B32944843.420152917;dc_trk_aid=612955813;dc_trk_cid=228480032;dc_lat=;dc_rdid=;tag_for_child_directed_treatment=;tfua=;gdpr=%24%7BGDPR%7D;gdpr_consent=%24%7BGDPR_CONSENT_755%7D;gpp=%24%7BGPP_STRING_755%7D;gpp_sid=%24%7BGPP_SID%7D;ltd=;dc_tdv=1\" target=\"_blank\" rel=\"sponsored noopener\" data-gtm-custom-categorie=\"navigation\" data-gtm-custom-action=\"crossclick\" data-gtm-custom-label=\"Contextuel\" data-gtm-event=\"customEventSPE\"><strong>Voir le Grand Prix du Japon MotoGP ici<\/strong><\/a><\/p>\n<p>                                    <a class=\"fig-a11y-skip a11y-hidden\" href=\"#fig-a11y-skip-main-inarticle\"><br \/>\n        Passer la publicit\u00e9<br \/>\n    <\/a><\/p>\n<p><strong>\u00c0 quelle heure et sur quelle cha\u00eene regarder en direct le MotoGP du Japon\u00a0?<\/strong><\/p>\n<p class=\"fig-paragraph\">Le MotoGP du Japon d\u00e9bute le dimanche 28 septembre. Le d\u00e9but de la course est pr\u00e9vu pour 07h00 heure fran\u00e7aise. L\u2019\u00e9v\u00e9nement se d\u00e9roule au circuit de Motegi. Pour regarder le GP en direct, cela se passe sur CANAL +. L\u2019\u00e9mission La Grille prendra l\u2019antenne d\u00e8s 6h15 du matin. Les essais libres se d\u00e9roulent le vendredi 26 et samedi 27 septembre. Les qualifications sont elles \u00e0 suivre le samedi 27 septembre. CANAL + est la cha\u00eene partenaire historique du MotoGP mais \u00e9galement de la F1. Pour les fans de sport, le groupe CANAL + est l\u2019abonnement \u00e0 avoir, puisque vous pouvez \u00e9galement suivre la Ligue des Champions, la Premier League ou encore le TOP 14.<\/p>\n<p class=\"fig-paragraph\"><a href=\"https:\/\/ad.doubleclick.net\/ddm\/trackclk\/N6600.270462.LEFIGARO1\/B32944843.420152917;dc_trk_aid=612955813;dc_trk_cid=228480032;dc_lat=;dc_rdid=;tag_for_child_directed_treatment=;tfua=;gdpr=%24%7BGDPR%7D;gdpr_consent=%24%7BGDPR_CONSENT_755%7D;gpp=%24%7BGPP_STRING_755%7D;gpp_sid=%24%7BGPP_SID%7D;ltd=;dc_tdv=1\" target=\"_blank\" rel=\"sponsored noopener\" data-gtm-custom-categorie=\"navigation\" data-gtm-custom-action=\"crossclick\" data-gtm-custom-label=\"Contextuel\" data-gtm-event=\"customEventSPE\"><strong>Pour en savoir plus les abonnements CANAL+ pour regarder la MotoGP<\/strong><\/a><\/p>\n<p class=\"fig-paragraph\">Contenu con\u00e7u et propos\u00e9 par nos Experts Shopping Sport. L\u2019\u00e9quipe Shopping du Figaro est ind\u00e9pendante de la r\u00e9daction.\u00a0<\/p>\n<p>Les prix mentionn\u00e9s dans cet article le sont \u00e0 titre indicatif. Lorsque vous achetez via nos liens de vente, nous pouvons percevoir une commission d\u2019affiliation.<\/p>\n","protected":false},"excerpt":{"rendered":"Direction le Japon pour la 17e manche de la saison de MotoGP. On vous donne l\u2019heure et la&hellip;\n","protected":false},"author":2,"featured_media":423029,"comment_status":"","ping_status":"","sticky":false,"template":"","format":"standard","meta":{"footnotes":""},"categories":[1412],"tags":[1451,1452,1453,1454,1455,1011,27,1458,60],"class_list":{"0":"post-423028","1":"post","2":"type-post","3":"status-publish","4":"format-standard","5":"has-post-thumbnail","7":"category-f1","8":"tag-f1","9":"tag-formula-1","10":"tag-formula1","11":"tag-formule-1","12":"tag-formule1","13":"tag-fr","14":"tag-france","15":"tag-motogp","16":"tag-sports"},"share_on_mastodon":{"url":"https:\/\/pubeurope.com\/@fr\/115280232021672677","error":""},"_links":{"self":[{"href":"https:\/\/www.europesays.com\/fr\/wp-json\/wp\/v2\/posts\/423028","targetHints":{"allow":["GET"]}}],"collection":[{"href":"https:\/\/www.europesays.com\/fr\/wp-json\/wp\/v2\/posts"}],"about":[{"href":"https:\/\/www.europesays.com\/fr\/wp-json\/wp\/v2\/types\/post"}],"author":[{"embeddable":true,"href":"https:\/\/www.europesays.com\/fr\/wp-json\/wp\/v2\/users\/2"}],"replies":[{"embeddable":true,"href":"https:\/\/www.europesays.com\/fr\/wp-json\/wp\/v2\/comments?post=423028"}],"version-history":[{"count":0,"href":"https:\/\/www.europesays.com\/fr\/wp-json\/wp\/v2\/posts\/423028\/revisions"}],"wp:featuredmedia":[{"embeddable":true,"href":"https:\/\/www.europesays.com\/fr\/wp-json\/wp\/v2\/media\/423029"}],"wp:attachment":[{"href":"https:\/\/www.europesays.com\/fr\/wp-json\/wp\/v2\/media?parent=423028"}],"wp:term":[{"taxonomy":"category","embeddable":true,"href":"https:\/\/www.europesays.com\/fr\/wp-json\/wp\/v2\/categories?post=423028"},{"taxonomy":"post_tag","embeddable":true,"href":"https:\/\/www.europesays.com\/fr\/wp-json\/wp\/v2\/tags?post=423028"}],"curies":[{"name":"wp","href":"https:\/\/api.w.org\/{rel}","templated":true}]}}