{"id":423031,"date":"2025-09-28T05:19:11","date_gmt":"2025-09-28T05:19:11","guid":{"rendered":"https:\/\/www.europesays.com\/fr\/423031\/"},"modified":"2025-09-28T05:19:11","modified_gmt":"2025-09-28T05:19:11","slug":"jangeal-un-jour-qui-restera-grave-dans-ma-memoire","status":"publish","type":"post","link":"https:\/\/www.europesays.com\/fr\/423031\/","title":{"rendered":"Jangeal : \u00ab\u00a0Un jour qui restera grav\u00e9 dans ma m\u00e9moire\u00a0\u00bb"},"content":{"rendered":"<p><img width=\"700\" height=\"350\" src=\"https:\/\/www.europesays.com\/fr\/wp-content\/uploads\/2025\/09\/Mathis-Jangeal.jpg\" class=\"attachment-jannah-image-post size-jannah-image-post wp-post-image\" alt=\"Mathis jangeal\" is_main_img=\"1\" decoding=\"async\" fetchpriority=\"high\"  \/><br \/>\n Image :<br \/>\nPSG.fr<\/p>\n<p>Lors de la victoire du PSG ce soir contre Auxerre, Luis<br \/>\nEnrique a lanc\u00e9 de jeunes titis dans le grand bain, Quentin<br \/>\nNdjantou et Mathis Jangeal. Ce dernier n\u2019oubliera pas de sit\u00f4t<br \/>\ncette premi\u00e8re.<\/p>\n<p>Avec les nombreuses absences dans son groupe, <strong>Luis<br \/>\nEnrique<\/strong> avait d\u00e9cid\u00e9 de convoquer plusieurs titis dans son<br \/>\ngroupe pour la rencontre entre le <strong>PSG<\/strong> et<br \/>\n<strong>Auxerre<\/strong> ce samedi soir dans le cadre de la sixi\u00e8me<br \/>\njourn\u00e9e de <strong>Ligue 1<\/strong> <a href=\"https:\/\/canal-supporters.com\/le-psg-gagne-de-deux-buts-contre-laja-mais-perd-deux-cadres\/\" title=\"\" target=\"_blank\" rel=\"noopener\">(2-0)<\/a>. Deux d\u2019entre eux sont entr\u00e9s en jeu,<br \/>\n<strong><a href=\"https:\/\/canal-supporters.com\/ndjantou-apres-son-premier-match-avec-le-psg-cetait-beaucoup-de-fierte\/\" title=\"\" target=\"_blank\" rel=\"noopener\">Quentin Ndjantou<\/a><\/strong> et <strong>Mathis<br \/>\nJangeal<\/strong>. Ce dernier a pris la place de <strong>Kang-in<br \/>\nLee<\/strong> lors des dix derni\u00e8res minutes de la rencontre. \u00c0<br \/>\nl\u2019issue de la rencontre, le titi parisien n\u2019a pas cach\u00e9 sa joie<br \/>\nd\u2019avoir pu faire ses d\u00e9buts avec son club de c\u0153ur.\u00a0<\/p>\n<p>A voir aussi : <a href=\"https:\/\/canal-supporters.com\/enrique-il-y-a-beaucoup-de-meilleurs-entraineurs-que-moi-mais-ils-nont-pas-les-joueurs-que-jai\/\" title=\"\" target=\"_blank\" rel=\"noopener\">Enrique : \u00ab\u00a0Il y a beaucoup de meilleurs entra\u00eeneurs<br \/>\nque moi, mais ils n\u2019ont pas les joueurs que j\u2019ai\u00a0\u00bb<\/a><\/p>\n<p><a href=\"https:\/\/x.com\/CanalSupporters\" target=\"_blank\" rel=\"noopener\" title=\"\">canalsupporters.com<\/a><\/p>\n<p>\u00ab\u00a0C\u2019est un<br \/>\njour qui restera \u00e0 jamais grav\u00e9 dans ma m\u00e9moire\u00a0\u00bb<\/p>\n<p>\u00ab\u00a0Je suis tr\u00e8s content d\u2019avoir pu faire mes d\u00e9buts avec<br \/>\nmon club de c\u0153ur, de rentrer comme \u00e7a au <strong>Parc des<br \/>\nPrinces<\/strong>. C\u2019est un jour qui restera \u00e0 jamais grav\u00e9 dans ma<br \/>\nm\u00e9moire, lance le titi parisien a micro de <a href=\"https:\/\/www.psg.fr\/content\/illia-zabarnyi-cest-bien-davoir-reussi-a-ne-pas-encaisser-de-but-reactions-paris-saint-germain-aj-auxerre-ligue-1-2025-2026\" target=\"_blank\" rel=\"noopener\" title=\"\">PSG TV<\/a>. Voir<br \/>\n<strong>Quentin<\/strong> rentrer, \u00e7a m\u2019a donn\u00e9 de la confiance,<br \/>\nj\u2019ai pu voir comment le match se d\u00e9roulait. Quand je suis rentr\u00e9,<br \/>\nj\u2019ai profit\u00e9 \u00e0 fond et j\u2019ai donn\u00e9 le maximum. Ce qui m\u2019a le plus<br \/>\nimpressionn\u00e9\u00a0? L\u2019intensit\u00e9 et le gabarit des joueurs, \u00e7a<br \/>\nchange de nos matches habituels.\u00a0\u00bb<\/p><\/p>\n","protected":false},"excerpt":{"rendered":"Image : PSG.fr Lors de la victoire du PSG ce soir contre Auxerre, Luis Enrique a lanc\u00e9 de&hellip;\n","protected":false},"author":2,"featured_media":423032,"comment_status":"","ping_status":"","sticky":false,"template":"","format":"standard","meta":{"footnotes":""},"categories":[1410],"tags":[55240,81,787,63,1011,27,55241,66,1611,55242,55243,626,91,92,93,55244,22625,17165,5211,55245,55246,55247,60,1616,1617,1618,1619,96],"class_list":{"0":"post-423031","1":"post","2":"type-post","3":"status-publish","4":"format-standard","5":"has-post-thumbnail","7":"category-football","8":"tag-6e-journee","9":"tag-canal-supporters","10":"tag-cs","11":"tag-football","12":"tag-fr","13":"tag-france","14":"tag-jangeal","15":"tag-ligue-1","16":"tag-ligue-1-macdonalds","17":"tag-mathis-jangeal","18":"tag-ndjantou","19":"tag-paris","20":"tag-paris-saint-germain","21":"tag-paris-sg","22":"tag-psg","23":"tag-psg-aj-auxerre","24":"tag-psg-aja","25":"tag-psg-auxerre","26":"tag-psg-tv","27":"tag-psgaja","28":"tag-quentin-ndjantou","29":"tag-sixieme-journee","30":"tag-sports","31":"tag-titis","32":"tag-titis-du-psg","33":"tag-titis-parisiens","34":"tag-titis-psg","35":"tag-une"},"share_on_mastodon":{"url":"https:\/\/pubeurope.com\/@fr\/115280241205110659","error":""},"_links":{"self":[{"href":"https:\/\/www.europesays.com\/fr\/wp-json\/wp\/v2\/posts\/423031","targetHints":{"allow":["GET"]}}],"collection":[{"href":"https:\/\/www.europesays.com\/fr\/wp-json\/wp\/v2\/posts"}],"about":[{"href":"https:\/\/www.europesays.com\/fr\/wp-json\/wp\/v2\/types\/post"}],"author":[{"embeddable":true,"href":"https:\/\/www.europesays.com\/fr\/wp-json\/wp\/v2\/users\/2"}],"replies":[{"embeddable":true,"href":"https:\/\/www.europesays.com\/fr\/wp-json\/wp\/v2\/comments?post=423031"}],"version-history":[{"count":0,"href":"https:\/\/www.europesays.com\/fr\/wp-json\/wp\/v2\/posts\/423031\/revisions"}],"wp:featuredmedia":[{"embeddable":true,"href":"https:\/\/www.europesays.com\/fr\/wp-json\/wp\/v2\/media\/423032"}],"wp:attachment":[{"href":"https:\/\/www.europesays.com\/fr\/wp-json\/wp\/v2\/media?parent=423031"}],"wp:term":[{"taxonomy":"category","embeddable":true,"href":"https:\/\/www.europesays.com\/fr\/wp-json\/wp\/v2\/categories?post=423031"},{"taxonomy":"post_tag","embeddable":true,"href":"https:\/\/www.europesays.com\/fr\/wp-json\/wp\/v2\/tags?post=423031"}],"curies":[{"name":"wp","href":"https:\/\/api.w.org\/{rel}","templated":true}]}}