{"id":423039,"date":"2025-09-28T05:25:16","date_gmt":"2025-09-28T05:25:16","guid":{"rendered":"https:\/\/www.europesays.com\/fr\/423039\/"},"modified":"2025-09-28T05:25:16","modified_gmt":"2025-09-28T05:25:16","slug":"young-thug-fait-polemique-avec-sa-whiteface-sur-la-cover-de-uy-scuti","status":"publish","type":"post","link":"https:\/\/www.europesays.com\/fr\/423039\/","title":{"rendered":"Young Thug fait pol\u00e9mique avec sa \u00ab\u00a0whiteface\u00a0\u00bb sur la cover de \u00ab\u00a0UY Scuti\u00a0\u00bb"},"content":{"rendered":"<p itemprop=\"description\"><strong>Le nouvel album de Young Thug est sorti, et tout le game ne parle que de \u00e7a.<\/strong><\/p>\n<p>C&rsquo;est <strong>la grosse sortie rap de la semaine<\/strong>, clairement u<strong>n des deux albums les plus attendus de cette fin d&rsquo;ann\u00e9e 2025<\/strong> avec celui de Cardi B : <a href=\"https:\/\/generations.fr\/news\/coulisse\/80230\/young-thug-demonte-kendrick-lamar-tu-ne-seras-jamais-plus-gros-que-drake\" target=\"_blank\" rel=\"noopener\"><strong>Young Thug<\/strong><\/a> a <strong>enfin d\u00e9livr\u00e9 son projet \u00ab\u00a0UY Scuti\u00a0\u00bb<\/strong>. Une sortie forc\u00e9ment scrut\u00e9e de pr\u00e8s, en raison de toutes <a href=\"https:\/\/generations.fr\/news\/musique\/80280\/young-thug-s-excuse-aupres-de-drake-lil-baby-gucci-mane-dans-son-tout-nouveau-morceau-man-i-miss-my-dogs\" target=\"_blank\" rel=\"noopener\">les pol\u00e9miques qui \u00e9clatent en ce moment autour de la sc\u00e8ne d&rsquo;Atlanta<\/a>, et dont Thugger est un des acteurs principaux. Et pour son premier album depuis sa sortie de prison tous les regards sont donc tourn\u00e9s vers lui, notamment <strong>\u00e0 cause de la \u00ab\u00a0whiteface\u00a0\u00bb sur sa cover.<\/strong><\/p>\n<p><a href=\"https:\/\/generations.fr\/news\/musique\/80315\/young-thug-son-album-uy-scuti-reporte-a-cause-des-clashs-avec-future-lil-baby-drake\" target=\"_blank\" rel=\"noopener\">Malgr\u00e9 un report un peu suspect la semaine derni\u00e8re<\/a>, la sortie s&rsquo;est finalement bien d\u00e9roul\u00e9e. Cependant, une pol\u00e9mique a \u00e9clat\u00e9 sur les r\u00e9seaux \u00e0 cause de <strong>la cover, sur laquelle Young Thug appara\u00eet en mode blanc, aux yeux bleus<\/strong>, ce qui peut clairement \u00eatre assimil\u00e9 \u00e0 une \u00ab\u00a0whiteface\u00a0\u00bb, chose qui n&rsquo;est pas trop appr\u00e9ci\u00e9e aux USA.<\/p>\n<p><strong>Mais musicalement, le projet semble pour le moment faire l&rsquo;unanimit\u00e9<\/strong>. On ne prend peut-\u00eatre pas les m\u00eames gifles qu&rsquo;\u00e0 l&rsquo;\u00e9poque du Rich Gang avec Rich Homie Quan et Birdman, mais il y a de <strong>tr\u00e8s bons morceaux, notamment \u00ab\u00a0Money on Money\u00a0\u00bb avec Future, \u00ab\u00a0Walk Down\u00a0\u00bb avec 21 Savage, \u00ab\u00a0Whaddup Jesus\u00a0\u00bb avec YFN Lucci, \u00ab\u00a0Pardon My Back\u00a0\u00bb avec Lil Baby, \u00e9videmment, ou encore \u00ab\u00a0I&rsquo;m So Dope\u00a0\u00bb<\/strong>, en solo cette fois.<\/p>\n<p>A voir maintenant comment \u00e7a se comporte dans les charts, face \u00e0 la concurrence de Cardi B sortie la semaine derni\u00e8re !<\/p><\/p>\n","protected":false},"excerpt":{"rendered":"Le nouvel album de Young Thug est sorti, et tout le game ne parle que de \u00e7a. C&rsquo;est&hellip;\n","protected":false},"author":2,"featured_media":423040,"comment_status":"","ping_status":"","sticky":false,"template":"","format":"standard","meta":{"footnotes":""},"categories":[1355],"tags":[3627,3628,3626,3632,3631,3630,3629,3649,3634,3647,3663,3625,3623,3646,2163,3648,3645,58,59,3660,1011,27,3612,3620,3606,3607,3605,3608,3665,3657,3622,3613,3617,3615,3609,3614,3659,3654,3643,3653,3650,3641,3636,3642,3638,3651,3635,1361,873,12,3624,626,3639,2189,3658,1825,3618,3616,3661,3656,3619,3621,3662,3640,3664,3633,3644,3611,3610,3637,1863,2955,3655,3652],"class_list":{"0":"post-423039","1":"post","2":"type-post","3":"status-publish","4":"format-standard","5":"has-post-thumbnail","7":"category-musique","8":"tag-3627","9":"tag-3628","10":"tag-3626","11":"tag-3632","12":"tag-3631","13":"tag-3630","14":"tag-3629","15":"tag-al-peco","16":"tag-alibi","17":"tag-alpeco","18":"tag-b2o","19":"tag-banlieue","20":"tag-black","21":"tag-booba","22":"tag-chroniques","23":"tag-despo","24":"tag-diams","25":"tag-divertissement","26":"tag-entertainment","27":"tag-exclus","28":"tag-fr","29":"tag-france","30":"tag-freestyles","31":"tag-funk","32":"tag-generation","33":"tag-generation88-2","34":"tag-generations","35":"tag-generations88-2","36":"tag-generationslive","37":"tag-genratio","38":"tag-grime","39":"tag-hip","40":"tag-hip-hop","41":"tag-hiphop","42":"tag-hiphopsoul","43":"tag-hop","44":"tag-hotlist","45":"tag-james","46":"tag-k1fry","47":"tag-kerry","48":"tag-larsen","49":"tag-lim","50":"tag-lskadrille","51":"tag-mafia","52":"tag-mctyer","53":"tag-medine","54":"tag-montana","55":"tag-music","56":"tag-musique","57":"tag-news","58":"tag-noir","59":"tag-paris","60":"tag-parishiphop","61":"tag-photos","62":"tag-playlist","63":"tag-radio","64":"tag-ragga","65":"tag-rap","66":"tag-rap-francais","67":"tag-rapfr","68":"tag-reggae","69":"tag-rnb","70":"tag-roh2f","71":"tag-rue","72":"tag-ruskov-molotov","73":"tag-sefyu","74":"tag-sinik","75":"tag-sons","76":"tag-soul","77":"tag-tandem","78":"tag-us","79":"tag-videos","80":"tag-webradio","81":"tag-youssoupha"},"share_on_mastodon":{"url":"","error":"Validation failed: Text character limit of 500 exceeded"},"_links":{"self":[{"href":"https:\/\/www.europesays.com\/fr\/wp-json\/wp\/v2\/posts\/423039","targetHints":{"allow":["GET"]}}],"collection":[{"href":"https:\/\/www.europesays.com\/fr\/wp-json\/wp\/v2\/posts"}],"about":[{"href":"https:\/\/www.europesays.com\/fr\/wp-json\/wp\/v2\/types\/post"}],"author":[{"embeddable":true,"href":"https:\/\/www.europesays.com\/fr\/wp-json\/wp\/v2\/users\/2"}],"replies":[{"embeddable":true,"href":"https:\/\/www.europesays.com\/fr\/wp-json\/wp\/v2\/comments?post=423039"}],"version-history":[{"count":0,"href":"https:\/\/www.europesays.com\/fr\/wp-json\/wp\/v2\/posts\/423039\/revisions"}],"wp:featuredmedia":[{"embeddable":true,"href":"https:\/\/www.europesays.com\/fr\/wp-json\/wp\/v2\/media\/423040"}],"wp:attachment":[{"href":"https:\/\/www.europesays.com\/fr\/wp-json\/wp\/v2\/media?parent=423039"}],"wp:term":[{"taxonomy":"category","embeddable":true,"href":"https:\/\/www.europesays.com\/fr\/wp-json\/wp\/v2\/categories?post=423039"},{"taxonomy":"post_tag","embeddable":true,"href":"https:\/\/www.europesays.com\/fr\/wp-json\/wp\/v2\/tags?post=423039"}],"curies":[{"name":"wp","href":"https:\/\/api.w.org\/{rel}","templated":true}]}}