{"id":423043,"date":"2025-09-28T05:32:24","date_gmt":"2025-09-28T05:32:24","guid":{"rendered":"https:\/\/www.europesays.com\/fr\/423043\/"},"modified":"2025-09-28T05:32:24","modified_gmt":"2025-09-28T05:32:24","slug":"revivez-la-fete-du-parc-des-princes-pour-son-ballon-dor-ousmane-dembele","status":"publish","type":"post","link":"https:\/\/www.europesays.com\/fr\/423043\/","title":{"rendered":"Revivez la f\u00eate du Parc des Princes pour son Ballon d\u2019Or Ousmane Demb\u00e9l\u00e9"},"content":{"rendered":"<p><img fetchpriority=\"high\" decoding=\"async\" alt=\"Luis Enrique, Ousmane Demb\u00e9l\u00e9 et Marquinhos avec les troph\u00e9es remport\u00e9s le 22\u00a0septembre lors de la c\u00e9r\u00e9monie du Ballon d\u2019Or\u00a0: meilleur entra\u00eeneur, meilleur joueur et meilleur club pour le PSG.\" class=\"mb-s@xs radius-0@xs radius-xxs@md c-img\" loading=\"eager\" width=\"640\" height=\"408\" src=\"https:\/\/img.20mn.fr\/SHoBGzHiQVKmBf5gsrXPkyk\/640x408_luis-enrique-ousmane-dembele-et-marquinhos-avec-les-trophees-remportes-le-22-septembre-lors-de-la-ceremonie-du-ballon-d-or-meilleur-entraineur-meilleur-joueur-et-meilleur-club-pour-le-psg\" \/>Adil Benayache\u2002\/\u00a0SIPA<\/p>\n<p>Luis Enrique, Ousmane Demb\u00e9l\u00e9 et Marquinhos avec les troph\u00e9es remport\u00e9s le 22\u00a0septembre lors de la c\u00e9r\u00e9monie du Ballon d\u2019Or\u00a0: meilleur entra\u00eeneur, meilleur joueur et meilleur club pour le PSG.<\/p>\n<p><img decoding=\"async\" alt=\"Ousmane Demb\u00e9l\u00e9 tenant le Ballon d\u2019Or au moment de recevoir les honneurs de tout le Parc des Princes.\" class=\"mb-s@xs radius-0@xs radius-xxs@md c-img\" loading=\"eager\" width=\"640\" height=\"408\" src=\"https:\/\/img.20mn.fr\/q4OHzqvASpKVVr1naIdceyk\/640x408_ousmane-dembele-winner-of-the-2025-ballon-d-or-arrived-at-the-parc-des-princes-to-celebrate-his-golden-triumph-with-the-supporters-following-the-ligue-1-mc-donald-s-french-football-championship-match-between-paris-saint-germain-and-aj-auxerre-at-the-parc-des-princes-paris-16th-arrondissement-september-27-2025-benayacheadil-a22i2811-credit-adil-benayache-sipa-2509280046\" \/>Adil Benayache\u2002\/\u00a0SIPA<\/p>\n<p>Ousmane Demb\u00e9l\u00e9 tenant le Ballon d\u2019Or au moment de recevoir les honneurs de tout le Parc des Princes.<\/p>\n<p><img decoding=\"async\" alt=\"Avant m\u00eame le coup d\u2019envoi de la rencontre entre le PSG et Auxerre, les supporteurs parisiens ont tenu \u00e0 rendre hommage \u00e0 leur nouveau Ballon d\u2019Or Ousmane Demb\u00e9l\u00e9.\" class=\"mb-s@xs radius-0@xs radius-xxs@md c-img\" loading=\"eager\" width=\"640\" height=\"408\" src=\"https:\/\/img.20mn.fr\/0zEKdf86QHGZgTokpKfBbCk\/640x408_a-banner-depicting-psg-s-ousmane-dembele-with-his-golden-ball-hangs-from-the-stands-before-the-french-league-one-soccer-match-between-paris-saint-germain-and-auxerre-at-the-parc-des-princes-in-paris-saturday-sept-27-2025-ap-photo-thibault-camus-xaf107-25270702774436-2509272135\" \/>Thibault Camus \/ AP\u2002\/\u00a0SIPA<\/p>\n<p>Avant m\u00eame le coup d\u2019envoi de la rencontre entre le PSG et Auxerre, les supporteurs parisiens ont tenu \u00e0 rendre hommage \u00e0 leur nouveau Ballon d\u2019Or Ousmane Demb\u00e9l\u00e9.<\/p>\n<p><img decoding=\"async\" alt=\"A la 54e minute, Lucas Beraldo y est all\u00e9 de son but, d\u2019une belle t\u00eate sur un centre bross\u00e9 de Senny Mayulu.\" class=\"mb-s@xs radius-0@xs radius-xxs@md c-img\" loading=\"eager\" width=\"640\" height=\"408\" src=\"https:\/\/img.20mn.fr\/SeJlMkJnRparFbJjVTW0nSk\/640x408_september-27-2025-paris-france-france-lucas-beraldo-of-psg-celebrates-his-goal-during-the-ligue-1-match-between-paris-saint-germain-psg-and-aj-auxerre-at-parc-des-princes-stadium-on-september-27-2025-in-paris-france-credit-image-matthieu-mirville-zuma-press-wire-20250927-zsp-m308-025-zeus-2509272247\" \/>Matthieu Mirville \/ Zuma Press Wire\u2002\/\u00a0SIPA<\/p>\n<p>A la 54e minute, Lucas Beraldo y est all\u00e9 de son but, d\u2019une belle t\u00eate sur un centre bross\u00e9 de Senny Mayulu.<\/p>\n<p><img decoding=\"async\" alt=\"Le d\u00e9fenseur Illya Zabarnyi avait auparavant marqu\u00e9 contre Auxerre d\u2019une reprise astucieuse du plat du pied \u00e0 la 32e minute.\" class=\"mb-s@xs radius-0@xs radius-xxs@md c-img\" loading=\"eager\" width=\"640\" height=\"408\" src=\"https:\/\/img.20mn.fr\/Fc6avavET4yFfPQ42ipAGSk\/640x408_september-27-2025-paris-france-france-illya-illia-zabarnyi-of-psg-celebrates-his-goal-during-the-ligue-1-match-between-paris-saint-germain-psg-and-aj-auxerre-at-parc-des-princes-stadium-on-september-27-2025-in-paris-france-credit-image-matthieu-mirville-zuma-press-wire-20250927-zsp-m308-020-zeus-2509272238\" \/>Matthieu Mirville \/ Zuma Press Wire\u2002\/\u00a0SIPA<\/p>\n<p>Le d\u00e9fenseur Illya Zabarnyi avait auparavant marqu\u00e9 contre Auxerre d\u2019une reprise astucieuse du plat du pied \u00e0 la 32e minute.<\/p>\n<p><img decoding=\"async\" alt=\"Luis Enrique a \u00e9galement eu le droit \u00e0 son tifo pour notamment le remercier de la victoire finale en Ligue des champions.\" class=\"mb-s@xs radius-0@xs radius-xxs@md c-img\" loading=\"eager\" width=\"640\" height=\"408\" src=\"https:\/\/img.20mn.fr\/SK6jTi49SDunKavfYxXXqSk\/640x408_luis-enrique-coach-of-paris-in-tifo-showing-him-holding-the-trophy-of-uefa-champions-league-and-other-cups-fot-these-season-made-by-ultras-fans-of-paris-during-the-ligue-1-mc-donald-s-french-football-championship-match-between-paris-saint-germain-and-aj-auxerre-at-the-parc-des-princes-paris-16th-arrondissement-september-27-2025-benayacheadil-a22i2687-credit-adil-benayache-sipa-2509272234\" \/>Adil Benayache\u2002\/\u00a0SIPA<\/p>\n<p>Luis Enrique a \u00e9galement eu le droit \u00e0 son tifo pour notamment le remercier de la victoire finale en Ligue des champions.<\/p>\n<p><img decoding=\"async\" alt=\"Nicolas Sarkozy a tent\u00e9 d\u2019oublier (un peu) sa condamnation \u00e0 cinq ans de prison, en assistant au match du club parisien.\" class=\"mb-s@xs radius-0@xs radius-xxs@md c-img\" loading=\"eager\" width=\"640\" height=\"408\" src=\"https:\/\/img.20mn.fr\/R22_57LjSlmMQpiE3ZoXpCk\/640x408_former-french-president-nicolas-sarkozy-attends-the-ligue-1-mc-donald-s-french-football-championship-match-between-paris-saint-germain-and-aj-auxerre-at-the-parc-des-princes-paris-16th-arrondissement-september-27-2025-benayacheadil-a22i2694-credit-adil-benayache-sipa-2509272219\" \/>Adil Benayache\u2002\/\u00a0SIPA<\/p>\n<p>Nicolas Sarkozy a tent\u00e9 d\u2019oublier (un peu) sa condamnation \u00e0 cinq ans de prison, en assistant au match du club parisien.<\/p>\n<p><img decoding=\"async\" alt=\"Un champion de football \u00e9changeant avec un champion du Rugby\u00a0: Ousmane Demb\u00e9l\u00e9 et Antoine Dupont r\u00e9unis au Parc des Princes.\" class=\"mb-s@xs radius-0@xs radius-xxs@md c-img\" loading=\"eager\" width=\"640\" height=\"408\" src=\"https:\/\/img.20mn.fr\/i9h_z5j5SK2BXuptt9NQjyk\/640x408_paris-saint-germain-s-french-forward-10-ousmane-dembele-speaks-with-toulouse-s-french-scrum-half-antoine-dupont-r-during-a-ceremony-after-the-french-l1-football-match-between-paris-saint-germain-psg-and-auxerre-at-the-parc-des-princes-stadium-in-paris-on-september-27-2025-photo-by-franck-fife-pool-afp\" \/>Franck Fife \/ Pool\u2002\/\u00a0AFP<\/p>\n<p>Un champion de football \u00e9changeant avec un champion du Rugby\u00a0: Ousmane Demb\u00e9l\u00e9 et Antoine Dupont r\u00e9unis au Parc des Princes.<\/p>\n<p><img decoding=\"async\" alt=\"Fan du PSG, le rappeur PLK a assur\u00e9 le show au Parc des Princes.\" class=\"mb-s@xs radius-0@xs radius-xxs@md c-img\" loading=\"eager\" width=\"640\" height=\"408\" src=\"https:\/\/img.20mn.fr\/l3KxMfN1TNesDRLLdglHHCk\/640x408_french-rapper-plk-performs-after-the-french-l1-football-match-between-paris-saint-germain-psg-and-auxerre-at-the-parc-des-princes-stadium-in-paris-on-september-27-2025-photo-by-franck-fife-pool-afp\" \/>Franck Fife \/ Pool\u2002\/\u00a0AFP<\/p>\n<p>Fan du PSG, le rappeur PLK a assur\u00e9 le show au Parc des Princes.<\/p>\n<p><img decoding=\"async\" alt=\"Ousmane Demb\u00e9l\u00e9, bless\u00e9, a pu profiter de la victoire de son club au c\u00f4t\u00e9 de Fabian Ruiz.\" class=\"mb-s@xs radius-0@xs radius-xxs@md c-img\" loading=\"eager\" width=\"640\" height=\"408\" src=\"https:\/\/img.20mn.fr\/1l8CjsatQDuuRtpCU9nqFSk\/640x408_paris-saint-germain-s-spanish-midfielder-08-fabian-ruiz-l-and-paris-saint-germain-s-french-forward-10-ousmane-dembele-r-look-on-from-the-stands-during-the-french-l1-football-match-between-paris-saint-germain-psg-and-auxerre-at-the-parc-des-princes-stadium-in-paris-on-september-27-2025-photo-by-franck-fife-afp\" \/>Franck Fife\u2002\/\u00a0AFP<\/p>\n<p>Ousmane Demb\u00e9l\u00e9, bless\u00e9, a pu profiter de la victoire de son club au c\u00f4t\u00e9 de Fabian Ruiz.<\/p>\n<p><img decoding=\"async\" alt=\"Ancien journaliste sportif, grand amateur de football, le com\u00e9dien Paul de Saint Sernin a pu appr\u00e9cier le spectacle depuis les tribunes.\" class=\"mb-s@xs radius-0@xs radius-xxs@md c-img\" loading=\"eager\" width=\"640\" height=\"408\" src=\"https:\/\/img.20mn.fr\/KqLU20-YQx6NSAeyhBmilyk\/640x408_french-comedian-paul-de-saint-sernin-looks-on-from-the-stands-during-the-french-l1-football-match-between-paris-saint-germain-psg-and-auxerre-at-the-parc-des-princes-stadium-in-paris-on-september-27-2025-photo-by-franck-fife-afp\" \/>Franck Fife\u2002\/\u00a0AFP<\/p>\n<p>Ancien journaliste sportif, grand amateur de football, le com\u00e9dien Paul de Saint Sernin a pu appr\u00e9cier le spectacle depuis les tribunes.<\/p>\n<p><img decoding=\"async\" alt=\"Comme son p\u00e8re, Jean Sarkozy \u00e9tait dans les tribunes pour applaudir le Ballon d\u2019Or Ousmane Demb\u00e9l\u00e9.\" class=\"mb-s@xs radius-0@xs radius-xxs@md c-img\" loading=\"eager\" width=\"640\" height=\"408\" src=\"https:\/\/img.20mn.fr\/0XZdjdCIR5KXJ8mMbiFB1Ck\/640x408_jean-sarkozy-during-the-french-championship-ligue-1-football-match-between-paris-saint-germain-and-aj-auxerre-on-27-september-2025-at-parc-des-princes-stadium-in-paris-france-photo-matthieu-mirville-dppi-photo-by-matthieu-mirville-via-afp\" \/>Matthieu Mirville \/ DPPI\u2002\/\u00a0AFP<\/p>\n<p>Comme son p\u00e8re, Jean Sarkozy \u00e9tait dans les tribunes pour applaudir le Ballon d\u2019Or Ousmane Demb\u00e9l\u00e9.<\/p>\n<p><img decoding=\"async\" alt=\"Audrey Crespo-Mara pr\u00e9sente pour voir le match alors que son fils S\u00e9kou Mara joue pour l\u2019AJ Auxerre.\" class=\"mb-s@xs radius-0@xs radius-xxs@md c-img\" loading=\"eager\" width=\"640\" height=\"408\" src=\"https:\/\/img.20mn.fr\/xC50_lKARvOXUu35AekAZik\/640x408_audrey-crespo-mara-during-the-french-championship-ligue-1-football-match-between-paris-saint-germain-and-aj-auxerre-on-27-september-2025-at-parc-des-princes-stadium-in-paris-france-photo-matthieu-mirville-dppi-photo-by-matthieu-mirville\" \/>Matthieu Mirville \/ DPPI\u2002\/\u00a0AFP<\/p>\n<p>Audrey Crespo-Mara pr\u00e9sente pour voir le match alors que son fils S\u00e9kou Mara joue pour l\u2019AJ Auxerre.<\/p>\n<p><img decoding=\"async\" alt=\"Ousmane Demb\u00e9l\u00e9 tout sourire avec le Ballon d\u2019Or devant des supporteurs du club de la capitale.\" class=\"mb-s@xs radius-0@xs radius-xxs@md c-img\" loading=\"eager\" width=\"640\" height=\"408\" src=\"https:\/\/img.20mn.fr\/qNXwFmrASqSapIyWlGZWnyk\/640x408_paris-saint-germain-s-french-forward-10-ousmane-dembele-holds-the-ballon-d-or-trophy-during-a-ceremony-after-the-french-l1-football-match-between-paris-saint-germain-psg-and-auxerre-at-the-parc-des-princes-stadium-in-paris-on-september-27-2025-photo-by-franck-fife-pool-afp\" \/>Franck Fife \/ Pool\u2002\/\u00a0AFP<\/p>\n<p>Ousmane Demb\u00e9l\u00e9 tout sourire avec le Ballon d\u2019Or devant des supporteurs du club de la capitale.<\/p>\n","protected":false},"excerpt":{"rendered":"Adil Benayache\u2002\/\u00a0SIPA Luis Enrique, Ousmane Demb\u00e9l\u00e9 et Marquinhos avec les troph\u00e9es remport\u00e9s le 22\u00a0septembre lors de la c\u00e9r\u00e9monie&hellip;\n","protected":false},"author":2,"featured_media":423044,"comment_status":"","ping_status":"","sticky":false,"template":"","format":"standard","meta":{"footnotes":""},"categories":[9],"tags":[4428,454,6196,63,1011,27,66,921,791,2782,2332,60,133],"class_list":{"0":"post-423043","1":"post","2":"type-post","3":"status-publish","4":"format-standard","5":"has-post-thumbnail","7":"category-sports","8":"tag-aj-auxerre","9":"tag-ballon-dor","10":"tag-diaporamas","11":"tag-football","12":"tag-fr","13":"tag-france","14":"tag-ligue-1","15":"tag-luis-enrique","16":"tag-marquinhos","17":"tag-ousmane-dembele","18":"tag-paris-saint-germain-psg","19":"tag-sports","20":"tag-video"},"share_on_mastodon":{"url":"https:\/\/pubeurope.com\/@fr\/115280291730702193","error":""},"_links":{"self":[{"href":"https:\/\/www.europesays.com\/fr\/wp-json\/wp\/v2\/posts\/423043","targetHints":{"allow":["GET"]}}],"collection":[{"href":"https:\/\/www.europesays.com\/fr\/wp-json\/wp\/v2\/posts"}],"about":[{"href":"https:\/\/www.europesays.com\/fr\/wp-json\/wp\/v2\/types\/post"}],"author":[{"embeddable":true,"href":"https:\/\/www.europesays.com\/fr\/wp-json\/wp\/v2\/users\/2"}],"replies":[{"embeddable":true,"href":"https:\/\/www.europesays.com\/fr\/wp-json\/wp\/v2\/comments?post=423043"}],"version-history":[{"count":0,"href":"https:\/\/www.europesays.com\/fr\/wp-json\/wp\/v2\/posts\/423043\/revisions"}],"wp:featuredmedia":[{"embeddable":true,"href":"https:\/\/www.europesays.com\/fr\/wp-json\/wp\/v2\/media\/423044"}],"wp:attachment":[{"href":"https:\/\/www.europesays.com\/fr\/wp-json\/wp\/v2\/media?parent=423043"}],"wp:term":[{"taxonomy":"category","embeddable":true,"href":"https:\/\/www.europesays.com\/fr\/wp-json\/wp\/v2\/categories?post=423043"},{"taxonomy":"post_tag","embeddable":true,"href":"https:\/\/www.europesays.com\/fr\/wp-json\/wp\/v2\/tags?post=423043"}],"curies":[{"name":"wp","href":"https:\/\/api.w.org\/{rel}","templated":true}]}}