{"id":423047,"date":"2025-09-28T05:34:11","date_gmt":"2025-09-28T05:34:11","guid":{"rendered":"https:\/\/www.europesays.com\/fr\/423047\/"},"modified":"2025-09-28T05:34:11","modified_gmt":"2025-09-28T05:34:11","slug":"ce-qui-sest-passe-lors-de-la-derniere-experience-des-partisans-de-la-terre-plate-en-antarctique","status":"publish","type":"post","link":"https:\/\/www.europesays.com\/fr\/423047\/","title":{"rendered":"Ce qui s&rsquo;est pass\u00e9 lors de la \u00ab derni\u00e8re exp\u00e9rience \u00bb des partisans de la Terre plate en Antarctique"},"content":{"rendered":"<p class=\"whitespace-normal break-words\"><strong>En d\u00e9cembre 2024,<br \/>\nhuit personnes ont entrepris l\u2019un des voyages les plus insolites de<br \/>\nl\u2019histoire scientifique moderne. Quatre partisans convaincus de la<br \/>\nth\u00e9orie de la Terre plate et quatre d\u00e9fenseurs de la science<br \/>\ntraditionnelle ont mis le cap vers <a href=\"https:\/\/sciencepost.fr\/ce-grand-predateur-de-lantarctique-chantonne-des-comptines-de-13-heures-pour-seduire-ses-partenaires\/\" target=\"_blank\" rel=\"noopener nofollow\">l\u2019Antarctique<\/a> pour une<br \/>\nconfrontation directe avec la r\u00e9alit\u00e9. Cette exp\u00e9dition, baptis\u00e9e<br \/>\n\u00ab\u00a0L\u2019Exp\u00e9rience Finale\u00a0\u00bb, devait trancher d\u00e9finitivement<br \/>\nun d\u00e9bat qui perdure malgr\u00e9 des si\u00e8cles de preuves scientifiques.<br \/>\nLe r\u00e9sultat de cette aventure extraordinaire r\u00e9v\u00e8le autant sur la<br \/>\nnature humaine que sur la forme de notre plan\u00e8te.<\/strong><\/p>\n<p>Une<br \/>\ninitiative n\u00e9e de la frustration<\/p>\n<p class=\"whitespace-normal break-words\">Will Duffy, pasteur du<br \/>\nColorado et organisateur de cette exp\u00e9dition, avait v\u00e9cu une<br \/>\nexp\u00e9rience frustrante qui allait changer sa perspective sur le<br \/>\nd\u00e9bat scientifique. Confront\u00e9 \u00e0 des proches qui persistaient \u00e0<br \/>\ncroire en une Terre plate malgr\u00e9 ses arguments, il avait r\u00e9alis\u00e9<br \/>\nque les discussions th\u00e9oriques ne suffisaient plus.<\/p>\n<p class=\"whitespace-normal break-words\">Sa solution fut aussi<br \/>\naudacieuse que pragmatique : <a href=\"https:\/\/www.prnewswire.com\/news-releases\/pastor-taking-flat-earthers-to-antarctica-to-end-the-debate-302322775.html\" target=\"_blank\" rel=\"noopener nofollow\">emmener directement les sceptiques<br \/>\nl\u00e0 o\u00f9 la r\u00e9alit\u00e9 ne pourrait plus \u00eatre ni\u00e9e<\/a>. Trois ann\u00e9es de<br \/>\npr\u00e9paration minutieuse ont \u00e9t\u00e9 n\u00e9cessaires pour concr\u00e9tiser ce<br \/>\nprojet ambitieux, transformant un d\u00e9fi personnel en exp\u00e9rience<br \/>\nscientifique publique.<\/p>\n<p class=\"whitespace-normal break-words\">Duffy avait m\u00eame pris un<br \/>\nengagement solennel : si le ph\u00e9nom\u00e8ne qu\u2019il comptait d\u00e9montrer ne<br \/>\nse produisait pas, il admettrait publiquement que la Terre pourrait<br \/>\neffectivement \u00eatre plate. Cette promesse t\u00e9moignait de sa confiance<br \/>\nabsolue dans les faits scientifiques.<\/p>\n<p>Le Soleil<br \/>\nde minuit : une preuve irr\u00e9futable<\/p>\n<p class=\"whitespace-normal break-words\">Le choix de l\u2019Antarctique<br \/>\nn\u2019\u00e9tait pas fortuit. Durant l\u2019\u00e9t\u00e9 austral, ce continent offre l\u2019un<br \/>\ndes spectacles naturels les plus d\u00e9monstratifs de la sph\u00e9ricit\u00e9<br \/>\nterrestre : le Soleil de minuit. Ce ph\u00e9nom\u00e8ne, o\u00f9 l\u2019astre solaire<br \/>\nreste visible jour et nuit pendant plusieurs mois, r\u00e9sulte de<br \/>\nl\u2019inclinaison de la Terre sur son axe.<\/p>\n<p class=\"whitespace-normal break-words\">Dans un mod\u00e8le de Terre<br \/>\nplate o\u00f9 le Soleil tournerait au-dessus de la surface comme un<br \/>\nprojecteur cosmique, ce ph\u00e9nom\u00e8ne serait physiquement impossible.<br \/>\nL\u2019observation directe de ce Soleil perp\u00e9tuel constitue donc une<br \/>\nr\u00e9futation d\u00e9finitive de cette th\u00e9orie alternative.<\/p>\n<p class=\"whitespace-normal break-words\">Certains partisans de la<br \/>\nTerre plate avan\u00e7aient d\u2019ailleurs que le Trait\u00e9 sur l\u2019Antarctique<br \/>\nde 1959 interdisait l\u2019acc\u00e8s au continent pour dissimuler cette<br \/>\nv\u00e9rit\u00e9. Cette exp\u00e9dition d\u00e9montrait \u00e9galement la fausset\u00e9 de cette<br \/>\naffirmation conspirationniste.<\/p>\n<p>Des<br \/>\nr\u00e9v\u00e9lations et des r\u00e9sistances<\/p>\n<p class=\"whitespace-normal break-words\">Les r\u00e9sultats de<br \/>\nl\u2019exp\u00e9rience ont produit des r\u00e9actions contrast\u00e9es parmi les<br \/>\nparticipants. Jeran Campanella, figure embl\u00e9matique du mouvement<br \/>\nplatiste, a fait preuve d\u2019une honn\u00eatet\u00e9 remarquable en<br \/>\nreconnaissant son erreur. Sa d\u00e9claration publique, admettant s\u2019\u00eatre<br \/>\ntromp\u00e9 sur l\u2019existence du Soleil de minuit, illustre la capacit\u00e9<br \/>\nhumaine \u00e0 \u00e9voluer face aux preuves.<\/p>\n<p class=\"whitespace-normal break-words\">Cette confession n\u2019\u00e9tait<br \/>\npas sans co\u00fbt personnel. Campanella anticipait les critiques de sa<br \/>\ncommunaut\u00e9, reconnaissant qu\u2019il serait probablement trait\u00e9 de<br \/>\n\u00ab\u00a0charlatan\u00a0\u00bb pour avoir chang\u00e9 d\u2019opinion. Sa d\u00e9marche<br \/>\nt\u00e9moigne du courage n\u00e9cessaire pour remettre en question ses<br \/>\npropres convictions.<\/p>\n<p class=\"whitespace-normal break-words\">Cependant, tous les<br \/>\nparticipants n\u2019ont pas r\u00e9agi de la m\u00eame mani\u00e8re. Austin Whitsitt,<br \/>\nautre personnalit\u00e9 influente du mouvement, a choisi une approche<br \/>\ndiff\u00e9rente. Bien qu\u2019acceptant l\u2019observation du Soleil de minuit, il<br \/>\ncherchait d\u00e9j\u00e0 des explications alternatives permettant de<br \/>\nmaintenir la th\u00e9orie de la Terre plate.<\/p>\n<p><img loading=\"lazy\" data-lazyloaded=\"1\" decoding=\"async\" class=\"size-full wp-image-283078\" src=\"https:\/\/www.europesays.com\/fr\/wp-content\/uploads\/2025\/09\/iStock-1021532062.jpg\" alt=\"volcans antarctique terre plate\" width=\"1254\" height=\"836\"  data-\/><\/p>\n<p class=\"istock-credit\" style=\"text-align:center\">Cr\u00e9dit :<br \/>\niStock<\/p>\n<p>Cr\u00e9dits : James Moore\/istock<br \/>\nL\u2019adaptabilit\u00e9 des croyances conspirationnistes<\/p>\n<p class=\"whitespace-normal break-words\">Cette exp\u00e9rience r\u00e9v\u00e8le un<br \/>\naspect fascinant de la psychologie des th\u00e9ories du complot : leur<br \/>\nremarquable capacit\u00e9 d\u2019adaptation. Face \u00e0 une preuve irr\u00e9futable,<br \/>\ncertains esprits pr\u00e9f\u00e8rent complexifier leur mod\u00e8le explicatif<br \/>\nplut\u00f4t que d\u2019abandonner leurs convictions fondamentales.<\/p>\n<p class=\"whitespace-normal break-words\">Cette flexibilit\u00e9<br \/>\nth\u00e9orique explique pourquoi \u00ab\u00a0L\u2019Exp\u00e9rience Finale\u00a0\u00bb n\u2019a<br \/>\nparadoxalement rien finalis\u00e9 du tout. Malgr\u00e9 son nom dramatique et<br \/>\nses ambitions d\u00e9finitives, elle n\u2019a pas r\u00e9ussi \u00e0 convaincre<br \/>\nl\u2019ensemble des participants de la r\u00e9alit\u00e9 sph\u00e9rique de notre<br \/>\nplan\u00e8te.<\/p>\n<p>Les<br \/>\nlimites de la d\u00e9monstration empirique<\/p>\n<p class=\"whitespace-normal break-words\">Cette aventure antarctique<br \/>\nsoul\u00e8ve des questions profondes sur la nature de la connaissance et<br \/>\nde la conviction. Elle d\u00e9montre que m\u00eame l\u2019observation directe ne<br \/>\nsuffit pas toujours \u00e0 modifier des croyances profond\u00e9ment ancr\u00e9es.<br \/>\nLa confrontation entre faits observables et interpr\u00e9tations<br \/>\nsubjectives r\u00e9v\u00e8le la complexit\u00e9 du processus de changement<br \/>\nconceptuel.<\/p>\n<p class=\"whitespace-normal break-words\">L\u2019exp\u00e9rience illustre<br \/>\n\u00e9galement pourquoi la communaut\u00e9 scientifique s\u2019appuie sur des<br \/>\nm\u00e9thodes rigoureuses et reproductibles plut\u00f4t que sur des<br \/>\nd\u00e9monstrations ponctuelles. La science progresse par accumulation<br \/>\nde preuves convergentes, pas par r\u00e9v\u00e9lations spectaculaires.<\/p>\n<p>Un miroir<br \/>\nde notre \u00e9poque<\/p>\n<p class=\"whitespace-normal break-words\">Au-del\u00e0 de l\u2019anecdote,<br \/>\ncette exp\u00e9dition refl\u00e8te les d\u00e9fis \u00e9pist\u00e9mologiques de notre \u00e8re<br \/>\nnum\u00e9rique. Dans un monde o\u00f9 chacun peut acc\u00e9der \u00e0 des informations<br \/>\ncontradictoires, la distinction entre savoir \u00e9tabli et opinion<br \/>\npersonnelle devient parfois floue.<\/p>\n<p class=\"whitespace-normal break-words\">L\u2019histoire de<br \/>\n\u00ab\u00a0L\u2019Exp\u00e9rience Finale\u00a0\u00bb rappelle que la v\u00e9rit\u00e9<br \/>\nscientifique ne se d\u00e9cr\u00e8te pas par consensus ou par d\u00e9monstration<br \/>\nponctuelle, mais se construit par l\u2019accumulation patiente<br \/>\nd\u2019observations coh\u00e9rentes et de th\u00e9ories \u00e9prouv\u00e9es.<\/p>\n","protected":false},"excerpt":{"rendered":"En d\u00e9cembre 2024, huit personnes ont entrepris l\u2019un des voyages les plus insolites de l\u2019histoire scientifique moderne. Quatre&hellip;\n","protected":false},"author":2,"featured_media":423048,"comment_status":"","ping_status":"","sticky":false,"template":"","format":"standard","meta":{"footnotes":""},"categories":[7],"tags":[1011,27,43,40,41,39,42,44],"class_list":{"0":"post-423047","1":"post","2":"type-post","3":"status-publish","4":"format-standard","5":"has-post-thumbnail","7":"category-sciences-et-technologies","8":"tag-fr","9":"tag-france","10":"tag-science","11":"tag-science-and-technology","12":"tag-sciences","13":"tag-sciences-et-technologies","14":"tag-technologies","15":"tag-technology"},"share_on_mastodon":{"url":"https:\/\/pubeurope.com\/@fr\/115280299289444561","error":""},"_links":{"self":[{"href":"https:\/\/www.europesays.com\/fr\/wp-json\/wp\/v2\/posts\/423047","targetHints":{"allow":["GET"]}}],"collection":[{"href":"https:\/\/www.europesays.com\/fr\/wp-json\/wp\/v2\/posts"}],"about":[{"href":"https:\/\/www.europesays.com\/fr\/wp-json\/wp\/v2\/types\/post"}],"author":[{"embeddable":true,"href":"https:\/\/www.europesays.com\/fr\/wp-json\/wp\/v2\/users\/2"}],"replies":[{"embeddable":true,"href":"https:\/\/www.europesays.com\/fr\/wp-json\/wp\/v2\/comments?post=423047"}],"version-history":[{"count":0,"href":"https:\/\/www.europesays.com\/fr\/wp-json\/wp\/v2\/posts\/423047\/revisions"}],"wp:featuredmedia":[{"embeddable":true,"href":"https:\/\/www.europesays.com\/fr\/wp-json\/wp\/v2\/media\/423048"}],"wp:attachment":[{"href":"https:\/\/www.europesays.com\/fr\/wp-json\/wp\/v2\/media?parent=423047"}],"wp:term":[{"taxonomy":"category","embeddable":true,"href":"https:\/\/www.europesays.com\/fr\/wp-json\/wp\/v2\/categories?post=423047"},{"taxonomy":"post_tag","embeddable":true,"href":"https:\/\/www.europesays.com\/fr\/wp-json\/wp\/v2\/tags?post=423047"}],"curies":[{"name":"wp","href":"https:\/\/api.w.org\/{rel}","templated":true}]}}