{"id":42305,"date":"2025-04-21T20:17:07","date_gmt":"2025-04-21T20:17:07","guid":{"rendered":"https:\/\/www.europesays.com\/fr\/42305\/"},"modified":"2025-04-21T20:17:07","modified_gmt":"2025-04-21T20:17:07","slug":"pres-de-rouen-ce-maire-ne-se-representera-pas-en-2026","status":"publish","type":"post","link":"https:\/\/www.europesays.com\/fr\/42305\/","title":{"rendered":"pr\u00e8s de Rouen, ce maire ne se repr\u00e9sentera pas en 2026"},"content":{"rendered":"<p>            Par<br \/>\n        <strong><br \/>\n            <a href=\"https:\/\/actu.fr\/auteur\/aurelien-delavaud\" title=\"Consulter tous les articles de Aur\u00e9lien Delavaud\" rel=\"nofollow noopener\" target=\"_blank\">Aur\u00e9lien Delavaud<\/a><br \/>\n        <\/strong><\/p>\n<p>        Publi\u00e9 le<\/p>\n<p>            21 avr. 2025 \u00e0 21h11        <\/p>\n<p>Ne pas faire le mandat de trop. Prendre du temps pour lui. S\u2019\u00e9loigner de la pression permanente et des critiques qui p\u00e8sent sur les \u00e9paules des <b>\u00e9lus de proximit\u00e9<\/b>.<\/p>\n<p class=\" wall-content\">Apr\u00e8s une m\u00fbre r\u00e9flexion, <b>Fr\u00e9d\u00e9ric Marche<\/b> a d\u00e9cid\u00e9 de ne pas se pr\u00e9senter pour sa propre succession, \u00e0 la t\u00eate de la mairie de <a href=\"https:\/\/actu.fr\/normandie\/cleon_76178\" rel=\"nofollow noopener\" target=\"_blank\">Cl\u00e9on (Seine-Maritime)<\/a>, lors des prochaines <b>\u00e9lections municipales<\/b>.<\/p>\n<p class=\" wall-content\">Un an avant la fin de son mandat, il se confie.<\/p>\n<p class=\"ac-article-content__question wall-content\">Pourquoi avoir choisi ce moment pour annoncer votre d\u00e9cision ?<\/p>\n<p class=\" wall-content\">Parce que je suis tomb\u00e9 en retraite le 1er\u00a0avril. Je me suis dit : c\u2019est un clin d\u2019\u0153il d\u2019arr\u00eater une activit\u00e9 professionnelle dans une entreprise que j\u2019ai fr\u00e9quent\u00e9e pendant 40\u00a0ans et de se dire qu\u2019il faut passer \u00e0 autre chose. J\u2019ai envie de vivre ma vie autrement, m\u00eame si j\u2019ai encore mon mandat de conseiller d\u00e9partemental qui va courir jusqu\u2019en 2028.<\/p>\n<p class=\"ac-article-content__question wall-content\">Quelles sont les raisons qui vous ont pouss\u00e9 \u00e0 ne pas vous repr\u00e9senter ?<\/p>\n<p class=\" wall-content\">Cela fait 10\u00a0ans que je suis \u00e9lu maire. Je pense que j\u2019ai essay\u00e9, comme dans ma vie professionnelle, d\u2019\u00e9voluer dans mes fonctions. \u00c7a ne veut pas dire que je vais \u00eatre candidat aux l\u00e9gislatives ou pour un poste de s\u00e9nateur ! Il y a eu un autre \u00e9l\u00e9ment aussi : j\u2019ai \u00e9t\u00e9 op\u00e9r\u00e9 d\u00e9but janvier et pendant 15\u00a0jours, trois semaines, je n\u2019ai rien fait. Je me suis rendu compte que je n\u2019avais plus la pression quotidienne \u00e0 laquelle les maires sont soumis. Il y a aussi un moment o\u00f9 l\u2019on n\u2019a plus envie de se prendre des coups injustement.<\/p>\n<p class=\"ac-article-content__question wall-content\">Au cours de ce mandat, vous avez d\u00e9nonc\u00e9 des attaques personnelles, autour des affaires du Sillage ou du bar Le P\u2019tit tranquile\u2026 Est-ce que \u00e7a a pes\u00e9 dans votre d\u00e9cision ?<\/p>\n<p class=\" wall-content\">S\u2019il n\u2019y avait que \u00e7a, non. Il y a une usure et une inqui\u00e9tude pour les \u00e9lus qui exercent au quotidien. \u00catre maire, c\u2019est un mandat formidable. On est dans l\u2019op\u00e9rationnel, on fait les choses. Mais aussi on s\u2019expose, on est appel\u00e9 \u00e0 \u00eatre critiqu\u00e9. Le monde d\u2019aujourd\u2019hui m\u2019inqui\u00e8te et je n\u2019ai pas envie de faire le match de trop, je crois que je n\u2019aurais plus la patience.<\/p>\n<p>Vid\u00e9os : en ce moment sur Actu<\/p>\n<p class=\"ac-article-content__question wall-content\">Dans ces conditions, vous comptez tout de m\u00eame aller au bout de votre mandat de conseiller d\u00e9partemental ?<\/p>\n<p class=\" wall-content\">Ce mandat me pla\u00eet \u00e9norm\u00e9ment parce qu\u2019il est compl\u00e9mentaire \u00e0 l\u2019action de maire. Et puis moi j\u2019ai pris une responsabilit\u00e9. Le pr\u00e9sident du d\u00e9partement m\u2019a confi\u00e9 la gestion des ressources humaines, d\u2019une boutique de pr\u00e8s de 5 400 agents. Quand on n\u2019est pas \u00e0 la t\u00eate de l\u2019ex\u00e9cutif, on est moins expos\u00e9 et on ne prend pas les choses de la m\u00eame fa\u00e7on, tout en travaillant pour un collectif.<\/p>\n<p class=\"ac-article-content__question wall-content\">Vous pourriez envisager de vous repr\u00e9senter pour ce mandat en 2028 ou vous vous retirerez d\u00e9finitivement de la vie politique locale ?<\/p>\n<p class=\" wall-content\">De toute fa\u00e7on, il y a une \u00e9vidence, c\u2019est que le t\u00e9l\u00e9phone va beaucoup moins sonner \u00e0 la fin mars 2026. On est vite oubli\u00e9. On se rappelait des hommes politiques et des maires, dans leurs villes, il y a quelques ann\u00e9es. Je ne sais pas si je laisserai quelque chose\u2026 Comme je le dis souvent de fa\u00e7on humoristique, si demain on envisage de mettre quelque chose \u00e0 mon nom, de gr\u00e2ce qu\u2019on ne mette pas une impasse ! Plus s\u00e9rieusement, apr\u00e8s 2028, je verrai avec ma coll\u00e8gue Nadia Mezrar. Il n\u2019y a pas vraiment de raison de continuer non plus\u2026 Mais ce n\u2019est pas la question du moment.<\/p>\n<p>Bio express<\/p>\n<p>Fr\u00e9d\u00e9ric Marche<br \/>&#13;<br \/>\n61 ans<br \/>&#13;<br \/>\nParti radical de gauche puis Parti socialiste<br \/>&#13;<br \/>\nEn couple et p\u00e8re d&rsquo;une fille<br \/>&#13;<br \/>\nRetrait\u00e9 de la Caisse d&rsquo;\u00e9pargne, directeur d&rsquo;agence<br \/>&#13;<br \/>\n\u00c9lu conseiller municipal au Neubourg en 1995<br \/>&#13;<br \/>\nArriv\u00e9 \u00e0 Cl\u00e9on en 2002<br \/>&#13;<br \/>\n\u00c9lu conseiller municipal \u00e0 Cl\u00e9on en 2008, en charge du commerce<br \/>&#13;<br \/>\nMaire de Cl\u00e9on depuis juillet 2015<\/p>\n<p class=\"ac-article-content__question wall-content\">Pour 2026, vous avez envisag\u00e9 de vous repr\u00e9senter sur une liste, sans en prendre la t\u00eate, pour continuer votre engagement et accompagner un successeur ?<\/p>\n<p class=\" wall-content\">La question est pos\u00e9e et elle n\u2019est pas tranch\u00e9e. Pas en \u00e9tant \u00e9lu, pourquoi pas en fin de liste ou le temps de la campagne. J\u2019aiderai la personne qui sera appel\u00e9e \u00e0 me remplacer, celle qui sera d\u00e9sign\u00e9e par l\u2019\u00e9quipe, mais aussi les autres \u00e9lus qui repartiront. Il faut choisir le bon candidat, qui continuera \u00e0 porter le travail qu\u2019on a engag\u00e9, c\u2019est \u00e7a l\u2019essentiel.<\/p>\n<p class=\"ac-article-content__question wall-content\">Vous tenez \u00e0 ce qu\u2019il y ait une continuit\u00e9 ?<\/p>\n<p class=\" wall-content\">Oui. Pour des dossiers complexes, comme le renouvellement urbain, on a des \u00e9lus qui ma\u00eetrisent le sujet et qui travaillent bien. Pour la ville, sinon, ce serait une perte de temps.<\/p>\n<p class=\"ac-article-content__question wall-content\">Annoncer votre d\u00e9cision un an avant les \u00e9lections, c\u2019est aussi pour prendre le temps de trouver votre successeur ?<\/p>\n<p class=\" wall-content\">Oui, justement. J\u2019avais envisag\u00e9 \u00e0 un moment de faire l\u2019annonce un peu plus tardivement, mais je pense que ma situation de sant\u00e9 m\u2019a pouss\u00e9 \u00e0 prendre une d\u00e9cision et \u00e0 faire monter en charge ceux qui demain voudront prendre la suite. Il peut y avoir aussi l\u2019apport de nouveaux candidats, de gens qui ne sont pas impliqu\u00e9s dans la vie municipale, qui demain prendront des responsabilit\u00e9s pour assurer un renouvellement.<\/p>\n<p class=\"ac-article-content__question wall-content\">Ne pas vous repr\u00e9senter, ce n\u2019est pas une d\u00e9mission. Quels seront vos projets et vos priorit\u00e9s pour cette derni\u00e8re ann\u00e9e de mandat ?<\/p>\n<p class=\" wall-content\">On est dans le renouvellement urbain, qu\u2019il faut encore accompagner. D\u2019ailleurs, il y aura des livraisons pour 2026. Peu importe que ce soit au premier trimestre ou pas\u2026 Il y a le sujet du commerce, avec un travail qui a \u00e9t\u00e9 engag\u00e9 place Saint-Roch avec un projet d\u2019agrandissement de la pharmacie, les cases libres pourraient trouver preneur, on r\u00e9fl\u00e9chit \u00e0 un projet m\u00e9dical\u2026 Il ne faut pas faire r\u00eaver les gens, il faut parler de choses telles qu\u2019on les vit au quotidien.<\/p>\n<p class=\"ac-article-content__question wall-content\">Pendant ces ann\u00e9es \u00e0 la t\u00eate de la Ville, quel est le meilleur souvenir que vous conservez ?<\/p>\n<p class=\" wall-content\">Les Cl\u00e9onnais et ceux qui n\u2019habitent pas Cl\u00e9on, qui disent que la ville s\u2019est transform\u00e9e. Notre titre de campagne, c\u2019\u00e9tait \u00ab Aimons et transformons Cl\u00e9on \u00bb. Je pense que notre liste refl\u00e8te ce qui est aujourd\u2019hui, m\u00eame si le boulot n\u2019est pas encore fini. On voit qu\u2019il y a eu une am\u00e9lioration, l\u2019image de la ville a totalement chang\u00e9, il y a eu un d\u00e9veloppement \u00e9conomique avec la jardinerie, Ferrero qui arrive, Ebusco qui sort ses premiers bus\u2026 Tout \u00e7a, c\u2019est une grande victoire.<\/p>\n<p class=\"ac-article-content__question wall-content\">Et \u00e0 l\u2019inverse, une d\u00e9ception ?<\/p>\n<p class=\" wall-content\">Les gens du voyage ! \u00c7a a \u00e9t\u00e9 ma b\u00eate noire. \u00c7a a commenc\u00e9 d\u00e8s le jour de l\u2019installation du conseil municipal, ils avaient forc\u00e9 l\u2019acc\u00e8s au parc sportif depuis la RD7\u2026 \u00c7a m\u2019a min\u00e9, parce que j\u2019ai ressenti une grande solitude. M\u00e9tropole, \u00c9tat, on vous explique qu\u2019il y a des r\u00e8glements\u2026 Nous, on ne peut pas accueillir autant de caravanes.<\/p>\n<p class=\"ac-article-content__question wall-content\">Avez-vous aussi des regrets concernant un beau projet, que vous auriez aim\u00e9 r\u00e9aliser, mais qui n\u2019a pas pu voir le jour ?<\/p>\n<p class=\" wall-content\">Il y avait le projet d\u2019extension sur La Traverse, avec une salle qui aurait pu servir un peu \u00e0 tout et un studio d\u2019enregistrement. Dans le temps, il y avait Le Bunker \u00e0 Boby-Lapointe, c\u2019\u00e9tait une salle d\u2019enregistrement. Il faut rappeler qu\u2019il y a une culture musicale \u00e0 Cl\u00e9on, comme avec King Riddim. Il y avait ce projet, mais sur le plan financier on ne pouvait pas tout faire. Il y avait aussi l\u2019id\u00e9e d\u2019avoir une belle salle des f\u00eates, propre. Parce que l\u00e0, on a un vieux machin.<\/p>\n<p class=\"ac-article-content__question wall-content\">Pour terminer sur une note plus personnelle, \u00e0 quoi va ressembler votre retraite dans un an ? Comment allez-vous vous occuper ?<\/p>\n<p class=\" wall-content\">En ayant d\u00e9j\u00e0 fait passer l\u2019information, j\u2019ai \u00e9t\u00e9 appel\u00e9 ! Peut-\u00eatre que je pourrais apporter sous une autre forme, comme un citoyen anonyme. Sous la forme associative je pense, en \u00e9tant pr\u00e9sent dans des conseils d\u2019administration. Il y a la question des solidarit\u00e9s, comment am\u00e9liorer les conditions de vie des seniors, le handicap. J\u2019ai aussi envie d\u2019essayer de me mettre \u00e0 la musique, continuer le sport de combat, renouer les liens avec tous les gens que l\u2019on n\u2019a pas eu le temps de voir, prendre soin de ma m\u00e8re et de ma fille\u2026 \u00catre dans l\u2019anonymat, mais continuer \u00e0 \u00eatre utile pour les autres.<\/p>\n<p class=\" wall-content\">Suivez toute l\u2019actualit\u00e9 de vos villes et m\u00e9dias favoris en vous inscrivant \u00e0 <a href=\"https:\/\/moncompte.actu.fr\" title=\"D\u00e9couvez Mon Actu\" rel=\"nofollow noopener\" data-trk=\"{&quot;cta&quot;:{&quot;action&quot;:&quot;https:\\\/\\\/moncompte.actu.fr&quot;,&quot;category&quot;:&quot;mon compte&quot;,&quot;from&quot;:&quot;article footer&quot;,&quot;name&quot;:&quot;Mon actu&quot;,&quot;type&quot;:&quot;cta&quot;}}\" target=\"_blank\">Mon Actu<\/a>.<\/p>\n","protected":false},"excerpt":{"rendered":"Par Aur\u00e9lien Delavaud Publi\u00e9 le 21 avr. 2025 \u00e0 21h11 Ne pas faire le mandat de trop. Prendre&hellip;\n","protected":false},"author":2,"featured_media":42306,"comment_status":"","ping_status":"","sticky":false,"template":"","format":"standard","meta":{"footnotes":""},"categories":[9587],"tags":[1111,11,1777,674,1011,27,3434,12,5161,25,9590,104],"class_list":{"0":"post-42305","1":"post","2":"type-post","3":"status-publish","4":"format-standard","5":"has-post-thumbnail","7":"category-rouen","8":"tag-actu","9":"tag-actualites","10":"tag-eu","11":"tag-europe","12":"tag-fr","13":"tag-france","14":"tag-municipales-2026","15":"tag-news","16":"tag-normandie","17":"tag-republique-francaise","18":"tag-rouen","19":"tag-societe"},"share_on_mastodon":{"url":"https:\/\/pubeurope.com\/@fr\/114377801334747881","error":""},"_links":{"self":[{"href":"https:\/\/www.europesays.com\/fr\/wp-json\/wp\/v2\/posts\/42305","targetHints":{"allow":["GET"]}}],"collection":[{"href":"https:\/\/www.europesays.com\/fr\/wp-json\/wp\/v2\/posts"}],"about":[{"href":"https:\/\/www.europesays.com\/fr\/wp-json\/wp\/v2\/types\/post"}],"author":[{"embeddable":true,"href":"https:\/\/www.europesays.com\/fr\/wp-json\/wp\/v2\/users\/2"}],"replies":[{"embeddable":true,"href":"https:\/\/www.europesays.com\/fr\/wp-json\/wp\/v2\/comments?post=42305"}],"version-history":[{"count":0,"href":"https:\/\/www.europesays.com\/fr\/wp-json\/wp\/v2\/posts\/42305\/revisions"}],"wp:featuredmedia":[{"embeddable":true,"href":"https:\/\/www.europesays.com\/fr\/wp-json\/wp\/v2\/media\/42306"}],"wp:attachment":[{"href":"https:\/\/www.europesays.com\/fr\/wp-json\/wp\/v2\/media?parent=42305"}],"wp:term":[{"taxonomy":"category","embeddable":true,"href":"https:\/\/www.europesays.com\/fr\/wp-json\/wp\/v2\/categories?post=42305"},{"taxonomy":"post_tag","embeddable":true,"href":"https:\/\/www.europesays.com\/fr\/wp-json\/wp\/v2\/tags?post=42305"}],"curies":[{"name":"wp","href":"https:\/\/api.w.org\/{rel}","templated":true}]}}