{"id":423057,"date":"2025-09-28T05:39:11","date_gmt":"2025-09-28T05:39:11","guid":{"rendered":"https:\/\/www.europesays.com\/fr\/423057\/"},"modified":"2025-09-28T05:39:11","modified_gmt":"2025-09-28T05:39:11","slug":"saint-chamond-gloire-et-deboires-de-la-colline-saint-ennemond-le-berceau-de-la-ville","status":"publish","type":"post","link":"https:\/\/www.europesays.com\/fr\/423057\/","title":{"rendered":"Saint-Chamond. Gloire et d\u00e9boires de la colline Saint-Ennemond, le berceau de la ville"},"content":{"rendered":"<p>Un balcon sur la ville. C\u2019est certainement la position dominante de la colline Saint-Ennemond qui y a attir\u00e9 ses premiers habitants. Cette terre s\u00e9gusiave aurait \u00e9t\u00e9 occup\u00e9e d\u00e8s l\u2019Antiquit\u00e9, au Ier\u00a0si\u00e8cle, par les Romains pour surveiller l\u2019aqueduc romain du Gier avec l\u2019implantation notamment d\u2019une tour.<\/p>\n<p>Venant puiser ici les eaux pures tout droit venues du Pilat pour alimenter la ville de Lugdunum (Lyon), l\u2019impressionnant \u00e9difice hydraulique <a href=\"https:\/\/www.leprogres.fr\/loire-42-edition-gier\/2018\/03\/20\/sous-les-maisons-l-aqueduc\" target=\"_blank\" rel=\"nofollow noopener\">passait d\u2019ailleurs \u00e0 travers la colline<\/a> , en sous-terrain.<\/p>\n<p>Il est fort probable aussi que certains des ouvriers ayant particip\u00e9 \u00e0 la construction de <a href=\"https:\/\/www.leprogres.fr\/culture-loisirs\/2025\/08\/17\/l-aqueduc-romain-du-gier-balise-sur-son-trace-et-bientot-restaure-a-langonand\" target=\"_blank\" rel=\"nofollow noopener\">cet aqueduc<\/a> se sont \u00e9tablis l\u00e0 et ont particip\u00e9 au peuplement de ce village qui aurait dans un premier temps pris le nom de Doulx.<\/p>\n<p>Saint-Ennemond\u00a0: une chapelle, une colline, une ville<\/p>\n<p>C\u2019est ici que, quelques si\u00e8cles plus tard, au VIIe\u00a0si\u00e8cle, une chapelle va \u00eatre \u00e9difi\u00e9e, selon les r\u00e9cits \u00e0 la demande de saint Ennemond. Ce fils du pr\u00e9fet de Lugdunum, devenu \u00e9v\u00eaque du dioc\u00e8se de Lyon vers 650, serait venu&#8230;<\/p>\n","protected":false},"excerpt":{"rendered":"Un balcon sur la ville. C\u2019est certainement la position dominante de la colline Saint-Ennemond qui y a attir\u00e9&hellip;\n","protected":false},"author":2,"featured_media":423058,"comment_status":"","ping_status":"","sticky":false,"template":"","format":"standard","meta":{"footnotes":""},"categories":[9653],"tags":[1111,11,2430,1687,7539,1777,674,1011,27,937,12,25,9669,9670,4001,104],"class_list":{"0":"post-423057","1":"post","2":"type-post","3":"status-publish","4":"format-standard","5":"has-post-thumbnail","7":"category-saint-etienne","8":"tag-actu","9":"tag-actualites","10":"tag-auvergne-rhone-alpes","11":"tag-culture-loisirs","12":"tag-edition-loire-sud","13":"tag-eu","14":"tag-europe","15":"tag-fr","16":"tag-france","17":"tag-histoire","18":"tag-news","19":"tag-republique-francaise","20":"tag-saint-chamond","21":"tag-saint-chamond-ville","22":"tag-saint-etienne","23":"tag-societe"},"share_on_mastodon":{"url":"https:\/\/pubeurope.com\/@fr\/115280318420583573","error":""},"_links":{"self":[{"href":"https:\/\/www.europesays.com\/fr\/wp-json\/wp\/v2\/posts\/423057","targetHints":{"allow":["GET"]}}],"collection":[{"href":"https:\/\/www.europesays.com\/fr\/wp-json\/wp\/v2\/posts"}],"about":[{"href":"https:\/\/www.europesays.com\/fr\/wp-json\/wp\/v2\/types\/post"}],"author":[{"embeddable":true,"href":"https:\/\/www.europesays.com\/fr\/wp-json\/wp\/v2\/users\/2"}],"replies":[{"embeddable":true,"href":"https:\/\/www.europesays.com\/fr\/wp-json\/wp\/v2\/comments?post=423057"}],"version-history":[{"count":0,"href":"https:\/\/www.europesays.com\/fr\/wp-json\/wp\/v2\/posts\/423057\/revisions"}],"wp:featuredmedia":[{"embeddable":true,"href":"https:\/\/www.europesays.com\/fr\/wp-json\/wp\/v2\/media\/423058"}],"wp:attachment":[{"href":"https:\/\/www.europesays.com\/fr\/wp-json\/wp\/v2\/media?parent=423057"}],"wp:term":[{"taxonomy":"category","embeddable":true,"href":"https:\/\/www.europesays.com\/fr\/wp-json\/wp\/v2\/categories?post=423057"},{"taxonomy":"post_tag","embeddable":true,"href":"https:\/\/www.europesays.com\/fr\/wp-json\/wp\/v2\/tags?post=423057"}],"curies":[{"name":"wp","href":"https:\/\/api.w.org\/{rel}","templated":true}]}}