{"id":423059,"date":"2025-09-28T05:41:20","date_gmt":"2025-09-28T05:41:20","guid":{"rendered":"https:\/\/www.europesays.com\/fr\/423059\/"},"modified":"2025-09-28T05:41:20","modified_gmt":"2025-09-28T05:41:20","slug":"premiere-defaite-pour-saint-etienne-contre-guingamp-ligue-2-j8-saint-etienne-guingamp-2-3","status":"publish","type":"post","link":"https:\/\/www.europesays.com\/fr\/423059\/","title":{"rendered":"Premi\u00e8re d\u00e9faite pour Saint-\u00c9tienne contre Guingamp &#8211; Ligue 2 &#8211; J8 &#8211; Saint-\u00c9tienne-Guingamp (2-3)"},"content":{"rendered":"<p>\t\t\t\u00a0<img decoding=\"async\" loading=\"lazy\" class=\"blason blason-grand\" src=\"https:\/\/www.europesays.com\/fr\/wp-content\/uploads\/2025\/05\/1746321787_489_grande.jpg\"\/> Saint-\u00c9tienne 2-3 Guingamp <img decoding=\"async\" loading=\"lazy\" class=\"blason blason-grand\" src=\"https:\/\/www.europesays.com\/fr\/wp-content\/uploads\/2025\/08\/1756095599_474_grande.jpg\"\/><\/p>\n<p>Buts : Louiserre CSC (44e) et Nad\u00e9 (90e+2) pour Saint-\u00c9tienne \/\/ Hemia (29e), Nlandu (67e) et Ahile (81e) pour Guingamp<\/p>\n<p>Des Verts cette fois vaincus !<\/p>\n<p>Seule \u00e9quipe n\u2019ayant pas connu la d\u00e9faite en Ligue 2 jusque-l\u00e0, Saint-\u00c9tienne a conc\u00e9d\u00e9 son premiers revers lors de la huiti\u00e8me journ\u00e9e de deuxi\u00e8me division fran\u00e7aise : malmen\u00e9s par Guingamp \u00e0 domicile, les locaux n\u2019ont pas su r\u00e9sister aux visiteurs sur la dur\u00e9e. Apr\u00e8s <a target=\"_blank\" href=\"https:\/\/twitter.com\/beinsports_FR\/status\/1972006243226005885\" rel=\"noopener nofollow\">l\u2019ouverture du score sign\u00e9e Amine Hemia sur un coup de billard \u00e0 la demi-heure de jeu<\/a>, les locaux ont pourtant r\u00e9agi en \u00e9galisant via un but marqu\u00e9 juste avant la pause par Dylan Louiserre contre son propre camp \u00e0 la suite d\u2019un corner intelligemment ex\u00e9cut\u00e9 par le duo Maxime Bernauer-Augustine Boakye. L\u2019ASSE a cependant craqu\u00e9 une nouvelle fois dans le second acte, Darly Nlandu donnant l\u2019avantage aux Bretons sur un centre de Fabien Ourega repouss\u00e9 par Gautier Larsonneur.<\/p>\n<p>Ahile auteur du break, Bernauer expuls\u00e9<\/p>\n<p>C\u2019est assez logique, finalement, l\u2019EAG s\u2019\u00e9tant montr\u00e9 plus entreprenant que son adversaire avec de multiples occasions comme celles d\u2019Akim Abdallah ou de J\u00e9r\u00e9my Hatchi. L\u2019En Avant a m\u00eame enfonc\u00e9 le clou sur la fin, gr\u00e2ce \u00e0 Tanguy Ahile. En face, m\u00eame si Mickael Nad\u00e9 a trouv\u00e9 la faille dans le temps additionnel, Saint\u00e9 a termin\u00e9 en inf\u00e9riorit\u00e9 num\u00e9rique en raison de l\u2019expulsion de Bernauer (qui a mis Ahile au sol \u00e0 cause de sa c\u00e9l\u00e9bration, visiblement jug\u00e9e provocatrice) et aurait pu faire mieux : Lucas Stassin a par exemple eu quelques opportunit\u00e9s, au m\u00eame titre que Mahmoud Jaber. <a target=\"_blank\" href=\"https:\/\/www.sofoot.com\/breves\/en-ligue-2-troyes-passe-provisoirement-leader-dans-une-soiree-a-peu-de-buts-clermont-se-fait-reprendre-par-le-mans-bastia-toujours-muet\" rel=\"nofollow noopener\">Vainqueur d\u2019Annecy la veille, Troyes<\/a> conserve ainsi deux points d\u2019avance en t\u00eate du classement sur les perdants de la soir\u00e9e.<\/p>\n<p><a target=\"_blank\" href=\"https:\/\/www.sofoot.com\/breves\/ligue-1-sainte-simpose-face-a-reims-apres-un-match-a-rebondissements\" rel=\"nofollow noopener\">Encore une pluie de buts<\/a>\u2026<\/p>\n<p>\t\t\t\t\t\t\t\t\t\t<a class=\"lien-connexe\" href=\"https:\/\/www.sofoot.com\/breves\/en-ligue-2-troyes-passe-provisoirement-leader-dans-une-soiree-a-peu-de-buts-clermont-se-fait-reprendre-par-le-mans-bastia-toujours-muet\" rel=\"nofollow noopener\" target=\"_blank\">Troyes passe provisoirement leader dans une soir\u00e9e \u00e0 peu de buts, Bastia toujours muet<\/a>\t\t\t\t\t<script async src=\"https:\/\/platform.twitter.com\/widgets.js\" charset=\"utf-8\"><\/script><\/p>\n","protected":false},"excerpt":{"rendered":"\u00a0 Saint-\u00c9tienne 2-3 Guingamp Buts : Louiserre CSC (44e) et Nad\u00e9 (90e+2) pour Saint-\u00c9tienne \/\/ Hemia (29e), Nlandu&hellip;\n","protected":false},"author":2,"featured_media":423060,"comment_status":"","ping_status":"","sticky":false,"template":"","format":"standard","meta":{"footnotes":""},"categories":[9653],"tags":[1111,47,11,61,2430,69,65,64,1777,674,63,1011,27,68,66,12,62,70,25,4001,67],"class_list":{"0":"post-423059","1":"post","2":"type-post","3":"status-publish","4":"format-standard","5":"has-post-thumbnail","7":"category-saint-etienne","8":"tag-actu","9":"tag-actualite","10":"tag-actualites","11":"tag-actus-football","12":"tag-auvergne-rhone-alpes","13":"tag-bundesliga","14":"tag-championnats-europeens","15":"tag-equipe-de-france","16":"tag-eu","17":"tag-europe","18":"tag-football","19":"tag-fr","20":"tag-france","21":"tag-ligua","22":"tag-ligue-1","23":"tag-news","24":"tag-news-foot","25":"tag-premier-league","26":"tag-republique-francaise","27":"tag-saint-etienne","28":"tag-serie-a"},"share_on_mastodon":{"url":"https:\/\/pubeurope.com\/@fr\/115280326802864673","error":""},"_links":{"self":[{"href":"https:\/\/www.europesays.com\/fr\/wp-json\/wp\/v2\/posts\/423059","targetHints":{"allow":["GET"]}}],"collection":[{"href":"https:\/\/www.europesays.com\/fr\/wp-json\/wp\/v2\/posts"}],"about":[{"href":"https:\/\/www.europesays.com\/fr\/wp-json\/wp\/v2\/types\/post"}],"author":[{"embeddable":true,"href":"https:\/\/www.europesays.com\/fr\/wp-json\/wp\/v2\/users\/2"}],"replies":[{"embeddable":true,"href":"https:\/\/www.europesays.com\/fr\/wp-json\/wp\/v2\/comments?post=423059"}],"version-history":[{"count":0,"href":"https:\/\/www.europesays.com\/fr\/wp-json\/wp\/v2\/posts\/423059\/revisions"}],"wp:featuredmedia":[{"embeddable":true,"href":"https:\/\/www.europesays.com\/fr\/wp-json\/wp\/v2\/media\/423060"}],"wp:attachment":[{"href":"https:\/\/www.europesays.com\/fr\/wp-json\/wp\/v2\/media?parent=423059"}],"wp:term":[{"taxonomy":"category","embeddable":true,"href":"https:\/\/www.europesays.com\/fr\/wp-json\/wp\/v2\/categories?post=423059"},{"taxonomy":"post_tag","embeddable":true,"href":"https:\/\/www.europesays.com\/fr\/wp-json\/wp\/v2\/tags?post=423059"}],"curies":[{"name":"wp","href":"https:\/\/api.w.org\/{rel}","templated":true}]}}